{"id":91348,"date":"2026-04-30T16:56:44","date_gmt":"2026-04-30T21:56:44","guid":{"rendered":"https:\/\/esreviral.com\/?p=91348"},"modified":"2026-04-30T16:58:59","modified_gmt":"2026-04-30T21:58:59","slug":"sentia-como-si-me-clavaran-un-cuchillo-la-confesion-de-oriana-sabatini-sobre-su-embarazo","status":"publish","type":"post","link":"https:\/\/esreviral.com\/?p=91348","title":{"rendered":"\u201cSent\u00eda como si me clavaran un cuchillo\u201d: la confesi\u00f3n de Oriana Sabatini sobre su embarazo"},"content":{"rendered":"\n<p>Oriana Sabatini relat\u00f3 c\u00f3mo vivi\u00f3 el embarazo de Gia, su primera hija junto a Paulo Dybala, y comparti\u00f3 un aspecto poco conocido de esa etapa.<\/p>\n\n\n\n<p class=\"has-text-align-center\"><strong><a href=\"https:\/\/chat.whatsapp.com\/KWkTmakY3I05kNdd2oZl6d\"><em>\u00daNETE A NUESTRO GRUPO DE WHATSAPP PARA ESTAR INFORMADO<\/em><\/a><\/strong><\/p>\n\n\n\n<figure class=\"wp-block-image size-large\"><img decoding=\"async\" src=\"https:\/\/tn.com.ar\/resizer\/v2\/oriana-sabatini-eligio-a-su-hermana-tiziana-como-madrina-de-gia-foto-instagramorianasabatini-GAY4PGQTLBACLG3677OJGOOPJE.jpg?auth=93d8f984f1ed538e4e7a586480d562dcca80004f47e667c543cd268bd0ef5ea5&amp;width=1440\" alt=\"\"\/><figcaption class=\"wp-element-caption\">Oriana Sabatini eligi\u00f3 a su hermana Tiziana como madrina de Gia. (Foto: Instagram\/orianasabatini)<\/figcaption><\/figure>\n\n\n\n<p><\/p>\n\n\n\n<p>Durante su participaci\u00f3n en el programa <em>Ser\u00eda incre\u00edble<\/em> (Olga), la cantante y actriz explic\u00f3 que sufri\u00f3 fuertes dolores. \u201cTuve mucho dolor\u201d, afirm\u00f3, al detallar que desde el quinto mes padeci\u00f3 pubalgia. \u201cEs doloros\u00edsima\u201d, se\u00f1al\u00f3, y la compar\u00f3 con una sensaci\u00f3n extrema: \u201cNunca me clavaron un cuchillo, pero siento que debe ser algo as\u00ed\u201d.<\/p>\n\n\n\n<p>Tambi\u00e9n describi\u00f3 momentos en los que el malestar le imped\u00eda incluso caminar y defini\u00f3 el dolor como una molestia intensa en la zona del pubis, con una sensaci\u00f3n persistente de \u201calgo clavado\u201d.<\/p>\n\n\n\n<p>\u201cMi mayor deseo era dejar de sentir dolor\u201d, expres\u00f3 al cerrar el tema.<\/p>\n\n\n\n<p>A casi dos meses del nacimiento, Oriana disfruta de la maternidad y suele compartir momentos en redes sociales, aunque todav\u00eda decidi\u00f3 no mostrar el rostro de su hija. En di\u00e1logo con <em>Puro Show<\/em> (eltrece), explic\u00f3 que la decisi\u00f3n responde a la necesidad de proteger a la beb\u00e9 por ser muy peque\u00f1a y evitar la exposici\u00f3n p\u00fablica.<\/p>\n\n\n\n<figure class=\"wp-block-image size-large\"><img decoding=\"async\" src=\"https:\/\/tn.com.ar\/resizer\/v2\/oriana-sabatini-junto-a-gia-foto-instagramorianasabatini-ZH66OSBW5JAVNMW4F35MUANWIU.jpeg?auth=e21adf15d13bbf9c20c786028ae879a3b89304021a7454010da9b3e4ae595b41&amp;width=1440\" alt=\"\"\/><figcaption class=\"wp-element-caption\">Oriana Sabatini junto a Gia.<\/figcaption><\/figure>\n\n\n\n<p><\/p>\n\n\n\n<p><strong><em>\u201cEs un ser humano muy chiquitito y me da impresi\u00f3n que la gente lo vea<\/em><\/strong>\u201d, sostuvo, y agreg\u00f3 que no se siente c\u00f3moda con la exposici\u00f3n de la ni\u00f1a, ni siquiera hacia personas fuera de su c\u00edrculo cercano.<\/p>\n\n\n\n<p>Pese al cansancio propio de esta nueva etapa, asegur\u00f3 que vive la maternidad \u201cmuy bien\u201d, aunque la describi\u00f3 como una \u201crevoluci\u00f3n\u201d en todos los aspectos.<\/p>\n\n\n\n<p class=\"has-text-align-center\"><em><strong><em><strong><em><strong><em><strong><a href=\"https:\/\/t.me\/esreviral\">\u00daNETE A NUESTRO CANAL DE TELEGRAM PARA ESTAR INFORMADO<\/a><\/strong><\/em><\/strong><\/em><\/strong><\/em><\/strong><\/em><\/p>\n\n\n\n<p>Adem\u00e1s, recientemente se conoci\u00f3 que eligi\u00f3 a su hermana, Tiziana Sabatini, como madrina de Gia. La propuesta fue realizada con un gesto emotivo: un body con la frase \u201cT\u00eda Titi, \u00bfquer\u00e9s ser mi madrina?\u201d, acompa\u00f1ado de un peluche, lo que gener\u00f3 gran repercusi\u00f3n en redes sociales.<\/p>\n\n\n\n<p class=\"has-text-align-right\"><strong><em>Con Informaci\u00f3n de TN.-<\/em><\/strong><\/p>\n","protected":false},"excerpt":{"rendered":"<p>Gia, fruto de la relaci\u00f3n con Paulo Dybala, naci\u00f3 a comienzos de marzo.<\/p>\n","protected":false},"author":3,"featured_media":91349,"comment_status":"closed","ping_status":"closed","sticky":false,"template":"","format":"standard","meta":{"jnews-multi-image_gallery":[],"jnews_single_post":{"format":"standard"},"jnews_primary_category":[],"jnews_social_meta":[],"jnews_review":[],"enable_review":"","type":"","name":"","summary":"","brand":"","sku":"","good":[],"bad":[],"score_override":"","override_value":"","rating":[],"price":[],"jnews_override_counter":[],"jnews_post_split":[],"footnotes":""},"categories":[50],"tags":[31283,617,506,1252],"class_list":["post-91348","post","type-post","status-publish","format-standard","has-post-thumbnail","hentry","category-entretenimiento","tag-dolores","tag-embarazo","tag-oriana-sabatini","tag-paulo-dybala"],"amp_enabled":true,"_links":{"self":[{"href":"https:\/\/esreviral.com\/index.php?rest_route=\/wp\/v2\/posts\/91348"}],"collection":[{"href":"https:\/\/esreviral.com\/index.php?rest_route=\/wp\/v2\/posts"}],"about":[{"href":"https:\/\/esreviral.com\/index.php?rest_route=\/wp\/v2\/types\/post"}],"author":[{"embeddable":true,"href":"https:\/\/esreviral.com\/index.php?rest_route=\/wp\/v2\/users\/3"}],"replies":[{"embeddable":true,"href":"https:\/\/esreviral.com\/index.php?rest_route=%2Fwp%2Fv2%2Fcomments&post=91348"}],"version-history":[{"count":1,"href":"https:\/\/esreviral.com\/index.php?rest_route=\/wp\/v2\/posts\/91348\/revisions"}],"predecessor-version":[{"id":91350,"href":"https:\/\/esreviral.com\/index.php?rest_route=\/wp\/v2\/posts\/91348\/revisions\/91350"}],"wp:featuredmedia":[{"embeddable":true,"href":"https:\/\/esreviral.com\/index.php?rest_route=\/wp\/v2\/media\/91349"}],"wp:attachment":[{"href":"https:\/\/esreviral.com\/index.php?rest_route=%2Fwp%2Fv2%2Fmedia&parent=91348"}],"wp:term":[{"taxonomy":"category","embeddable":true,"href":"https:\/\/esreviral.com\/index.php?rest_route=%2Fwp%2Fv2%2Fcategories&post=91348"},{"taxonomy":"post_tag","embeddable":true,"href":"https:\/\/esreviral.com\/index.php?rest_route=%2Fwp%2Fv2%2Ftags&post=91348"}],"curies":[{"name":"wp","href":"https:\/\/api.w.org\/{rel}","templated":true}]}}