{"id":91343,"date":"2026-04-30T15:51:39","date_gmt":"2026-04-30T20:51:39","guid":{"rendered":"https:\/\/esreviral.com\/?p=91343"},"modified":"2026-04-30T15:51:40","modified_gmt":"2026-04-30T20:51:40","slug":"feriado-por-el-dia-del-trabajador-como-funcionara-el-transporte-publico","status":"publish","type":"post","link":"https:\/\/esreviral.com\/?p=91343","title":{"rendered":"Feriado por el D\u00eda del Trabajador: c\u00f3mo funcionar\u00e1 el transporte p\u00fablico"},"content":{"rendered":"\n<p>El <strong>D\u00eda del Trabajador<\/strong> se conmemora este viernes 1 de mayo en todo el territorio nacional y, como es habitual, se presentar\u00e1n modificaciones en las prestaciones de servicios. El transporte de pasajeros operar\u00e1 con un <strong>esquema reducido<\/strong>, lo cual podr\u00eda ocasionar retrasos para quienes requieran desplazarse durante la jornada.<\/p>\n\n\n\n<p class=\"has-text-align-center\"><strong><a href=\"https:\/\/chat.whatsapp.com\/KWkTmakY3I05kNdd2oZl6d\"><em>\u00daNETE A NUESTRO GRUPO DE WHATSAPP PARA ESTAR INFORMADO<\/em><\/a><\/strong><\/p>\n\n\n\n<p>Aunque gran parte de la poblaci\u00f3n utiliza el d\u00eda festivo para el descanso, otros sectores deber\u00e1n trasladarse habitualmente. Por este motivo, tanto los <strong>autobuses<\/strong> como los <strong>trenes<\/strong> y el <strong>transporte subterr\u00e1neo<\/strong> funcionar\u00e1n con una frecuencia menor. Se aconseja programar los traslados con tiempo y revisar los itinerarios vigentes.<\/p>\n\n\n\n<blockquote class=\"wp-block-quote is-layout-flow wp-block-quote-is-layout-flow\">\n<p><strong>Contenido relacionado:<\/strong> Una empleada de una tienda de embutidos se enamor\u00f3 de su superior: \u201cEs mejor que los locales\u201d.<\/p>\n<\/blockquote>\n\n\n\n<h3 class=\"wp-block-heading\"><strong><mark style=\"background-color:rgba(0, 0, 0, 0)\" class=\"has-inline-color has-vivid-red-color\">Operaci\u00f3n de los autobuses<\/mark><\/strong><\/h3>\n\n\n\n<p>Durante la festividad, los autobuses transitar\u00e1n con una log\u00edstica equivalente a la de los domingos. Esto conlleva una menor cantidad de veh\u00edculos en circulaci\u00f3n y lapsos de espera m\u00e1s prolongados en la mayor\u00eda de las rutas.<\/p>\n\n\n\n<ul class=\"wp-block-list\">\n<li><strong>Frecuencia disminuida<\/strong> en pr\u00e1cticamente todos los trayectos.<\/li>\n\n\n\n<li>Horarios de salida y llegada id\u00e9nticos a los de un d\u00eda de descanso.<\/li>\n\n\n\n<li>Probabilidad de <strong>retrasos<\/strong> en los momentos de mayor afluencia.<\/li>\n<\/ul>\n\n\n\n<h3 class=\"wp-block-heading\"><strong><mark style=\"background-color:rgba(0, 0, 0, 0)\" class=\"has-inline-color has-vivid-red-color\">Operaci\u00f3n del transporte subterr\u00e1neo<\/mark><\/strong><\/h3>\n\n\n\n<p>La red de transporte ferroviario urbano de la capital contar\u00e1 con horarios especiales en la totalidad de sus rutas. Por lo general, el servicio iniciar\u00e1 a las 8:00 y concluir\u00e1 aproximadamente a las 22:00, con las siguientes precisiones:<\/p>\n\n\n\n<ul class=\"wp-block-list\">\n<li><strong>L\u00ednea A:<\/strong> de 8:00 a 22:36 (la estaci\u00f3n Piedras permanece inactiva por remodelaciones).<\/li>\n\n\n\n<li><strong>L\u00ednea B:<\/strong> de 8:00 a 1:30 (conserva el horario ampliado por tratarse de un viernes).<\/li>\n\n\n\n<li><strong>L\u00ednea C:<\/strong> de 8:00 a 22:34.<\/li>\n\n\n\n<li><strong>L\u00ednea D:<\/strong> de 8:00 a 22:34 (la estaci\u00f3n Tribunales se encuentra inhabilitada).<\/li>\n\n\n\n<li><strong>L\u00ednea E:<\/strong> de 8:00 a 22:28.<\/li>\n\n\n\n<li><strong>L\u00ednea H:<\/strong> de 8:00 a 22:51.<\/li>\n\n\n\n<li><strong>Premetro:<\/strong> de 8:00 a 21:32, dependiendo de la ramificaci\u00f3n.<\/li>\n<\/ul>\n\n\n\n<h3 class=\"wp-block-heading\"><strong><mark style=\"background-color:rgba(0, 0, 0, 0)\" class=\"has-inline-color has-vivid-red-color\">Operaci\u00f3n de los trenes<\/mark><\/strong><\/h3>\n\n\n\n<p>Los servicios de la empresa ferroviaria nacional trabajar\u00e1n con el programa de domingos o feriados, lo que se traduce en una menor regularidad. Asimismo, diversas rutas sufren cambios debido a labores de mantenimiento:<\/p>\n\n\n\n<p class=\"has-text-align-center\"><em><strong><em><strong><em><strong><em><strong><a href=\"https:\/\/t.me\/esreviral\">\u00daNETE A NUESTRO CANAL DE TELEGRAM PARA ESTAR INFORMADO<\/a><\/strong><\/em><\/strong><\/em><\/strong><\/em><\/strong><\/em><\/p>\n\n\n\n<ul class=\"wp-block-list\">\n<li><strong>L\u00ednea Roca:<\/strong> diversas estaciones clausuradas y servicios restringidos en varios tramos.<\/li>\n\n\n\n<li><strong>L\u00ednea Mitre:<\/strong> el ramal entre Tigre y Delta se encuentra pausado por obras.<\/li>\n\n\n\n<li><strong>L\u00ednea Belgrano Sur:<\/strong> trayectos acortados y servicios cancelados.<\/li>\n\n\n\n<li><strong>L\u00ednea Sarmiento:<\/strong> recorridos limitados a causa de la renovaci\u00f3n de las v\u00edas.<\/li>\n\n\n\n<li><strong>Tren de la Costa:<\/strong> el servicio estar\u00e1 suspendido hasta el pr\u00f3ximo 3 de mayo.<\/li>\n<\/ul>\n\n\n\n<p><\/p>\n\n\n\n<p>En todas las situaciones mencionadas, se sugiere verificar la aplicaci\u00f3n oficial antes de partir para prevenir cualquier contratiempo.<\/p>\n\n\n\n<p class=\"has-text-align-right\"><strong><em>Con Informaci\u00f3n de TN.-<\/em><\/strong><\/p>\n","protected":false},"excerpt":{"rendered":"<p>Habr\u00e1 menos frecuencias en colectivos, trenes y subtes durante la jornada, por lo que recomiendan revisar los horarios antes de salir para evitar demoras y complicaciones en los traslados.<\/p>\n","protected":false},"author":3,"featured_media":77381,"comment_status":"closed","ping_status":"closed","sticky":false,"template":"","format":"standard","meta":{"jnews-multi-image_gallery":[],"jnews_single_post":{"format":"standard"},"jnews_primary_category":[],"jnews_social_meta":[],"jnews_review":[],"enable_review":"","type":"","name":"","summary":"","brand":"","sku":"","good":[],"bad":[],"score_override":"","override_value":"","rating":[],"price":[],"jnews_override_counter":[],"jnews_post_split":[],"footnotes":""},"categories":[58],"tags":[44,9262,45,274],"class_list":["post-91343","post","type-post","status-publish","format-standard","has-post-thumbnail","hentry","category-argentina","tag-argentina","tag-dia-del-trabajador-2","tag-noticias","tag-transporte-publico"],"amp_enabled":true,"_links":{"self":[{"href":"https:\/\/esreviral.com\/index.php?rest_route=\/wp\/v2\/posts\/91343"}],"collection":[{"href":"https:\/\/esreviral.com\/index.php?rest_route=\/wp\/v2\/posts"}],"about":[{"href":"https:\/\/esreviral.com\/index.php?rest_route=\/wp\/v2\/types\/post"}],"author":[{"embeddable":true,"href":"https:\/\/esreviral.com\/index.php?rest_route=\/wp\/v2\/users\/3"}],"replies":[{"embeddable":true,"href":"https:\/\/esreviral.com\/index.php?rest_route=%2Fwp%2Fv2%2Fcomments&post=91343"}],"version-history":[{"count":1,"href":"https:\/\/esreviral.com\/index.php?rest_route=\/wp\/v2\/posts\/91343\/revisions"}],"predecessor-version":[{"id":91344,"href":"https:\/\/esreviral.com\/index.php?rest_route=\/wp\/v2\/posts\/91343\/revisions\/91344"}],"wp:featuredmedia":[{"embeddable":true,"href":"https:\/\/esreviral.com\/index.php?rest_route=\/wp\/v2\/media\/77381"}],"wp:attachment":[{"href":"https:\/\/esreviral.com\/index.php?rest_route=%2Fwp%2Fv2%2Fmedia&parent=91343"}],"wp:term":[{"taxonomy":"category","embeddable":true,"href":"https:\/\/esreviral.com\/index.php?rest_route=%2Fwp%2Fv2%2Fcategories&post=91343"},{"taxonomy":"post_tag","embeddable":true,"href":"https:\/\/esreviral.com\/index.php?rest_route=%2Fwp%2Fv2%2Ftags&post=91343"}],"curies":[{"name":"wp","href":"https:\/\/api.w.org\/{rel}","templated":true}]}}