{"id":91340,"date":"2026-04-30T15:43:28","date_gmt":"2026-04-30T20:43:28","guid":{"rendered":"https:\/\/esreviral.com\/?p=91340"},"modified":"2026-04-30T15:54:29","modified_gmt":"2026-04-30T20:54:29","slug":"abren-los-supermercados-durante-el-feriado-del-viernes-1-de-mayo","status":"publish","type":"post","link":"https:\/\/esreviral.com\/?p=91340","title":{"rendered":"\u00bfAbren los supermercados durante el feriado del viernes 1\u00b0 de mayo?"},"content":{"rendered":"\n<p>Este <strong>viernes 1 de mayo<\/strong>, con motivo del <strong>D\u00eda del Trabajo<\/strong>, la mayor\u00eda de las actividades comerciales en el pa\u00eds sufrir\u00e1n una interrupci\u00f3n. Tal como ocurre anualmente, las firmas m\u00e1s importantes de supermercados han ratificado que no brindar\u00e1n atenci\u00f3n a los clientes durante este d\u00eda.<\/p>\n\n\n\n<p>Esta fecha representa uno de los momentos m\u00e1s significativos del cronograma laboral, y el sector de ventas de v\u00edveres acostumbra sumarse con el cese total de actividades. Una situaci\u00f3n equivalente se presenta en el D\u00eda del Empleado de Comercio, jornada en la que los grandes establecimientos tambi\u00e9n detienen sus labores. Ante este panorama, diversas compa\u00f1\u00edas han detallado su esquema de funcionamiento para el d\u00eda festivo.<\/p>\n\n\n\n<p class=\"has-text-align-center\"><strong><a href=\"https:\/\/chat.whatsapp.com\/KWkTmakY3I05kNdd2oZl6d\"><em>\u00daNETE A NUESTRO GRUPO DE WHATSAPP PARA ESTAR INFORMADO<\/em><\/a><\/strong><\/p>\n\n\n\n<p class=\"has-text-align-center\"><strong><em><mark style=\"background-color:rgba(0, 0, 0, 0)\" class=\"has-inline-color has-vivid-red-color\"><a href=\"http:\/\/esreviral.com\/?p=91343\" data-type=\"link\" data-id=\"esreviral.com\/?p=91343\">Lea Tambi\u00e9n: Feriado por el D\u00eda del Trabajador: c\u00f3mo funcionar\u00e1 el transporte p\u00fablico<\/a><\/mark><\/em><\/strong><\/p>\n\n\n\n<figure class=\"wp-block-image size-large\"><img decoding=\"async\" src=\"https:\/\/tn.com.ar\/resizer\/v2\/carrefour-no-abrira-este-viernes-1-de-mayo-foto-carrefour-NYNVFTJENZEUFHZM4OHBSOVV2M.PNG?auth=6fa59d842c2aec1a84ad1be3e86632e7b93748aa0a93a36fced00241b6d6a32b&amp;width=1440\" alt=\"\"\/><\/figure>\n\n\n\n<h3 class=\"wp-block-heading\"><strong><mark style=\"background-color:rgba(0, 0, 0, 0)\" class=\"has-inline-color has-vivid-red-color\">Establecimientos que no brindar\u00e1n servicio el 1 de mayo<\/mark><\/strong><\/h3>\n\n\n\n<p>Mediante sus plataformas de comunicaci\u00f3n, diversas cadenas detallaron que sus puntos de venta f\u00edsicos no estar\u00e1n operativos durante el viernes:<\/p>\n\n\n\n<ul class=\"wp-block-list\">\n<li><strong>Coto:<\/strong> Inform\u00f3 a trav\u00e9s de sus redes que no abrir\u00e1 sus puertas por el D\u00eda del Trabajo. Sugiri\u00f3 a los usuarios realizar sus adquisiciones con antelaci\u00f3n mediante su sistema de ventas por internet.<\/li>\n\n\n\n<li><strong>Carrefour:<\/strong> Ratific\u00f3 que no habr\u00e1 servicio en sus tiendas presenciales y recomend\u00f3 el uso de su p\u00e1gina web para gestionar pedidos con entregas programadas antes o despu\u00e9s del feriado.<\/li>\n\n\n\n<li><strong>Vea:<\/strong> Comunic\u00f3 el cierre de todas sus instalaciones para esa jornada, aunque las opciones de compra digital seguir\u00e1n disponibles.<\/li>\n\n\n\n<li><strong>Diarco:<\/strong> Notific\u00f3 que no abrir\u00e1 el viernes, reanudando sus operaciones el s\u00e1bado 2 de mayo, el cual es considerado una jornada laboral opcional.<\/li>\n<\/ul>\n\n\n\n<p><\/p>\n\n\n\n<figure class=\"wp-block-image size-large\"><img decoding=\"async\" src=\"https:\/\/tn.com.ar\/resizer\/v2\/vea-no-abrira-este-viernes-1-de-mayo-foto-vea-XIDFKGYHD5GUDLU7IUDXLJSKQY.PNG?auth=d89b340ebcf60d089d72c82cd5aa12be84bbd0f54e0ddf259a13cf23fb5a4071&amp;width=1440\" alt=\"\"\/><\/figure>\n\n\n\n<h3 class=\"wp-block-heading\"><strong><mark style=\"background-color:rgba(0, 0, 0, 0)\" class=\"has-inline-color has-vivid-red-color\">Calendario de d\u00edas feriados para 2026<\/mark><\/strong><\/h3>\n\n\n\n<p>A continuaci\u00f3n, se detallan los d\u00edas festivos nacionales restantes para lo que queda del a\u00f1o:<\/p>\n\n\n\n<h4 class=\"wp-block-heading\">Mayo<\/h4>\n\n\n\n<ul class=\"wp-block-list\">\n<li><strong>Viernes 1:<\/strong> D\u00eda del Trabajo (Feriado fijo).<\/li>\n\n\n\n<li><strong>Lunes 25:<\/strong> D\u00eda de la Revoluci\u00f3n de Mayo (Feriado fijo).<\/li>\n<\/ul>\n\n\n\n<h4 class=\"wp-block-heading\">Junio<\/h4>\n\n\n\n<ul class=\"wp-block-list\">\n<li><strong>Lunes 15:<\/strong> Conmemoraci\u00f3n de Mart\u00edn Miguel de G\u00fcemes (Feriado que puede trasladarse).<\/li>\n\n\n\n<li><strong>S\u00e1bado 20:<\/strong> Conmemoraci\u00f3n de Manuel Belgrano (Feriado fijo).<\/li>\n<\/ul>\n\n\n\n<h4 class=\"wp-block-heading\">Julio<\/h4>\n\n\n\n<ul class=\"wp-block-list\">\n<li><strong>Jueves 9:<\/strong> D\u00eda de la Independencia (Feriado fijo).<\/li>\n\n\n\n<li><strong>Viernes 10:<\/strong> Jornada no laborable con prop\u00f3sitos tur\u00edsticos.<\/li>\n<\/ul>\n\n\n\n<h4 class=\"wp-block-heading\">Agosto<\/h4>\n\n\n\n<ul class=\"wp-block-list\">\n<li><strong>Lunes 17:<\/strong> Conmemoraci\u00f3n de Jos\u00e9 de San Mart\u00edn (Feriado que puede trasladarse).<\/li>\n<\/ul>\n\n\n\n<h4 class=\"wp-block-heading\">Septiembre<\/h4>\n\n\n\n<ul class=\"wp-block-list\">\n<li>Sin d\u00edas festivos nacionales.<\/li>\n<\/ul>\n\n\n\n<h4 class=\"wp-block-heading\">Octubre<\/h4>\n\n\n\n<ul class=\"wp-block-list\">\n<li><strong>Lunes 12:<\/strong> D\u00eda del Respeto a la Diversidad Cultural (Feriado que puede trasladarse).<\/li>\n<\/ul>\n\n\n\n<h4 class=\"wp-block-heading\">Noviembre<\/h4>\n\n\n\n<ul class=\"wp-block-list\">\n<li><strong>Lunes 23:<\/strong> D\u00eda de la Soberan\u00eda Nacional (Fecha trasladada).<\/li>\n<\/ul>\n\n\n\n<p><\/p>\n\n\n\n<p class=\"has-text-align-center\"><em><strong><em><strong><em><strong><em><strong><a href=\"https:\/\/t.me\/esreviral\">\u00daNETE A NUESTRO CANAL DE TELEGRAM PARA ESTAR INFORMADO<\/a><\/strong><\/em><\/strong><\/em><\/strong><\/em><\/strong><\/em><\/p>\n\n\n\n<h4 class=\"wp-block-heading\">Diciembre<\/h4>\n\n\n\n<ul class=\"wp-block-list\">\n<li><strong>Lunes 7:<\/strong> Jornada no laborable con prop\u00f3sitos tur\u00edsticos.<\/li>\n\n\n\n<li><strong>Martes 8:<\/strong> Inmaculada Concepci\u00f3n de Mar\u00eda (Feriado fijo).<\/li>\n\n\n\n<li><strong>Viernes 25:<\/strong> Navidad (Feriado fijo).<\/li>\n<\/ul>\n\n\n\n<p><\/p>\n\n\n\n<p class=\"has-text-align-right\"><strong><em>Con Informaci\u00f3n de TN.-<\/em><\/strong><\/p>\n","protected":false},"excerpt":{"rendered":"<p>Conoce todo sobre c\u00f3mo funcionan los diferentes hipermercados del pa\u00eds.<\/p>\n","protected":false},"author":3,"featured_media":65661,"comment_status":"closed","ping_status":"closed","sticky":false,"template":"","format":"standard","meta":{"jnews-multi-image_gallery":[],"jnews_single_post":{"format":"standard"},"jnews_primary_category":[],"jnews_social_meta":[],"jnews_review":[],"enable_review":"","type":"","name":"","summary":"","brand":"","sku":"","good":[],"bad":[],"score_override":"","override_value":"","rating":[],"price":[],"jnews_override_counter":[],"jnews_post_split":[],"footnotes":""},"categories":[58,61],"tags":[44,1960,836,45,7583],"class_list":["post-91340","post","type-post","status-publish","format-standard","has-post-thumbnail","hentry","category-argentina","category-economia","tag-argentina","tag-dia-del-trabajador","tag-feriado","tag-noticias","tag-supermercado"],"amp_enabled":true,"_links":{"self":[{"href":"https:\/\/esreviral.com\/index.php?rest_route=\/wp\/v2\/posts\/91340"}],"collection":[{"href":"https:\/\/esreviral.com\/index.php?rest_route=\/wp\/v2\/posts"}],"about":[{"href":"https:\/\/esreviral.com\/index.php?rest_route=\/wp\/v2\/types\/post"}],"author":[{"embeddable":true,"href":"https:\/\/esreviral.com\/index.php?rest_route=\/wp\/v2\/users\/3"}],"replies":[{"embeddable":true,"href":"https:\/\/esreviral.com\/index.php?rest_route=%2Fwp%2Fv2%2Fcomments&post=91340"}],"version-history":[{"count":2,"href":"https:\/\/esreviral.com\/index.php?rest_route=\/wp\/v2\/posts\/91340\/revisions"}],"predecessor-version":[{"id":91345,"href":"https:\/\/esreviral.com\/index.php?rest_route=\/wp\/v2\/posts\/91340\/revisions\/91345"}],"wp:featuredmedia":[{"embeddable":true,"href":"https:\/\/esreviral.com\/index.php?rest_route=\/wp\/v2\/media\/65661"}],"wp:attachment":[{"href":"https:\/\/esreviral.com\/index.php?rest_route=%2Fwp%2Fv2%2Fmedia&parent=91340"}],"wp:term":[{"taxonomy":"category","embeddable":true,"href":"https:\/\/esreviral.com\/index.php?rest_route=%2Fwp%2Fv2%2Fcategories&post=91340"},{"taxonomy":"post_tag","embeddable":true,"href":"https:\/\/esreviral.com\/index.php?rest_route=%2Fwp%2Fv2%2Ftags&post=91340"}],"curies":[{"name":"wp","href":"https:\/\/api.w.org\/{rel}","templated":true}]}}