{"id":91331,"date":"2026-04-30T14:02:30","date_gmt":"2026-04-30T19:02:30","guid":{"rendered":"https:\/\/esreviral.com\/?p=91331"},"modified":"2026-04-30T14:05:26","modified_gmt":"2026-04-30T19:05:26","slug":"mayo-2026-nueva-ola-de-aumentos-en-combustibles-transporte-y-servicios-vuelve-a-presionar-la-inflacion","status":"publish","type":"post","link":"https:\/\/esreviral.com\/?p=91331","title":{"rendered":"Mayo 2026: nueva ola de aumentos en combustibles, transporte y servicios vuelve a presionar la inflaci\u00f3n"},"content":{"rendered":"\n<p>Despu\u00e9s de un mes de abril en el que el incremento de precios parec\u00eda comenzar a perder velocidad, los ajustes habituales en los servicios p\u00fablicos vuelven a ejercer presi\u00f3n sobre la econom\u00eda en mayo. Este quinto mes del a\u00f1o estar\u00e1 caracterizado por la actualizaci\u00f3n en los precios de los carburantes, tras la autorizaci\u00f3n de un alza en los impuestos, sumado a incrementos en el suministro de gas y el sistema de transporte p\u00fablico.<\/p>\n\n\n\n<p>A trav\u00e9s del decreto 302\/2026, difundido este jueves en el diario oficial, la administraci\u00f3n gubernamental aprob\u00f3 un aumento en los grav\u00e1menes aplicados a los combustibles.<strong><a href=\"https:\/\/esreviral.com\/?p=91282\" data-type=\"link\" data-id=\"https:\/\/esreviral.com\/?p=91282\"> Esto deriva en una subida promedio del 0,5% en la gasolina y el di\u00e9sel.<\/a><\/strong><\/p>\n\n\n\n<p class=\"has-text-align-center\"><strong><a href=\"https:\/\/chat.whatsapp.com\/KWkTmakY3I05kNdd2oZl6d\"><em>\u00daNETE A NUESTRO GRUPO DE WHATSAPP PARA ESTAR INFORMADO<\/em><\/a><\/strong><\/p>\n\n\n\n<p>Esta decisi\u00f3n obedece a la urgencia del Ministerio de Econom\u00eda por captar recursos fiscales para mantener el gasto p\u00fablico sin afectar el excedente financiero. No obstante, el erario p\u00fablico deja de recibir mensualmente cerca de 150 millones de d\u00f3lares en ingresos al no implementar de forma total la normativa actual, la cual contempla impuestos internos m\u00e1s altos.<\/p>\n\n\n\n<p>Los precios de los carburantes no presentar\u00e1n variaciones relacionadas con el valor del petr\u00f3leo hasta mediados de mayo, a pesar de que el crudo ascendi\u00f3 nuevamente a los <strong>110 d\u00f3lares por barril<\/strong>. Sin embargo, se prev\u00e9 que las compa\u00f1\u00edas del sector trasladen a las estaciones de servicio el impacto de la carga impositiva.<\/p>\n\n\n\n<h3 class=\"wp-block-heading\"><strong><mark style=\"background-color:rgba(0, 0, 0, 0)\" class=\"has-inline-color has-vivid-red-color\">Servicios b\u00e1sicos y suministros<\/mark><\/strong><\/h3>\n\n\n\n<ul class=\"wp-block-list\">\n<li><strong>Gas Natural:<\/strong> Las resoluciones del organismo regulador autorizaron un incremento promedio del <strong>5,6%<\/strong>, coincidiendo con el inicio del periodo de mayor demanda en la naci\u00f3n.<\/li>\n\n\n\n<li><strong>Agua y Drenaje:<\/strong> En la zona metropolitana, la compa\u00f1\u00eda prestadora aplicar\u00e1 alzas mensuales del <strong>3%<\/strong> entre mayo y agosto. As\u00ed, la tarifa promedio se situar\u00e1 en <strong>29.967 pesos<\/strong> antes de aplicar impuestos y contribuciones locales.<\/li>\n<\/ul>\n\n\n\n<h3 class=\"wp-block-heading\"><strong><mark style=\"background-color:rgba(0, 0, 0, 0)\" class=\"has-inline-color has-vivid-red-color\">Transporte y movilidad<\/mark><\/strong><\/h3>\n\n\n\n<p>El sector transporte tendr\u00e1 una influencia significativa en el indicador de inflaci\u00f3n. Mientras que los autobuses de jurisdicci\u00f3n nacional mantendr\u00e1n sus tarifas vigentes, las l\u00edneas que circulan exclusivamente dentro de la capital o la provincia registrar\u00e1n aumentos del <strong>5,4%<\/strong>. Este ajuste responde a un esquema vinculado a la inflaci\u00f3n m\u00e1s un porcentaje adicional.<\/p>\n\n\n\n<p>De igual manera, el sistema de transporte subterr\u00e1neo en la capital tendr\u00e1 un alza del <strong>5,4%<\/strong>, elevando el costo del viaje a <strong>1.490 pesos<\/strong>. En este mismo porcentaje se actualizar\u00e1n los peajes en las autopistas urbanas.<\/p>\n\n\n\n<p class=\"has-text-align-center\"><em><strong><em><strong><em><strong><em><strong><a href=\"https:\/\/t.me\/esreviral\">\u00daNETE A NUESTRO CANAL DE TELEGRAM PARA ESTAR INFORMADO<\/a><\/strong><\/em><\/strong><\/em><\/strong><\/em><\/strong><\/em><\/p>\n\n\n\n<h3 class=\"wp-block-heading\"><strong><mark style=\"background-color:rgba(0, 0, 0, 0)\" class=\"has-inline-color has-vivid-red-color\">Otros incrementos confirmados<\/mark><\/strong><\/h3>\n\n\n\n<ul class=\"wp-block-list\">\n<li><strong>Salud privada:<\/strong> Las compa\u00f1\u00edas de seguros m\u00e9dicos confirmaron subidas superiores al <strong>3%<\/strong> en sus cuotas para el mes de mayo.<\/li>\n\n\n\n<li><strong>Arrendamientos:<\/strong> Los alquileres que todav\u00eda se rigen por el \u00edndice oficial de contratos tendr\u00e1n actualizaciones pr\u00f3ximas al <strong>33,3%<\/strong>.<\/li>\n\n\n\n<li><strong>Tr\u00e1mites vehiculares:<\/strong> El gobierno capitalino estableci\u00f3 un aumento del <strong>28%<\/strong> en la inspecci\u00f3n t\u00e9cnica de veh\u00edculos, cuyo costo base se posiciona cerca de los <strong>100.000 pesos<\/strong> para autos particulares.<\/li>\n<\/ul>\n\n\n\n<p><\/p>\n\n\n\n<p class=\"has-text-align-right\"><strong><em>Con Informaci\u00f3n de Clarin.-<\/em><\/strong><\/p>\n","protected":false},"excerpt":{"rendered":"<p>En mayo de 2026 se aplicar\u00e1n nuevos aumentos en combustibles, gas, transporte y servicios regulados, lo que volver\u00e1 a presionar los precios de la econom\u00eda tras una leve desaceleraci\u00f3n inflacionaria en abril.<\/p>\n","protected":false},"author":3,"featured_media":91332,"comment_status":"closed","ping_status":"closed","sticky":false,"template":"","format":"standard","meta":{"jnews-multi-image_gallery":[],"jnews_single_post":{"format":"standard"},"jnews_primary_category":[],"jnews_social_meta":[],"jnews_review":[],"enable_review":"","type":"","name":"","summary":"","brand":"","sku":"","good":[],"bad":[],"score_override":"","override_value":"","rating":[],"price":[],"jnews_override_counter":[],"jnews_post_split":[],"footnotes":""},"categories":[58,61],"tags":[44,2914,268,45],"class_list":["post-91331","post","type-post","status-publish","format-standard","has-post-thumbnail","hentry","category-argentina","category-economia","tag-argentina","tag-aumento-de-tarifas","tag-inflacion","tag-noticias"],"amp_enabled":true,"_links":{"self":[{"href":"https:\/\/esreviral.com\/index.php?rest_route=\/wp\/v2\/posts\/91331"}],"collection":[{"href":"https:\/\/esreviral.com\/index.php?rest_route=\/wp\/v2\/posts"}],"about":[{"href":"https:\/\/esreviral.com\/index.php?rest_route=\/wp\/v2\/types\/post"}],"author":[{"embeddable":true,"href":"https:\/\/esreviral.com\/index.php?rest_route=\/wp\/v2\/users\/3"}],"replies":[{"embeddable":true,"href":"https:\/\/esreviral.com\/index.php?rest_route=%2Fwp%2Fv2%2Fcomments&post=91331"}],"version-history":[{"count":2,"href":"https:\/\/esreviral.com\/index.php?rest_route=\/wp\/v2\/posts\/91331\/revisions"}],"predecessor-version":[{"id":91334,"href":"https:\/\/esreviral.com\/index.php?rest_route=\/wp\/v2\/posts\/91331\/revisions\/91334"}],"wp:featuredmedia":[{"embeddable":true,"href":"https:\/\/esreviral.com\/index.php?rest_route=\/wp\/v2\/media\/91332"}],"wp:attachment":[{"href":"https:\/\/esreviral.com\/index.php?rest_route=%2Fwp%2Fv2%2Fmedia&parent=91331"}],"wp:term":[{"taxonomy":"category","embeddable":true,"href":"https:\/\/esreviral.com\/index.php?rest_route=%2Fwp%2Fv2%2Fcategories&post=91331"},{"taxonomy":"post_tag","embeddable":true,"href":"https:\/\/esreviral.com\/index.php?rest_route=%2Fwp%2Fv2%2Ftags&post=91331"}],"curies":[{"name":"wp","href":"https:\/\/api.w.org\/{rel}","templated":true}]}}