{"id":91326,"date":"2026-04-30T13:54:26","date_gmt":"2026-04-30T18:54:26","guid":{"rendered":"https:\/\/esreviral.com\/?p=91326"},"modified":"2026-04-30T13:56:29","modified_gmt":"2026-04-30T18:56:29","slug":"se-reanudaron-los-vuelos-entre-estados-unidos-y-venezuela-despues-de-siete-anos-sin-conexion-aerea","status":"publish","type":"post","link":"https:\/\/esreviral.com\/?p=91326","title":{"rendered":"Se reanudaron los vuelos entre Estados Unidos y Venezuela despu\u00e9s de siete a\u00f1os sin conexi\u00f3n a\u00e9rea"},"content":{"rendered":"\n<p><strong>Despu\u00e9s de siete a\u00f1os de interrupci\u00f3n, Venezuela y Estados Unidos retomaron este jueves los vuelos directos con la llegada de un avi\u00f3n comercial al principal aeropuerto que sirve a Caracas,<\/strong> marcando as\u00ed la reactivaci\u00f3n de las operaciones a\u00e9reas entre ambos pa\u00edses.<\/p>\n\n\n\n<p class=\"has-text-align-center\"><strong><a href=\"https:\/\/chat.whatsapp.com\/KWkTmakY3I05kNdd2oZl6d\"><em>\u00daNETE A NUESTRO GRUPO DE WHATSAPP PARA ESTAR INFORMADO<\/em><\/a><\/strong><\/p>\n\n\n<div class=\"wp-block-image\">\n<figure class=\"aligncenter size-large\"><img decoding=\"async\" src=\"https:\/\/tn.com.ar\/resizer\/v2\/el-vuelo-aa3599-de-american-airlines-el-primer-vuelo-comercial-directo-entre-estados-unidos-y-venezuela-en-siete-anos-recibe-un-saludo-con-canones-de-agua-mientras-se-aleja-de-la-puerta-de-embarque-el-jueves-30-de-abril-de-2026-en-el-aeropuerto-internacional-de-miami-ap-fotorebecca-blackwell-XAUOXRR5B4JCRVFIYHQBHYCWIA.jpg?auth=f2d8b5066bd75fc8bb05433b2b910c09acf7a2d376a1774133c382ff6c6523c5&amp;width=1440\" alt=\"\"\/><figcaption class=\"wp-element-caption\">El vuelo AA3599 de American Airlines, el primer vuelo comercial directo entre Estados Unidos y Venezuela en siete a\u00f1os, recibe un saludo con ca\u00f1ones de agua mientras se aleja de la puerta de embarque, el jueves 30 de abril de 2026, en el Aeropuerto Internacional de Miami. (AP Foto\/Rebecca Blackwell)<\/figcaption><\/figure><\/div>\n\n\n<p><\/p>\n\n\n\n<p>La aeronave, operada por una filial regional de<strong> American Airlines<\/strong>, despeg\u00f3 desde Miami y aterriz\u00f3 en Maiquet\u00eda cerca del mediod\u00eda. A bordo viajaban <strong>funcionarios estadounidenses, empresarios, periodistas y pasajeros particulares, muchos de ellos conmovidos por concretar un regreso largamente esperado<\/strong>. El vuelo inaugural fue despedido con el tradicional arco de agua que suele acompa\u00f1ar la apertura de nuevas rutas.<\/p>\n\n\n\n<p>Tras la detenci\u00f3n de Nicol\u00e1s Maduro a comienzos de 2026, en el marco de una intervenci\u00f3n militar liderada por Washington, se inici\u00f3 un proceso de transici\u00f3n encabezado por una administraci\u00f3n interina en Venezuela. Este contexto permiti\u00f3 restablecer v\u00ednculos que estaban suspendidos desde 2019, cuando se interrumpieron tanto las relaciones diplom\u00e1ticas como los vuelos comerciales.<\/p>\n\n\n\n<p>En este escenario, la reactivaci\u00f3n de la ruta a\u00e9rea es considerada un elemento clave. Representantes estadounidenses destacaron que se trata de la recuperaci\u00f3n de una v\u00eda comercial estrat\u00e9gica, con impacto potencial en inversiones y negocios. Adem\u00e1s de acortar distancias, la conexi\u00f3n directa contribuye a reducir costos log\u00edsticos.<\/p>\n\n\n\n<p>La medida tiene especial relevancia para la comunidad venezolana en Florida, donde residen cientos de miles de migrantes. Durante a\u00f1os, quienes necesitaban viajar deb\u00edan hacerlo con escalas en otros pa\u00edses, lo que implicaba mayores gastos y tiempos de traslado. La opci\u00f3n de un vuelo directo modifica significativamente esa din\u00e1mica.<\/p>\n\n\n\n<figure class=\"wp-block-image size-large\"><img decoding=\"async\" src=\"https:\/\/tn.com.ar\/resizer\/v2\/una-agente-de-american-airlines-sostiene-banderas-venezolanas-para-repartirlas-entre-los-pasajeros-durante-el-embarque-del-vuelo-aa3599-el-primer-vuelo-comercial-directo-entre-estados-unidos-y-venezuela-en-siete-anos-el-jueves-30-de-abril-de-2026-en-el-aeropuerto-internacional-de-miami-ap-fotorebecca-blackwell-5KL6AUOFPR2YPRIE2QOEXHCO6I.jpg?auth=935798b42a3f28b3b8f44593c41bd78c8c99c06a9cf0574c78949c2a7d4f7b38&amp;width=1440\" alt=\"\"\/><figcaption class=\"wp-element-caption\">Una agente de American Airlines sostiene banderas venezolanas para repartirlas entre los pasajeros durante el embarque del vuelo AA3599, el primer vuelo comercial directo entre Estados Unidos y Venezuela en siete a\u00f1os, el jueves 30 de abril de 2026, en el Aeropuerto Internacional de Miami. (AP Foto\/Rebecca Blackwell)<\/figcaption><\/figure>\n\n\n\n<p><\/p>\n\n\n\n<p>En cuanto a la operaci\u00f3n, la aerol\u00ednea prev\u00e9 iniciar con una frecuencia diaria entre Miami y Caracas, con la posibilidad de ampliar el servicio en las pr\u00f3ximas semanas. Tambi\u00e9n se eval\u00faa sumar nuevas rutas, como una conexi\u00f3n con Maracaibo.<\/p>\n\n\n\n<p>No obstante, este nuevo panorama incluye ciertas advertencias. El Departamento de Estado de Estados Unidos mantiene recomendaciones de precauci\u00f3n para quienes viajen a Venezuela, debido a riesgos relacionados con la seguridad, la criminalidad y el sistema de salud. A pesar de ello, el pa\u00eds fue reclasificado a un nivel de riesgo intermedio.<\/p>\n\n\n\n<p class=\"has-text-align-center\"><em><strong><em><strong><em><strong><em><strong><a href=\"https:\/\/t.me\/esreviral\">\u00daNETE A NUESTRO CANAL DE TELEGRAM PARA ESTAR INFORMADO<\/a><\/strong><\/em><\/strong><\/em><\/strong><\/em><\/strong><\/em><\/p>\n\n\n\n<p>La reanudaci\u00f3n de los vuelos se suma a otros signos de acercamiento entre ambas naciones, como la reapertura de embajadas, la flexibilizaci\u00f3n de sanciones econ\u00f3micas y las reformas promovidas por el gobierno venezolano para atraer inversiones, especialmente en sectores estrat\u00e9gicos como el petr\u00f3leo y la miner\u00eda.<\/p>\n\n\n\n<p class=\"has-text-align-right\"><strong><em>Con Informaci\u00f3n de TN.-<\/em><\/strong><\/p>\n","protected":false},"excerpt":{"rendered":"<p>El aterrizaje de un avi\u00f3n procedente de Miami en Caracas marc\u00f3 un nuevo cap\u00edtulo en la relaci\u00f3n bilateral.<\/p>\n","protected":false},"author":3,"featured_media":91327,"comment_status":"closed","ping_status":"closed","sticky":false,"template":"","format":"standard","meta":{"jnews-multi-image_gallery":[],"jnews_single_post":{"format":"standard"},"jnews_primary_category":[],"jnews_social_meta":[],"jnews_review":[],"enable_review":"","type":"","name":"","summary":"","brand":"","sku":"","good":[],"bad":[],"score_override":"","override_value":"","rating":[],"price":[],"jnews_override_counter":[],"jnews_post_split":[],"footnotes":""},"categories":[88,59],"tags":[42102,136,45,56,46],"class_list":["post-91326","post","type-post","status-publish","format-standard","has-post-thumbnail","hentry","category-internacionales","category-politica","tag-conexion-aerea","tag-estados-unidos","tag-noticias","tag-venezuela","tag-vuelos"],"amp_enabled":true,"_links":{"self":[{"href":"https:\/\/esreviral.com\/index.php?rest_route=\/wp\/v2\/posts\/91326"}],"collection":[{"href":"https:\/\/esreviral.com\/index.php?rest_route=\/wp\/v2\/posts"}],"about":[{"href":"https:\/\/esreviral.com\/index.php?rest_route=\/wp\/v2\/types\/post"}],"author":[{"embeddable":true,"href":"https:\/\/esreviral.com\/index.php?rest_route=\/wp\/v2\/users\/3"}],"replies":[{"embeddable":true,"href":"https:\/\/esreviral.com\/index.php?rest_route=%2Fwp%2Fv2%2Fcomments&post=91326"}],"version-history":[{"count":2,"href":"https:\/\/esreviral.com\/index.php?rest_route=\/wp\/v2\/posts\/91326\/revisions"}],"predecessor-version":[{"id":91330,"href":"https:\/\/esreviral.com\/index.php?rest_route=\/wp\/v2\/posts\/91326\/revisions\/91330"}],"wp:featuredmedia":[{"embeddable":true,"href":"https:\/\/esreviral.com\/index.php?rest_route=\/wp\/v2\/media\/91327"}],"wp:attachment":[{"href":"https:\/\/esreviral.com\/index.php?rest_route=%2Fwp%2Fv2%2Fmedia&parent=91326"}],"wp:term":[{"taxonomy":"category","embeddable":true,"href":"https:\/\/esreviral.com\/index.php?rest_route=%2Fwp%2Fv2%2Fcategories&post=91326"},{"taxonomy":"post_tag","embeddable":true,"href":"https:\/\/esreviral.com\/index.php?rest_route=%2Fwp%2Fv2%2Ftags&post=91326"}],"curies":[{"name":"wp","href":"https:\/\/api.w.org\/{rel}","templated":true}]}}