{"id":91321,"date":"2026-04-30T13:42:15","date_gmt":"2026-04-30T18:42:15","guid":{"rendered":"https:\/\/esreviral.com\/?p=91321"},"modified":"2026-04-30T13:42:16","modified_gmt":"2026-04-30T18:42:16","slug":"wepa-fest-enciende-la-rumba-del-trabajador-y-la-ciudad-explota-de-planes-este-fin-de-semana","status":"publish","type":"post","link":"https:\/\/esreviral.com\/?p=91321","title":{"rendered":"Wepa Fest enciende la Rumba del Trabajador y la Ciudad explota de planes este fin de semana"},"content":{"rendered":"\n<p>\ud83d\udd25\ud83c\udf89 <strong>WEPA PRENDE LA RUMBA DEL TRABAJADOR<\/strong><\/p>\n\n\n\n<p>La favorita de los viernes vuelve con todo \ud83d\udc83\ud83c\udffd\ud83d\udd7a\ud83c\udffd<br>Wepa Fest y Fiesta Colombiana se unen para una noche que promete\ud83d\udd25<\/p>\n\n\n\n<p>\ud83c\udde8\ud83c\uddf4\ud83c\uddfb\ud83c\uddea <strong>COLVEN: Rumba del Trabajador<\/strong><br>\ud83d\udcc5 Viernes 01 de mayo<br>\ud83d\udd5b Desde las 23:59 hs<\/p>\n\n\n\n<p>\ud83d\udc69 <strong>MUJERES GRATIS hasta las 2 AM<\/strong><br>\ud83c\udf9f\ufe0f Con ticket virtual por Passline<\/p>\n\n\n\n<p>\ud83d\udccd Lolita Palermo<\/p>\n\n\n\n<p>\ud83c\udfa7 M\u00fasica para bailar con:<br>@airam_dj &amp; @dj.arielg<br>\ud83c\udf79 Promo en c\u00f3cteles y tragos<br>\ud83d\udd25 El mejor ambiente latino<\/p>\n\n\n\n<p>\ud83d\udcf2 <strong>Reservas:<\/strong> 11 2391 9180<\/p>\n\n\n\n<p>\u26a0\ufe0f No te lo puedes perder\u2026<br><strong>La mam\u00e1 de las rumbas vuelve a romperla<\/strong> \ud83d\udca5<\/p>\n\n\n\n<p class=\"has-text-align-center\"><strong><a href=\"https:\/\/chat.whatsapp.com\/KWkTmakY3I05kNdd2oZl6d\"><em>\u00daNETE A NUESTRO GRUPO DE WHATSAPP PARA ESTAR INFORMADO<\/em><\/a><\/strong><\/p>\n\n\n\n<figure class=\"wp-block-image size-large\"><img fetchpriority=\"high\" decoding=\"async\" width=\"1024\" height=\"656\" src=\"https:\/\/esreviral.com\/wp-content\/uploads\/2026\/04\/unnamed-26-1024x656.webp\" alt=\"\" class=\"wp-image-91324\" srcset=\"https:\/\/esreviral.com\/wp-content\/uploads\/2026\/04\/unnamed-26-1024x656.webp 1024w, https:\/\/esreviral.com\/wp-content\/uploads\/2026\/04\/unnamed-26-300x192.webp 300w, https:\/\/esreviral.com\/wp-content\/uploads\/2026\/04\/unnamed-26-768x492.webp 768w, https:\/\/esreviral.com\/wp-content\/uploads\/2026\/04\/unnamed-26-1536x984.webp 1536w, https:\/\/esreviral.com\/wp-content\/uploads\/2026\/04\/unnamed-26.webp 1600w\" sizes=\"(max-width: 1024px) 100vw, 1024px\" \/><\/figure>\n\n\n\n<p><strong>\u00a0<\/strong><\/p>\n\n\n\n<p><strong>La Feria del Libro y las fechas gratis de la Ciudad<\/strong><\/p>\n\n\n\n<p>La 50\u00b0 Feria Internacional del Libro de Buenos Aires, el evento editorial y literario m\u00e1s concurrido del mundo hispano, contin\u00faa con much\u00edsimas actividades entre presentaciones de libros, charlas con los autores, talleres y debates. Y lo mejor: de lunes a jueves desde las 20, la Feria es gratis por las Noches de la Ciudad, que tiene un stand en el pabell\u00f3n Amarillo de La Rural (Av. Sarmiento y Av. Santa Fe).&nbsp; Toda la informaci\u00f3n se puede consultar en&nbsp;<a href=\"https:\/\/lt.mydplr.com\/85a1e66cc37b4d007e4e0a2103257ff9-3523ed1b7c765c2ed4553be6ca72846c\" target=\"_blank\" rel=\"noreferrer noopener\"><u>feriadellibro.ar<\/u><\/a>.<\/p>\n\n\n\n<p><strong>&nbsp;El ritual del asado y la empanada en un solo lugar<\/strong><\/p>\n\n\n\n<p>El Hip\u00f3dromo de Palermo (Av. Del Libertador 4101) ser\u00e1 sede de un nuevo Festival del Asado y la Empanada, un plan al aire libre para disfrutar con amigos y familias de carnes en todas sus variedades: hay versiones cl\u00e1sicas y gourmet, todo a la parrilla. Tambi\u00e9n estar\u00e1 el recorrido federal de la empanada, con representantes de Salta, Tucum\u00e1n, Jujuy, Santiago del Estero y m\u00e1s. Se disputar\u00e1 el Gran Premio Rep\u00fablica y habr\u00e1 m\u00fasica en vivo a cargo de Maggie Cullen y La T y la M. Se har\u00e1 este viernes 1, de 12 a 23.<\/p>\n\n\n\n<p><strong>&nbsp;El D\u00eda del Jazz al aire libre<\/strong><\/p>\n\n\n\n<p>Este domingo, el Anfiteatro del Parque Centenario (Av. Lillo y Leopoldo Marechal) recibir\u00e1 a Musso 1+3, el grupo liderado por Gustavo Musso, que presentar\u00e1 composiciones de su pr\u00f3ximo disco junto a Daniel Pipi Piazzolla, Cirilo Fern\u00e1ndez y Mariano S\u00edvori, en el marco del D\u00eda Internacional del Jazz. Ser\u00e1 desde las 16. Durante el mes, habr\u00e1 m\u00e1s propuestas para celebrar el g\u00e9nero que atraviesa fronteras. Toda la informaci\u00f3n est\u00e1 disponible en&nbsp;<a href=\"https:\/\/lt.mydplr.com\/1c681df2293f8bc48bc2a0a33a19d3d0-3523ed1b7c765c2ed4553be6ca72846c\" target=\"_blank\" rel=\"noreferrer noopener\"><u>linda.gob.ar<\/u><\/a>.<\/p>\n\n\n\n<p><strong>&nbsp;El CCR y el mito de Federico Klemm<\/strong><\/p>\n\n\n\n<p>El Centro Cultural Recoleta (Jun\u00edn 1930) presenta Federico Klemm. Iluminador de mitos, una exposici\u00f3n que revisita la obra y el universo visual de una de las figuras m\u00e1s singulares del arte argentino contempor\u00e1neo, cuya obra cruz\u00f3 la escenograf\u00eda, la \u00f3pera, el artificio y la construcci\u00f3n de identidad como performance permanente. Se puede visitar de martes a domingos, de 12 a 21.<\/p>\n\n\n\n<p><strong>&nbsp;Los cuentos tambi\u00e9n se cantan<\/strong><\/p>\n\n\n\n<p>Una propuesta de cuentos, m\u00fasica en vivo y juegos de manos. Un d\u00fao musical Historias contadas interpreta las narraciones originales de los libros Cuentos en pijamas, con guitarra, flauta, charango y percusi\u00f3n. Cada cuento tiene un estilo musical diferente: folclore, blues, vals, bossa, cl\u00e1sico y pop. Se presenta este domingo a las 18 en la Usina del Arte (Caffarena 1).<\/p>\n\n\n\n<figure class=\"wp-block-image size-large is-resized\"><img decoding=\"async\" width=\"1024\" height=\"895\" src=\"https:\/\/esreviral.com\/wp-content\/uploads\/2026\/04\/unnamed-25-1024x895.webp\" alt=\"\" class=\"wp-image-91323\" style=\"width:1071px;height:auto\" srcset=\"https:\/\/esreviral.com\/wp-content\/uploads\/2026\/04\/unnamed-25-1024x895.webp 1024w, https:\/\/esreviral.com\/wp-content\/uploads\/2026\/04\/unnamed-25-300x262.webp 300w, https:\/\/esreviral.com\/wp-content\/uploads\/2026\/04\/unnamed-25-768x671.webp 768w, https:\/\/esreviral.com\/wp-content\/uploads\/2026\/04\/unnamed-25-1536x1343.webp 1536w, https:\/\/esreviral.com\/wp-content\/uploads\/2026\/04\/unnamed-25.webp 1599w\" sizes=\"(max-width: 1024px) 100vw, 1024px\" \/><\/figure>\n\n\n\n<p><strong>\u00a0<\/strong><\/p>\n\n\n\n<p><strong>Nueva temporada de la Orquesta Estable<\/strong><\/p>\n\n\n\n<p>La Orquesta Estable del Col\u00f3n inicia su temporada de conciertos en el Teatro (Cerrito 628) bajo la direcci\u00f3n musical de su maestro titular Alejo P\u00e9rez. El programa incluir\u00e1 obras de Ludwig van Beethoven y H\u00e9ctor Berlioz. Las entradas se pueden adquirir en la boleter\u00eda o a trav\u00e9s de&nbsp;<a href=\"https:\/\/lt.mydplr.com\/faf9312954785b3dd08445f595a6ddfe-3523ed1b7c765c2ed4553be6ca72846c\" target=\"_blank\" rel=\"noreferrer noopener\"><u>www.teatrocolon.org.ar<\/u><\/a><\/p>\n\n\n\n<p><strong>&nbsp;Una tragedia sobre el poder y el amor<\/strong><\/p>\n\n\n\n<p>En una comunidad atravesada por tradiciones ancestrales y mandatos inquebrantables, el sacrificio de una joven desata una serie de revelaciones que ponen en crisis los v\u00ednculos familiares, la fe y el poder. La ni\u00f1a sobre un altar es una tragedia que explora la violencia, el peso del silencio colectivo y la tensi\u00f3n entre lo sagrado y lo humano. Hay funciones de mi\u00e9rcoles a domingos en el Teatro San Mart\u00edn (Av. Corrientes 1530).<\/p>\n\n\n\n<p><strong>&nbsp;Funk, soul y rap suenan en la Usina<\/strong><\/p>\n\n\n\n<p>Tapones de Punta propone un repertorio que parte del funk old school y recorre sus distintas vertientes, desde el second line hasta el soul, fusionando groove cl\u00e1sico con arreglos contempor\u00e1neos. El show contar\u00e1 con la presencia de Elauelo, referente del rap y hip hop nacional. Se presenta este s\u00e1bado a las 20 en la Usina del Arte (Caffarena 1). La entrada es gratis, con reserva a trav\u00e9s de&nbsp;<a href=\"https:\/\/lt.mydplr.com\/ff0d6b8e2c0f464f947e6973f4c336b6-3523ed1b7c765c2ed4553be6ca72846c\" target=\"_blank\" rel=\"noreferrer noopener\"><u>usinadelarte.ar<\/u><\/a><\/p>\n\n\n\n<p class=\"has-text-align-center\"><em><strong><em><strong><em><strong><em><strong><a href=\"https:\/\/t.me\/esreviral\">\u00daNETE A NUESTRO CANAL DE TELEGRAM PARA ESTAR INFORMADO<\/a><\/strong><\/em><\/strong><\/em><\/strong><\/em><\/strong><\/em><\/p>\n\n\n\n<p><strong>&nbsp;La Ciudad m\u00e1s LINDA del mundo<\/strong><\/p>\n\n\n\n<p>LINDA es una gu\u00eda online con todas las actividades culturales, art\u00edsticas y de entretenimiento que propone la Ciudad. Tiene tres herramientas: la agenda, el mapa y la inteligencia artificial, que ofrece un plan a medida para quien se lo pida. Todo eso y m\u00e1s en&nbsp;<a href=\"https:\/\/lt.mydplr.com\/1c681df2293f8bc48bc2a0a33a19d3d0-3523ed1b7c765c2ed4553be6ca72846c\" target=\"_blank\" rel=\"noreferrer noopener\"><u>linda.gob.ar<\/u><\/a><\/p>\n\n\n\n<p class=\"has-text-align-right\"><em><strong>Prensa GCBA<\/strong>.-<\/em><\/p>\n","protected":false},"excerpt":{"rendered":"<p>La Feria del Libro tendr\u00e1 d\u00edas especiales con entrada gratis por las Noches de la Ciudad, llega el Festival del Asado y la Empanada, y el show de la milanesa. Habr\u00e1 un homenaje al artista y performer Federico Klemm y el jazz celebra su D\u00eda Internacional. Y se lanz\u00f3 LINDA, la nueva plataforma para encontrar todas las propuestas de la Ciudad.<\/p>\n","protected":false},"author":3,"featured_media":91322,"comment_status":"closed","ping_status":"closed","sticky":false,"template":"","format":"standard","meta":{"jnews-multi-image_gallery":[],"jnews_single_post":{"format":"standard"},"jnews_primary_category":[],"jnews_social_meta":[],"jnews_review":[],"enable_review":"","type":"","name":"","summary":"","brand":"","sku":"","good":[],"bad":[],"score_override":"","override_value":"","rating":[],"price":[],"jnews_override_counter":[],"jnews_post_split":[],"footnotes":""},"categories":[43],"tags":[44,2716,45],"class_list":["post-91321","post","type-post","status-publish","format-standard","has-post-thumbnail","hentry","category-actualidad","tag-argentina","tag-fin-de-semana","tag-noticias"],"amp_enabled":true,"_links":{"self":[{"href":"https:\/\/esreviral.com\/index.php?rest_route=\/wp\/v2\/posts\/91321"}],"collection":[{"href":"https:\/\/esreviral.com\/index.php?rest_route=\/wp\/v2\/posts"}],"about":[{"href":"https:\/\/esreviral.com\/index.php?rest_route=\/wp\/v2\/types\/post"}],"author":[{"embeddable":true,"href":"https:\/\/esreviral.com\/index.php?rest_route=\/wp\/v2\/users\/3"}],"replies":[{"embeddable":true,"href":"https:\/\/esreviral.com\/index.php?rest_route=%2Fwp%2Fv2%2Fcomments&post=91321"}],"version-history":[{"count":1,"href":"https:\/\/esreviral.com\/index.php?rest_route=\/wp\/v2\/posts\/91321\/revisions"}],"predecessor-version":[{"id":91325,"href":"https:\/\/esreviral.com\/index.php?rest_route=\/wp\/v2\/posts\/91321\/revisions\/91325"}],"wp:featuredmedia":[{"embeddable":true,"href":"https:\/\/esreviral.com\/index.php?rest_route=\/wp\/v2\/media\/91322"}],"wp:attachment":[{"href":"https:\/\/esreviral.com\/index.php?rest_route=%2Fwp%2Fv2%2Fmedia&parent=91321"}],"wp:term":[{"taxonomy":"category","embeddable":true,"href":"https:\/\/esreviral.com\/index.php?rest_route=%2Fwp%2Fv2%2Fcategories&post=91321"},{"taxonomy":"post_tag","embeddable":true,"href":"https:\/\/esreviral.com\/index.php?rest_route=%2Fwp%2Fv2%2Ftags&post=91321"}],"curies":[{"name":"wp","href":"https:\/\/api.w.org\/{rel}","templated":true}]}}