{"id":91317,"date":"2026-04-30T13:25:18","date_gmt":"2026-04-30T18:25:18","guid":{"rendered":"https:\/\/esreviral.com\/?p=91317"},"modified":"2026-04-30T14:12:13","modified_gmt":"2026-04-30T19:12:13","slug":"nahuel-gallo-denuncio-ante-la-justicia-argentina-las-torturas-que-sufrio-durante-su-secuestro-en-venezuela","status":"publish","type":"post","link":"https:\/\/esreviral.com\/?p=91317","title":{"rendered":"Nahuel Gallo denunci\u00f3 ante la justicia argentina las torturas que sufri\u00f3 durante su secuestro en Venezuela"},"content":{"rendered":"\n<p>El gendarme argentino Nahuel Agust\u00edn Gallo declar\u00f3 este jueves por primera vez ante la Justicia Federal de su pa\u00eds <strong>sobre las torturas que sufri\u00f3 durante sus 448 d\u00edas de detenci\u00f3n ilegal en Venezuela, <\/strong>en un paso que describi\u00f3 como doloroso pero necesario para exigir justicia por \u00e9l y por todos los extranjeros y venezolanos que siguen siendo v\u00edctimas del r\u00e9gimen chavista.<\/p>\n\n\n\n<p><strong>\u00abHoy di un paso que me cost\u00f3 mucho: por primera vez cont\u00e9 lo que viv\u00ed en Venezuela desde el 8 de diciembre de 2024. Volver a esos momentos duele. Revivirlos no es f\u00e1cil. Pero hay algo m\u00e1s fuerte que el miedo: la verdad. Y la verdad es que el r\u00e9gimen venezolano s\u00ed tortura, y lo sigue haciendo. No es un discurso, es una realidad que muchos hemos vivido\u00bb,<\/strong> escribi\u00f3 Gallo en su cuenta de X.<\/p>\n\n\n\n<p class=\"has-text-align-center\"><strong><a href=\"https:\/\/whatsapp.com\/channel\/0029VaAz7PmBKfhwZ5V3Gk2t\"><strong><a href=\"https:\/\/chat.whatsapp.com\/KWkTmakY3I05kNdd2oZl6d\"><em>\u00daNETE A NUESTRO GRUPO DE WHATSAPP PARA ESTAR INFORMADO<\/em><\/a><\/strong><\/a><\/strong><\/p>\n\n\n\n<p>El gendarme fue categ\u00f3rico sobre su inocencia y su determinaci\u00f3n de no callar: <strong>\u00abHoy, con la frente en alto, lo digo sin miedo: soy inocente, siempre lo fui. Y este es mi momento de exigir justicia. Por m\u00ed. Por mi familia. Por todos los extranjeros que atravesamos ese infierno. Y por cada venezolano que a\u00fan sigue sufriendo en silencio. Porque mientras muchos callan, otros siguen presos, siguen siendo v\u00edctimas, siguen esperando\u00bb.<\/strong><\/p>\n\n\n\n<p>La declaraci\u00f3n de este jueves se produce luego de que el pasado 17 de abril Gallo se present\u00f3 como querellante ante la Justicia Federal argentina en la causa abierta contra el dictador Nicol\u00e1s Maduro y otros jerarcas del r\u00e9gimen chavista por cr\u00edmenes de lesa humanidad, solicitando ser reconocido como v\u00edctima directa con todas las facultades que la ley acuerda.<\/p>\n\n\n\n<p>En el escrito presentado entonces, Gallo denunci\u00f3 que el 8 de diciembre de 2024 fue privado ileg\u00edtimamente de su libertad en Venezuela, donde permaneci\u00f3 detenido hasta el 2 de marzo de 2026, cuando recuper\u00f3 su libertad y regres\u00f3 a Argentina. Durante ese per\u00edodo se desconoci\u00f3 su paradero de manera prolongada, no se inform\u00f3 a ninguna autoridad judicial sobre su detenci\u00f3n, no se le comunicaron los motivos del arresto y se le mantuvo incomunicado, sin acceso a asistencia legal ni consular efectiva.<\/p>\n\n\n\n<p><strong>\u00abSobreviv\u00ed 448 d\u00edas de secuestro en Venezuela. No voy a quedarme callado. Por m\u00ed, por mi familia y por todos los que han sufrido este horror que no puede quedar impune\u00bb, <\/strong>afirm\u00f3 Gallo en ese momento.<\/p>\n\n\n\n<p class=\"has-text-align-center\"><em><strong><em><strong><em><strong><em><strong><a href=\"https:\/\/t.me\/esreviral\">\u00daNETE A NUESTRO CANAL DE TELEGRAM PARA ESTAR INFORMADO<\/a><\/strong><\/em><\/strong><\/em><\/strong><\/em><\/strong><\/em><\/p>\n\n\n\n<p>La causa por cr\u00edmenes de lesa humanidad en la justicia argentina fue iniciada por el Foro Argentino para la Defensa de la Democracia (FADD) en base al principio de jurisdicci\u00f3n universal, presentada en enero de 2023 cuando Maduro pretend\u00eda viajar a Buenos Aires para una cumbre de la CELAC. Desde entonces la justicia argentina emiti\u00f3 \u00f3rdenes de captura contra Maduro, Diosdado Cabello y otros jerarcas del r\u00e9gimen. En febrero de 2026, el juez federal Sebasti\u00e1n Ramos solicit\u00f3 formalmente la extradici\u00f3n de Maduro desde Estados Unidos a Argentina.<\/p>\n","protected":false},"excerpt":{"rendered":"<p>El gendarme argentino Nahuel Agust\u00edn Gallo declar\u00f3 este jueves por primera vez ante la Justicia Federal de su pa\u00eds sobre las torturas que sufri\u00f3 durante sus 448 d\u00edas de detenci\u00f3n ilegal en Venezuela, en un paso que describi\u00f3 como doloroso pero necesario para exigir justicia por \u00e9l y por todos los extranjeros y venezolanos que [&hellip;]<\/p>\n","protected":false},"author":2,"featured_media":91319,"comment_status":"closed","ping_status":"closed","sticky":false,"template":"","format":"standard","meta":{"jnews-multi-image_gallery":[],"jnews_single_post":{"format":"standard"},"jnews_primary_category":[],"jnews_social_meta":[],"jnews_review":[],"enable_review":"","type":"","name":"","summary":"","brand":"","sku":"","good":[],"bad":[],"score_override":"","override_value":"","rating":[],"price":[],"jnews_override_counter":[],"jnews_post_split":[],"footnotes":""},"categories":[59],"tags":[44,21667,45,67,56],"class_list":["post-91317","post","type-post","status-publish","format-standard","has-post-thumbnail","hentry","category-politica","tag-argentina","tag-nahuel-gallo","tag-noticias","tag-venezolanos-en-argentina","tag-venezuela"],"amp_enabled":true,"_links":{"self":[{"href":"https:\/\/esreviral.com\/index.php?rest_route=\/wp\/v2\/posts\/91317"}],"collection":[{"href":"https:\/\/esreviral.com\/index.php?rest_route=\/wp\/v2\/posts"}],"about":[{"href":"https:\/\/esreviral.com\/index.php?rest_route=\/wp\/v2\/types\/post"}],"author":[{"embeddable":true,"href":"https:\/\/esreviral.com\/index.php?rest_route=\/wp\/v2\/users\/2"}],"replies":[{"embeddable":true,"href":"https:\/\/esreviral.com\/index.php?rest_route=%2Fwp%2Fv2%2Fcomments&post=91317"}],"version-history":[{"count":2,"href":"https:\/\/esreviral.com\/index.php?rest_route=\/wp\/v2\/posts\/91317\/revisions"}],"predecessor-version":[{"id":91336,"href":"https:\/\/esreviral.com\/index.php?rest_route=\/wp\/v2\/posts\/91317\/revisions\/91336"}],"wp:featuredmedia":[{"embeddable":true,"href":"https:\/\/esreviral.com\/index.php?rest_route=\/wp\/v2\/media\/91319"}],"wp:attachment":[{"href":"https:\/\/esreviral.com\/index.php?rest_route=%2Fwp%2Fv2%2Fmedia&parent=91317"}],"wp:term":[{"taxonomy":"category","embeddable":true,"href":"https:\/\/esreviral.com\/index.php?rest_route=%2Fwp%2Fv2%2Fcategories&post=91317"},{"taxonomy":"post_tag","embeddable":true,"href":"https:\/\/esreviral.com\/index.php?rest_route=%2Fwp%2Fv2%2Ftags&post=91317"}],"curies":[{"name":"wp","href":"https:\/\/api.w.org\/{rel}","templated":true}]}}