{"id":91297,"date":"2026-04-30T10:32:50","date_gmt":"2026-04-30T15:32:50","guid":{"rendered":"https:\/\/esreviral.com\/?p=91297"},"modified":"2026-04-30T10:42:28","modified_gmt":"2026-04-30T15:42:28","slug":"servando-y-florentino-desmintieron-su-participacion-en-concierto-del-1-de-mayo","status":"publish","type":"post","link":"https:\/\/esreviral.com\/?p=91297","title":{"rendered":"Servando y Florentino desmintieron su participaci\u00f3n en concierto del 1\u00b0 de mayo"},"content":{"rendered":"\n<p><strong><em>KQA.-<\/em> El d\u00fao venezolano Servando y Florentino aclar\u00f3 que no tiene presentaciones programadas en Venezuela, luego de los rumores sobre su supuesta participaci\u00f3n en un concierto previsto para el 1 de mayo en Caracas.<\/strong><\/p>\n\n\n\n<p>A trav\u00e9s de un comunicado difundido en redes sociales por su equipo de trabajo, los artistas informaron que actualmente se encuentran enfocados en la producci\u00f3n de su pr\u00f3ximo \u00e1lbum, el cual aseguran ser\u00e1 lanzado en los pr\u00f3ximos meses.<\/p>\n\n\n\n<p class=\"has-text-align-center\"><strong><a href=\"https:\/\/chat.whatsapp.com\/KWkTmakY3I05kNdd2oZl6d\"><em>\u00daNETE A NUESTRO GRUPO DE WHATSAPP PARA ESTAR INFORMADO<\/em><\/a><\/strong><\/p>\n\n\n<div class=\"wp-block-image\">\n<figure class=\"aligncenter size-large\"><img fetchpriority=\"high\" decoding=\"async\" width=\"765\" height=\"1024\" src=\"https:\/\/esreviral.com\/wp-content\/uploads\/2026\/04\/WhatsApp-Image-2026-04-30-at-12.26.51-PM-765x1024.webp\" alt=\"\" class=\"wp-image-91300\" srcset=\"https:\/\/esreviral.com\/wp-content\/uploads\/2026\/04\/WhatsApp-Image-2026-04-30-at-12.26.51-PM-765x1024.webp 765w, https:\/\/esreviral.com\/wp-content\/uploads\/2026\/04\/WhatsApp-Image-2026-04-30-at-12.26.51-PM-224x300.webp 224w, https:\/\/esreviral.com\/wp-content\/uploads\/2026\/04\/WhatsApp-Image-2026-04-30-at-12.26.51-PM-768x1029.webp 768w, https:\/\/esreviral.com\/wp-content\/uploads\/2026\/04\/WhatsApp-Image-2026-04-30-at-12.26.51-PM-1147x1536.webp 1147w, https:\/\/esreviral.com\/wp-content\/uploads\/2026\/04\/WhatsApp-Image-2026-04-30-at-12.26.51-PM.webp 1194w\" sizes=\"(max-width: 765px) 100vw, 765px\" \/><\/figure><\/div>\n\n\n<p><\/p>\n\n\n\n<p>En el mismo mensaje, precisaron que sus pr\u00f3ximas presentaciones confirmadas ser\u00e1n el 30 de mayo en el Prudential Center, en el marco de la celebraci\u00f3n del cumplea\u00f1os de Sergio George, y el 13 de junio en Santo Domingo, espec\u00edficamente en el \u00d3valo de la Feria Ganadera.<\/p>\n\n\n\n<p><strong>El d\u00fao destac\u00f3 que estos conciertos forman parte de una gira internacional que inici\u00f3 en Venezuela y que ya ha recorrido pa\u00edses como Chile y Per\u00fa.<\/strong><\/p>\n\n\n\n<p>Asimismo, adelantaron que en las pr\u00f3ximas semanas anunciar\u00e1n nuevas fechas y destinos, as\u00ed como detalles sobre el lanzamiento de su nuevo trabajo discogr\u00e1fico.<\/p>\n\n\n\n<p class=\"has-text-align-center\"><em><strong><em><strong><em><strong><em><strong><a href=\"https:\/\/t.me\/esreviral\">\u00daNETE A NUESTRO CANAL DE TELEGRAM PARA ESTAR INFORMADO<\/a><\/strong><\/em><\/strong><\/em><\/strong><\/em><\/strong><\/em><\/p>\n\n\n\n<p><strong><em>\u201cVendremos con grandes noticias<\/em><\/strong>\u201d, se\u00f1alaron en el comunicado, agradeciendo adem\u00e1s el apoyo constante de sus seguidores.<\/p>\n\n\n\n<p><\/p>\n","protected":false},"excerpt":{"rendered":"<p>El d\u00fao venezolano Servando y Florentino desminti\u00f3 su participaci\u00f3n en el concierto pautado para este viernes, 1 de mayo, que se realizar\u00e1 en el aeropuerto La Carlota, en Caracas, para celebrar el D\u00eda del Trabajador.<\/p>\n","protected":false},"author":3,"featured_media":91299,"comment_status":"closed","ping_status":"closed","sticky":false,"template":"","format":"standard","meta":{"jnews-multi-image_gallery":[],"jnews_single_post":{"format":"standard"},"jnews_primary_category":[],"jnews_social_meta":[],"jnews_review":[],"enable_review":"","type":"","name":"","summary":"","brand":"","sku":"","good":[],"bad":[],"score_override":"","override_value":"","rating":[],"price":[],"jnews_override_counter":[],"jnews_post_split":[],"footnotes":""},"categories":[50,1142],"tags":[1197,45,545],"class_list":["post-91297","post","type-post","status-publish","format-standard","has-post-thumbnail","hentry","category-entretenimiento","category-musica","tag-musica-2","tag-noticias","tag-servando-y-florentino"],"amp_enabled":true,"_links":{"self":[{"href":"https:\/\/esreviral.com\/index.php?rest_route=\/wp\/v2\/posts\/91297"}],"collection":[{"href":"https:\/\/esreviral.com\/index.php?rest_route=\/wp\/v2\/posts"}],"about":[{"href":"https:\/\/esreviral.com\/index.php?rest_route=\/wp\/v2\/types\/post"}],"author":[{"embeddable":true,"href":"https:\/\/esreviral.com\/index.php?rest_route=\/wp\/v2\/users\/3"}],"replies":[{"embeddable":true,"href":"https:\/\/esreviral.com\/index.php?rest_route=%2Fwp%2Fv2%2Fcomments&post=91297"}],"version-history":[{"count":1,"href":"https:\/\/esreviral.com\/index.php?rest_route=\/wp\/v2\/posts\/91297\/revisions"}],"predecessor-version":[{"id":91301,"href":"https:\/\/esreviral.com\/index.php?rest_route=\/wp\/v2\/posts\/91297\/revisions\/91301"}],"wp:featuredmedia":[{"embeddable":true,"href":"https:\/\/esreviral.com\/index.php?rest_route=\/wp\/v2\/media\/91299"}],"wp:attachment":[{"href":"https:\/\/esreviral.com\/index.php?rest_route=%2Fwp%2Fv2%2Fmedia&parent=91297"}],"wp:term":[{"taxonomy":"category","embeddable":true,"href":"https:\/\/esreviral.com\/index.php?rest_route=%2Fwp%2Fv2%2Fcategories&post=91297"},{"taxonomy":"post_tag","embeddable":true,"href":"https:\/\/esreviral.com\/index.php?rest_route=%2Fwp%2Fv2%2Ftags&post=91297"}],"curies":[{"name":"wp","href":"https:\/\/api.w.org\/{rel}","templated":true}]}}