{"id":91290,"date":"2026-04-30T09:47:03","date_gmt":"2026-04-30T14:47:03","guid":{"rendered":"https:\/\/esreviral.com\/?p=91290"},"modified":"2026-04-30T09:47:05","modified_gmt":"2026-04-30T14:47:05","slug":"incendio-el-departamento-de-su-pareja-con-su-bebe-adentro-y-termino-con-los-ganchos","status":"publish","type":"post","link":"https:\/\/esreviral.com\/?p=91290","title":{"rendered":"Incendi\u00f3 el departamento de su pareja con su beb\u00e9 adentro y termin\u00f3 con los ganchos"},"content":{"rendered":"\n<p><strong>Un hombre con antecedentes penales y una condena vigente fue detenido durante la madrugada,<\/strong> acusado de haber provocado de forma intencional un incendio en el departamento de su pareja, ubicado en pleno centro de la Ciudad de Buenos Aires, donde la mujer viv\u00eda junto a su hija de un a\u00f1o. Como consecuencia del siniestro, doce personas debieron recibir asistencia.<\/p>\n\n\n\n<p class=\"has-text-align-center\"><strong><a href=\"https:\/\/chat.whatsapp.com\/KWkTmakY3I05kNdd2oZl6d\"><em>\u00daNETE A NUESTRO GRUPO DE WHATSAPP PARA ESTAR INFORMADO<\/em><\/a><\/strong><\/p>\n\n\n\n<p>El hecho ocurri\u00f3 en el s\u00e9ptimo piso de un edificio situado sobre la calle Paran\u00e1 al 400, entre las avenidas Corrientes y Sarmiento. Personal de Bomberos de la Ciudad intervino para rescatar a la mujer y a la beb\u00e9, quienes lograron salir del inmueble en medio de las llamas.<\/p>\n\n\n\n<p>Ambas fueron trasladadas al Hospital Ramos Mej\u00eda tras haber inhalado mon\u00f3xido de carbono. Antes de ser asistida, la mujer denunci\u00f3 que su pareja, un hombre de 46 a\u00f1os, hab\u00eda iniciado el fuego de manera deliberada.<\/p>\n\n\n\n<p>El sospechoso fue detenido de inmediato por efectivos de la Polic\u00eda de la Ciudad, quienes constataron que se trata de un ciudadano peruano con antecedentes por lesiones, tentativa de homicidio y causas vinculadas a la interrupci\u00f3n de servicios de emergencia. Adem\u00e1s, contaba con una condena de cumplimiento efectivo y hab\u00eda estado procesado con prisi\u00f3n preventiva por homicidio simple. En diciembre de 2023 se le hab\u00eda colocado una tobillera electr\u00f3nica.<\/p>\n\n\n\n<p>El edificio, de 18 pisos y planta baja, fue evacuado de forma preventiva mientras los bomberos lograban controlar y extinguir el incendio. Adem\u00e1s de las dos personas trasladadas, otras diez fueron atendidas en el lugar por personal del SAME.<\/p>\n\n\n\n<p class=\"has-text-align-center\"><em><strong><em><strong><em><strong><em><strong><a href=\"https:\/\/t.me\/esreviral\">\u00daNETE A NUESTRO CANAL DE TELEGRAM PARA ESTAR INFORMADO<\/a><\/strong><\/em><\/strong><\/em><\/strong><\/em><\/strong><\/em><\/p>\n\n\n\n<p class=\"has-text-align-right\"><strong><em>Con Informaci\u00f3n de Clarin.-<\/em><\/strong><\/p>\n","protected":false},"excerpt":{"rendered":"<p>Ocurri\u00f3 esta madrugada en Paran\u00e1 al 400. Las v\u00edctimas quedaron internadas por inhalaci\u00f3n de mon\u00f3xido de carbono y sus vecinos fueron evacuados.<br \/>\nQu\u00e9 se sabe del agresor, que fue detenido y cuenta con antecedentes penales por homicidio y lesiones.<\/p>\n","protected":false},"author":3,"featured_media":91291,"comment_status":"closed","ping_status":"closed","sticky":false,"template":"","format":"standard","meta":{"jnews-multi-image_gallery":[],"jnews_single_post":{"format":"standard"},"jnews_primary_category":[],"jnews_social_meta":[],"jnews_review":[],"enable_review":"","type":"","name":"","summary":"","brand":"","sku":"","good":[],"bad":[],"score_override":"","override_value":"","rating":[],"price":[],"jnews_override_counter":[],"jnews_post_split":[],"footnotes":""},"categories":[58,64],"tags":[3607,44,9636,45],"class_list":["post-91290","post","type-post","status-publish","format-standard","has-post-thumbnail","hentry","category-argentina","category-sucesos","tag-antecedentes-penales","tag-argentina","tag-departamento","tag-noticias"],"amp_enabled":true,"_links":{"self":[{"href":"https:\/\/esreviral.com\/index.php?rest_route=\/wp\/v2\/posts\/91290"}],"collection":[{"href":"https:\/\/esreviral.com\/index.php?rest_route=\/wp\/v2\/posts"}],"about":[{"href":"https:\/\/esreviral.com\/index.php?rest_route=\/wp\/v2\/types\/post"}],"author":[{"embeddable":true,"href":"https:\/\/esreviral.com\/index.php?rest_route=\/wp\/v2\/users\/3"}],"replies":[{"embeddable":true,"href":"https:\/\/esreviral.com\/index.php?rest_route=%2Fwp%2Fv2%2Fcomments&post=91290"}],"version-history":[{"count":1,"href":"https:\/\/esreviral.com\/index.php?rest_route=\/wp\/v2\/posts\/91290\/revisions"}],"predecessor-version":[{"id":91292,"href":"https:\/\/esreviral.com\/index.php?rest_route=\/wp\/v2\/posts\/91290\/revisions\/91292"}],"wp:featuredmedia":[{"embeddable":true,"href":"https:\/\/esreviral.com\/index.php?rest_route=\/wp\/v2\/media\/91291"}],"wp:attachment":[{"href":"https:\/\/esreviral.com\/index.php?rest_route=%2Fwp%2Fv2%2Fmedia&parent=91290"}],"wp:term":[{"taxonomy":"category","embeddable":true,"href":"https:\/\/esreviral.com\/index.php?rest_route=%2Fwp%2Fv2%2Fcategories&post=91290"},{"taxonomy":"post_tag","embeddable":true,"href":"https:\/\/esreviral.com\/index.php?rest_route=%2Fwp%2Fv2%2Ftags&post=91290"}],"curies":[{"name":"wp","href":"https:\/\/api.w.org\/{rel}","templated":true}]}}