{"id":91286,"date":"2026-04-30T09:19:58","date_gmt":"2026-04-30T14:19:58","guid":{"rendered":"https:\/\/esreviral.com\/?p=91286"},"modified":"2026-04-30T09:20:00","modified_gmt":"2026-04-30T14:20:00","slug":"argentina-y-venezuela-en-que-puesto-quedaron-en-el-ranking-global-de-libertad-de-prensa-2026","status":"publish","type":"post","link":"https:\/\/esreviral.com\/?p=91286","title":{"rendered":"Argentina y Venezuela: en qu\u00e9 puesto quedaron en el ranking global de libertad de prensa 2026"},"content":{"rendered":"\n<p><strong>Reporteros Sin Fronteras public\u00f3 su m\u00e1s reciente ranking global de libertad de prensa y advirti\u00f3 que, por primera vez en 25 a\u00f1os, m\u00e1s de la mitad de los pa\u00edses se encuentran en niveles \u201cdif\u00edcil\u201d o \u201cmuy grave\u201d<\/strong>, las categor\u00edas m\u00e1s cr\u00edticas del informe. Entre ellos figuran <strong>Argentina, Bolivia, Per\u00fa, Colombia, M\u00e9xico, Venezuela, Rusia, India y China, entre otros.<\/strong> La organizaci\u00f3n alert\u00f3 que la puntuaci\u00f3n promedio mundial nunca hab\u00eda sido tan baja y que, a lo largo de estos 25 a\u00f1os, la libertad de informaci\u00f3n se ha deteriorado de forma sostenida.<\/p>\n\n\n\n<p><strong>En el caso de Argentina, el pa\u00eds descendi\u00f3 al puesto 98<\/strong>, once posiciones por debajo del informe anterior, y pas\u00f3 de una situaci\u00f3n \u201cproblem\u00e1tica\u201d a \u201cdif\u00edcil\u201d. El informe vincula este retroceso con el deterioro del clima pol\u00edtico y social, as\u00ed como con un aumento de la hostilidad hacia la prensa. Tambi\u00e9n establece paralelismos entre el discurso del presidente Javier Milei y el de Donald Trump, cuyo pa\u00eds cay\u00f3 siete lugares hasta el puesto 64. Seg\u00fan RSF, ambos replican una l\u00ednea de confrontaci\u00f3n con los medios, lo que impacta en el ranking.<\/p>\n\n\n\n<p class=\"has-text-align-center\"><strong><a href=\"https:\/\/chat.whatsapp.com\/KWkTmakY3I05kNdd2oZl6d\"><em>\u00daNETE A NUESTRO GRUPO DE WHATSAPP PARA ESTAR INFORMADO<\/em><\/a><\/strong><\/p>\n\n\n<div class=\"wp-block-image\">\n<figure class=\"aligncenter size-large\"><img decoding=\"async\" src=\"https:\/\/www.clarin.com\/img\/2026\/04\/30\/sfdjc2HID_720x0__1.jpg\" alt=\"\"\/><figcaption class=\"wp-element-caption\">El ranking de libertad de prensa de Reporteros Sin Fronteras.<\/figcaption><\/figure><\/div>\n\n\n<p><\/p>\n\n\n\n<p><strong>Por su parte, Venezuela se ubic\u00f3 en el puesto 159 y contin\u00faa en un escenario de fuerte incertidumbre en cuanto a las garant\u00edas de libertad de informaci\u00f3n,<\/strong> pese a la liberaci\u00f3n de algunos periodistas detenidos a comienzos de a\u00f1o.<\/p>\n\n\n\n<p>El informe advierte que, aunque contin\u00faan los asesinatos y encarcelamientos de periodistas, las formas de presi\u00f3n han cambiado: actualmente predominan los discursos pol\u00edticos hostiles, el debilitamiento econ\u00f3mico de los medios y la utilizaci\u00f3n de marcos legales para restringir la actividad period\u00edstica. De los cinco indicadores evaluados \u2014pol\u00edtico, legal, econ\u00f3mico, social y de seguridad\u2014, el \u00e1mbito legal fue el que registr\u00f3 la mayor ca\u00edda este a\u00f1o.<\/p>\n\n\n\n<p><strong>RSF tambi\u00e9n se\u00f1al\u00f3 que en los pa\u00edses donde el crimen organizado ejerce violencia, la posici\u00f3n en el ranking se desploma. Ecuador cay\u00f3 al puesto 125 tras los asesinatos de los periodistas Darwin Baque y Patricio Aguilar. En Per\u00fa, que descendi\u00f3 al lugar 144, se reportaron cuatro asesinatos de periodistas en 2025.<\/strong><\/p>\n\n\n\n<p><strong>En tanto, Cuba (160)<\/strong> atraviesa una crisis que obliga a los pocos periodistas independientes a trabajar en la clandestinidad, mientras que Nicaragua (168) presenta un panorama medi\u00e1tico profundamente deteriorado debido a la represi\u00f3n sistem\u00e1tica y al empeoramiento de las condiciones para ejercer la profesi\u00f3n.<\/p>\n\n\n\n<p>El organismo advirti\u00f3 adem\u00e1s que, desde 2022, el retroceso en Am\u00e9rica es comparable al de regiones consideradas entre las m\u00e1s peligrosas para la prensa, como Europa del Este, Asia Central, Oriente Medio y el norte de \u00c1frica. A pesar de algunos avances puntuales, como el de Brasil (52), el informe identifica dos tendencias claras en la regi\u00f3n: el aumento de la violencia del crimen organizado y la presi\u00f3n desde el poder pol\u00edtico.<\/p>\n\n\n\n<p class=\"has-text-align-center\"><em><strong><em><strong><em><strong><em><strong><a href=\"https:\/\/t.me\/esreviral\">\u00daNETE A NUESTRO CANAL DE TELEGRAM PARA ESTAR INFORMADO<\/a><\/strong><\/em><\/strong><\/em><\/strong><\/em><\/strong><\/em><\/p>\n\n\n\n<p>A nivel global, Noruega lidera el ranking por d\u00e9cimo a\u00f1o consecutivo, mientras que Eritrea se mantiene en el \u00faltimo lugar por tercer a\u00f1o seguido. Por su parte, Siria registr\u00f3 el mayor avance en 2026, tras cambios recientes en su contexto interno.<\/p>\n\n\n\n<p class=\"has-text-align-right\"><strong><em>Con Informaci\u00f3n de Clarin.-<\/em><\/strong><\/p>\n","protected":false},"excerpt":{"rendered":"<p>Reporteros Sin Fronteras report\u00f3 que la puntuaci\u00f3n promedio de libertad de prensa del mundo es la m\u00e1s baja de la historia.<br \/>\nVinculan la ca\u00edda de Argentina con los lazos entre Javier Milei y Donald Trump.<\/p>\n","protected":false},"author":3,"featured_media":91287,"comment_status":"closed","ping_status":"closed","sticky":false,"template":"","format":"standard","meta":{"jnews-multi-image_gallery":[],"jnews_single_post":{"format":"standard"},"jnews_primary_category":[],"jnews_social_meta":[],"jnews_review":[],"enable_review":"","type":"","name":"","summary":"","brand":"","sku":"","good":[],"bad":[],"score_override":"","override_value":"","rating":[],"price":[],"jnews_override_counter":[],"jnews_post_split":[],"footnotes":""},"categories":[43],"tags":[44,3641,45,56],"class_list":["post-91286","post","type-post","status-publish","format-standard","has-post-thumbnail","hentry","category-actualidad","tag-argentina","tag-libertad-de-prensa","tag-noticias","tag-venezuela"],"amp_enabled":true,"_links":{"self":[{"href":"https:\/\/esreviral.com\/index.php?rest_route=\/wp\/v2\/posts\/91286"}],"collection":[{"href":"https:\/\/esreviral.com\/index.php?rest_route=\/wp\/v2\/posts"}],"about":[{"href":"https:\/\/esreviral.com\/index.php?rest_route=\/wp\/v2\/types\/post"}],"author":[{"embeddable":true,"href":"https:\/\/esreviral.com\/index.php?rest_route=\/wp\/v2\/users\/3"}],"replies":[{"embeddable":true,"href":"https:\/\/esreviral.com\/index.php?rest_route=%2Fwp%2Fv2%2Fcomments&post=91286"}],"version-history":[{"count":1,"href":"https:\/\/esreviral.com\/index.php?rest_route=\/wp\/v2\/posts\/91286\/revisions"}],"predecessor-version":[{"id":91289,"href":"https:\/\/esreviral.com\/index.php?rest_route=\/wp\/v2\/posts\/91286\/revisions\/91289"}],"wp:featuredmedia":[{"embeddable":true,"href":"https:\/\/esreviral.com\/index.php?rest_route=\/wp\/v2\/media\/91287"}],"wp:attachment":[{"href":"https:\/\/esreviral.com\/index.php?rest_route=%2Fwp%2Fv2%2Fmedia&parent=91286"}],"wp:term":[{"taxonomy":"category","embeddable":true,"href":"https:\/\/esreviral.com\/index.php?rest_route=%2Fwp%2Fv2%2Fcategories&post=91286"},{"taxonomy":"post_tag","embeddable":true,"href":"https:\/\/esreviral.com\/index.php?rest_route=%2Fwp%2Fv2%2Ftags&post=91286"}],"curies":[{"name":"wp","href":"https:\/\/api.w.org\/{rel}","templated":true}]}}