{"id":91279,"date":"2026-04-30T08:29:49","date_gmt":"2026-04-30T13:29:49","guid":{"rendered":"https:\/\/esreviral.com\/?p=91279"},"modified":"2026-04-30T08:29:50","modified_gmt":"2026-04-30T13:29:50","slug":"mataron-a-una-mujer-en-un-local-de-articulos-para-fiestas-el-dueno-del-comercio-es-el-principal-sospechoso","status":"publish","type":"post","link":"https:\/\/esreviral.com\/?p=91279","title":{"rendered":"Mataron a una mujer en un local de art\u00edculos para fiestas: el due\u00f1o del comercio es el principal sospechoso"},"content":{"rendered":"\n<p>Un violento hecho conmocion\u00f3 este mi\u00e9rcoles a La Plata. <strong>Un hombre armado irrumpi\u00f3 en un local de cotill\u00f3n (tienda de art\u00edculos para fiestas)<\/strong>, ubicado en la calle 37 entre 9 y 10, y<strong> dispar\u00f3 a corta distancia contra la empleada que atend\u00eda el comercio. La v\u00edctima, Paula Lastiris, de 47 a\u00f1os de edad, fue trasladada de urgencia al Hospital San Mart\u00edn, donde falleci\u00f3 debido a la gravedad de las heridas.<\/strong><\/p>\n\n\n\n<p class=\"has-text-align-center\"><strong><a href=\"https:\/\/chat.whatsapp.com\/KWkTmakY3I05kNdd2oZl6d\"><em>\u00daNETE A NUESTRO GRUPO DE WHATSAPP PARA ESTAR INFORMADO<\/em><\/a><\/strong><\/p>\n\n\n\n<p>El ataque ocurri\u00f3 alrededor del mediod\u00eda, luego de que un llamado al 911 alertara sobre una <strong>persona baleada en el comercio<\/strong>. Al arribar, efectivos policiales entrevistaron a vecinos que se\u00f1alaron que <strong>el agresor ingres\u00f3 al local y abri\u00f3 fuego contra la mujer.<\/strong><\/p>\n\n\n\n<p>Con los datos aportados, se despleg\u00f3 un operativo cerrojo con personal motorizado que patrullaba la zona. Minutos m\u00e1s tarde<strong>, el sospechoso fue detenido en calle 35 entre 5 y 6, donde tambi\u00e9n se le secuestr\u00f3 un rev\u00f3lver que habr\u00eda sido utilizado en el crimen.<\/strong><\/p>\n\n\n\n<p><strong>El detenido, identificado como Leopoldo Olegario Araoz, de 49 a\u00f1os de edad, fue trasladado a una comisar\u00eda y qued\u00f3 a disposici\u00f3n de la Justicia. <\/strong>Tras el ataque, el esposo de la v\u00edctima, Walter Romero, se present\u00f3 en el lugar y se\u00f1al\u00f3 que el presunto agresor ser\u00eda el due\u00f1o del local y que el conflicto podr\u00eda estar vinculado a una<strong> deuda de alquiler.<\/strong><\/p>\n\n\n\n<p>La causa qued\u00f3 en manos de la fiscal\u00eda de turno, que investiga el homicidio y prev\u00e9 tomar declaraci\u00f3n tanto a testigos como al acusado en las pr\u00f3ximas horas.<\/p>\n\n\n\n<p class=\"has-text-align-center\"><em><strong><em><strong><em><strong><em><strong><a href=\"https:\/\/t.me\/esreviral\">\u00daNETE A NUESTRO CANAL DE TELEGRAM PARA ESTAR INFORMADO<\/a><\/strong><\/em><\/strong><\/em><\/strong><\/em><\/strong><\/em><\/p>\n\n\n\n<p class=\"has-text-align-right\"><strong><em>Con Informaci\u00f3n de TN.-<\/em><\/strong><\/p>\n","protected":false},"excerpt":{"rendered":"<p>El hecho ocurri\u00f3 en un negocio de calle 37 entre 9 y 10. La v\u00edctima, Paula Lastiris, muri\u00f3 tras recibir un disparo.<\/p>\n","protected":false},"author":3,"featured_media":91280,"comment_status":"closed","ping_status":"closed","sticky":false,"template":"","format":"standard","meta":{"jnews-multi-image_gallery":[],"jnews_single_post":{"format":"standard"},"jnews_primary_category":[],"jnews_social_meta":[],"jnews_review":[],"enable_review":"","type":"","name":"","summary":"","brand":"","sku":"","good":[],"bad":[],"score_override":"","override_value":"","rating":[],"price":[],"jnews_override_counter":[],"jnews_post_split":[],"footnotes":""},"categories":[58,64],"tags":[44,42060,2517,930,45],"class_list":["post-91279","post","type-post","status-publish","format-standard","has-post-thumbnail","hentry","category-argentina","category-sucesos","tag-argentina","tag-cotillon","tag-crimen-2","tag-la-plata","tag-noticias"],"amp_enabled":true,"_links":{"self":[{"href":"https:\/\/esreviral.com\/index.php?rest_route=\/wp\/v2\/posts\/91279"}],"collection":[{"href":"https:\/\/esreviral.com\/index.php?rest_route=\/wp\/v2\/posts"}],"about":[{"href":"https:\/\/esreviral.com\/index.php?rest_route=\/wp\/v2\/types\/post"}],"author":[{"embeddable":true,"href":"https:\/\/esreviral.com\/index.php?rest_route=\/wp\/v2\/users\/3"}],"replies":[{"embeddable":true,"href":"https:\/\/esreviral.com\/index.php?rest_route=%2Fwp%2Fv2%2Fcomments&post=91279"}],"version-history":[{"count":1,"href":"https:\/\/esreviral.com\/index.php?rest_route=\/wp\/v2\/posts\/91279\/revisions"}],"predecessor-version":[{"id":91281,"href":"https:\/\/esreviral.com\/index.php?rest_route=\/wp\/v2\/posts\/91279\/revisions\/91281"}],"wp:featuredmedia":[{"embeddable":true,"href":"https:\/\/esreviral.com\/index.php?rest_route=\/wp\/v2\/media\/91280"}],"wp:attachment":[{"href":"https:\/\/esreviral.com\/index.php?rest_route=%2Fwp%2Fv2%2Fmedia&parent=91279"}],"wp:term":[{"taxonomy":"category","embeddable":true,"href":"https:\/\/esreviral.com\/index.php?rest_route=%2Fwp%2Fv2%2Fcategories&post=91279"},{"taxonomy":"post_tag","embeddable":true,"href":"https:\/\/esreviral.com\/index.php?rest_route=%2Fwp%2Fv2%2Ftags&post=91279"}],"curies":[{"name":"wp","href":"https:\/\/api.w.org\/{rel}","templated":true}]}}