{"id":91267,"date":"2026-04-29T18:10:50","date_gmt":"2026-04-29T23:10:50","guid":{"rendered":"https:\/\/esreviral.com\/?p=91267"},"modified":"2026-04-29T18:10:52","modified_gmt":"2026-04-29T23:10:52","slug":"a-horas-del-desalojo-el-drama-de-un-caraqueno-y-su-perrita-a-punto-de-quedar-en-la-calle-en-buenos-aires","status":"publish","type":"post","link":"https:\/\/esreviral.com\/?p=91267","title":{"rendered":"A horas del desalojo: El drama de un caraque\u00f1o y su perrita a punto de quedar en la calle en Buenos Aires"},"content":{"rendered":"\n<p>El reloj avanza y la angustia es cada vez m\u00e1s asfixiante. Hasta este martes, 30 de abril, el joven venezolano Daniel Duque tiene plazo para desalojar el departamento que hasta hoy ha sido su hogar en Buenos Aires. Lejos de su tierra y en una soledad profunda, Daniel se enfrenta a la aterradora posibilidad de dormir en la intemperie junto al ser que m\u00e1s ama en este momento: su perrita.<\/p>\n\n\n\n<p><br>La odisea de este caraque\u00f1o es el reflejo de las duras barreras que muchas veces se deben enfrentar al intentar alquilar. A pesar de llevar semanas buscando incansablemente un nuevo techo, se ha topado con un muro implacable. En la gran mayor\u00eda de los lugares le cierran las puertas simplemente por tener una mascota, y en los pocos sitios donde los aceptan, las condiciones econ\u00f3micas son inalcanzables: le exigen hasta cuatro meses de alquiler por adelantado, una suma de dinero imposible de cubrir en su situaci\u00f3n actual.<\/p>\n\n\n\n<p><strong><a href=\"https:\/\/chat.whatsapp.com\/KWkTmakY3I05kNdd2oZl6d\"><em>\u00daNETE A NUESTRO GRUPO DE WHATSAPP PARA ESTAR INFORMADO<\/em><\/a><\/strong><\/p>\n\n\n\n<blockquote class=\"wp-block-quote is-layout-flow wp-block-quote-is-layout-flow\">\n<p><strong>\u201cNo s\u00e9 qu\u00e9 hacer porque de verdad no cuento con el dinero suficiente para lo que me exigen, pero no puedo abandonar a mi perrita, quien me ha acompa\u00f1ado en mucho tiempo\u201d<\/strong>, relat\u00f3 Daniel, atrapado entre la desesperaci\u00f3n y el amor incondicional por su mascota.<\/p>\n<\/blockquote>\n\n\n\n<p>Para \u00e9l, entregar o abandonar a su fiel compa\u00f1era no es una opci\u00f3n. Ella ha sido su \u00fanica familia y su sost\u00e9n emocional en la emigraci\u00f3n, y ahora ambos necesitan desesperadamente de la empat\u00eda ciudadana para no quedar a la deriva.<\/p>\n\n\n\n<p><strong><mark style=\"background-color:rgba(0, 0, 0, 0)\" class=\"has-inline-color has-vivid-red-color\">\u00bfC\u00f3mo puedes cambiar el destino de Daniel y su perrita?<\/mark><\/strong><br>El tiempo se agot\u00f3, pero la solidaridad puede obrar milagros de \u00faltima hora. Daniel apela al coraz\u00f3n y a la buena voluntad de quienes puedan tenderle una mano en el momento m\u00e1s oscuro de su estad\u00eda en el pa\u00eds. <\/p>\n\n\n\n<p><strong>Se necesita con urgencia:<br>Un refugio temporal:<\/strong> Alguien que pueda ofrecerles un lugar seguro, aunque sea por unos pocos d\u00edas, para evitar que pasen la noche en la calle mientras logran una soluci\u00f3n definitiva.<\/p>\n\n\n\n<p><em><strong><em><strong><em><strong><em><strong><a href=\"https:\/\/t.me\/esreviral\">\u00daNETE A NUESTRO CANAL DE TELEGRAM PARA ESTAR INFORMADO<\/a><\/strong><\/em><\/strong><\/em><\/strong><\/em><\/strong><\/em><br><strong>Aporte econ\u00f3mico solidario:<\/strong> Cualquier contribuci\u00f3n financiera, por m\u00e1s peque\u00f1a que parezca, es vital para ayudarlo a reunir el exorbitante monto que le exigen como adelanto para ingresar a un nuevo alquiler.<\/p>\n\n\n\n<p><br>Quienes deseen darle un espaldarazo a Daniel en esta dolorosa carrera contra el tiempo, pueden enviar su granito de arena directamente a su cuenta:<br><strong>Alias:FREYA3010<\/strong><br><strong>A nombre de:<\/strong> Daniel Alejandro Duque<\/p>\n\n\n\n<p><br>Hoy es un joven trabajador que se niega a dejar atr\u00e1s a su familia de cuatro patas frente a la adversidad. Toda ayuda, ya sea difundiendo este mensaje, ofreciendo un techo temporal o aportando econ\u00f3micamente, puede salvarlos de la calle.<\/p>\n","protected":false},"excerpt":{"rendered":"<p>El reloj avanza y la angustia es cada vez m\u00e1s asfixiante. Hasta este martes, 30 de abril, el joven venezolano Daniel Duque tiene plazo para desalojar el departamento que hasta hoy ha sido su hogar en Buenos Aires. Lejos de su tierra y en una soledad profunda, Daniel se enfrenta a la aterradora posibilidad de [&hellip;]<\/p>\n","protected":false},"author":2,"featured_media":91268,"comment_status":"closed","ping_status":"closed","sticky":false,"template":"","format":"standard","meta":{"jnews-multi-image_gallery":[],"jnews_single_post":{"format":"standard"},"jnews_primary_category":[],"jnews_social_meta":[],"jnews_review":[],"enable_review":"","type":"","name":"","summary":"","brand":"","sku":"","good":[],"bad":[],"score_override":"","override_value":"","rating":[],"price":[],"jnews_override_counter":[],"jnews_post_split":[],"footnotes":""},"categories":[5892],"tags":[44,45,201,67,56],"class_list":["post-91267","post","type-post","status-publish","format-standard","has-post-thumbnail","hentry","category-venezolanos-en-argentina","tag-argentina","tag-noticias","tag-servicio-publico","tag-venezolanos-en-argentina","tag-venezuela"],"amp_enabled":true,"_links":{"self":[{"href":"https:\/\/esreviral.com\/index.php?rest_route=\/wp\/v2\/posts\/91267"}],"collection":[{"href":"https:\/\/esreviral.com\/index.php?rest_route=\/wp\/v2\/posts"}],"about":[{"href":"https:\/\/esreviral.com\/index.php?rest_route=\/wp\/v2\/types\/post"}],"author":[{"embeddable":true,"href":"https:\/\/esreviral.com\/index.php?rest_route=\/wp\/v2\/users\/2"}],"replies":[{"embeddable":true,"href":"https:\/\/esreviral.com\/index.php?rest_route=%2Fwp%2Fv2%2Fcomments&post=91267"}],"version-history":[{"count":1,"href":"https:\/\/esreviral.com\/index.php?rest_route=\/wp\/v2\/posts\/91267\/revisions"}],"predecessor-version":[{"id":91270,"href":"https:\/\/esreviral.com\/index.php?rest_route=\/wp\/v2\/posts\/91267\/revisions\/91270"}],"wp:featuredmedia":[{"embeddable":true,"href":"https:\/\/esreviral.com\/index.php?rest_route=\/wp\/v2\/media\/91268"}],"wp:attachment":[{"href":"https:\/\/esreviral.com\/index.php?rest_route=%2Fwp%2Fv2%2Fmedia&parent=91267"}],"wp:term":[{"taxonomy":"category","embeddable":true,"href":"https:\/\/esreviral.com\/index.php?rest_route=%2Fwp%2Fv2%2Fcategories&post=91267"},{"taxonomy":"post_tag","embeddable":true,"href":"https:\/\/esreviral.com\/index.php?rest_route=%2Fwp%2Fv2%2Ftags&post=91267"}],"curies":[{"name":"wp","href":"https:\/\/api.w.org\/{rel}","templated":true}]}}