{"id":91259,"date":"2026-04-29T15:56:11","date_gmt":"2026-04-29T20:56:11","guid":{"rendered":"https:\/\/esreviral.com\/?p=91259"},"modified":"2026-04-29T15:56:12","modified_gmt":"2026-04-29T20:56:12","slug":"escritora-venezolana-debuto-en-la-feria-internacional-del-libro-de-buenos-aires","status":"publish","type":"post","link":"https:\/\/esreviral.com\/?p=91259","title":{"rendered":"Escritora venezolana debut\u00f3 en la Feria Internacional del Libro de Buenos Aires"},"content":{"rendered":"\n<p>La escritora venezolana\u00a0<a href=\"https:\/\/www.instagram.com\/jennyreth1\/\">Jennyreth Moncada<\/a>\u00a0contin\u00faa celebrando los \u00e9xitos, ya que su libro <strong>Caro Amore no s\u00f3lo ha sido muy vendido y buscado por sus seguidores <\/strong>sino que se estren\u00f3 en la <strong>Feria Internacional del Libro de Buenos Aires, una de las m\u00e1s importantes del mundo <\/strong><\/p>\n\n\n\n<p>Moncada, dijo estar contenta y hasta nerviosa por haber sido tomada en cuenta para este gran evento, donde se presentan los autores m\u00e1s resultantes del pa\u00eds y otras latitudes.<\/p>\n\n\n\n<p>Su libro est\u00e1 disponible en el pabell\u00f3n azul, local 417 donde se puede adquirir hasta el 11 de mayo cuando finalice el evento.<\/p>\n\n\n\n<blockquote class=\"twitter-tweet\" data-media-max-width=\"560\"><p lang=\"es\" dir=\"ltr\">Autora venezolana se present\u00f3 en la Feria Internacional del Libro en Buenos Aires <a href=\"https:\/\/t.co\/KHDS9OI2UU\">pic.twitter.com\/KHDS9OI2UU<\/a><\/p>&mdash; ES RE VIRAL (@esreviral) <a href=\"https:\/\/twitter.com\/esreviral\/status\/2049591960826986772?ref_src=twsrc%5Etfw\">April 29, 2026<\/a><\/blockquote> <script async src=\"https:\/\/platform.twitter.com\/widgets.js\" charset=\"utf-8\"><\/script>\n","protected":false},"excerpt":{"rendered":"<p>La escritora venezolana\u00a0Jennyreth Moncada\u00a0contin\u00faa celebrando los \u00e9xitos, ya que su libro Caro Amore no s\u00f3lo ha sido muy vendido y buscado por sus seguidores sino que se estren\u00f3 en la Feria Internacional del Libro de Buenos Aires, una de las m\u00e1s importantes del mundo Moncada, dijo estar contenta y hasta nerviosa por haber sido tomada [&hellip;]<\/p>\n","protected":false},"author":2,"featured_media":91261,"comment_status":"closed","ping_status":"closed","sticky":false,"template":"","format":"standard","meta":{"jnews-multi-image_gallery":[],"jnews_single_post":{"format":"standard"},"jnews_primary_category":[],"jnews_social_meta":[],"jnews_review":[],"enable_review":"","type":"","name":"","summary":"","brand":"","sku":"","good":[],"bad":[],"score_override":"","override_value":"","rating":[],"price":[],"jnews_override_counter":[],"jnews_post_split":[],"footnotes":""},"categories":[5892],"tags":[9175,45,67],"class_list":["post-91259","post","type-post","status-publish","format-standard","has-post-thumbnail","hentry","category-venezolanos-en-argentina","tag-feria-internacional-del-libro","tag-noticias","tag-venezolanos-en-argentina"],"amp_enabled":true,"_links":{"self":[{"href":"https:\/\/esreviral.com\/index.php?rest_route=\/wp\/v2\/posts\/91259"}],"collection":[{"href":"https:\/\/esreviral.com\/index.php?rest_route=\/wp\/v2\/posts"}],"about":[{"href":"https:\/\/esreviral.com\/index.php?rest_route=\/wp\/v2\/types\/post"}],"author":[{"embeddable":true,"href":"https:\/\/esreviral.com\/index.php?rest_route=\/wp\/v2\/users\/2"}],"replies":[{"embeddable":true,"href":"https:\/\/esreviral.com\/index.php?rest_route=%2Fwp%2Fv2%2Fcomments&post=91259"}],"version-history":[{"count":1,"href":"https:\/\/esreviral.com\/index.php?rest_route=\/wp\/v2\/posts\/91259\/revisions"}],"predecessor-version":[{"id":91266,"href":"https:\/\/esreviral.com\/index.php?rest_route=\/wp\/v2\/posts\/91259\/revisions\/91266"}],"wp:featuredmedia":[{"embeddable":true,"href":"https:\/\/esreviral.com\/index.php?rest_route=\/wp\/v2\/media\/91261"}],"wp:attachment":[{"href":"https:\/\/esreviral.com\/index.php?rest_route=%2Fwp%2Fv2%2Fmedia&parent=91259"}],"wp:term":[{"taxonomy":"category","embeddable":true,"href":"https:\/\/esreviral.com\/index.php?rest_route=%2Fwp%2Fv2%2Fcategories&post=91259"},{"taxonomy":"post_tag","embeddable":true,"href":"https:\/\/esreviral.com\/index.php?rest_route=%2Fwp%2Fv2%2Ftags&post=91259"}],"curies":[{"name":"wp","href":"https:\/\/api.w.org\/{rel}","templated":true}]}}