{"id":91254,"date":"2026-04-29T15:10:05","date_gmt":"2026-04-29T20:10:05","guid":{"rendered":"https:\/\/esreviral.com\/?p=91254"},"modified":"2026-04-29T15:10:06","modified_gmt":"2026-04-29T20:10:06","slug":"los-voy-a-matar-a-todos-un-testigo-clave-conto-que-dijo-el-peluquero-antes-de-atacar-a-su-companero-en-recoleta","status":"publish","type":"post","link":"https:\/\/esreviral.com\/?p=91254","title":{"rendered":"\u00abLos voy a matar a todos\u00bb: un testigo clave cont\u00f3 qu\u00e9 dijo el peluquero antes de atacar a su compa\u00f1ero en Recoleta"},"content":{"rendered":"\n<p>En una nueva jornada ante el <strong>Tribunal Oral en lo Criminal N\u00b024<\/strong>, <strong>Facundo Verdini, propietario de la peluquer\u00eda <\/strong>donde ocurri\u00f3 el crimen, brind\u00f3 un testimonio clave. Durante su declaraci\u00f3n, detall\u00f3 c\u00f3mo <strong>Abel Guzm\u00e1n<\/strong> plane\u00f3 el ataque y ejecut\u00f3 a <strong>Germ\u00e1n Medina<\/strong> frente a sus compa\u00f1eros el pasado 20 de marzo.<\/p>\n\n\n\n<p class=\"has-text-align-center\"><strong><a href=\"https:\/\/chat.whatsapp.com\/KWkTmakY3I05kNdd2oZl6d\"><em>\u00daNETE A NUESTRO GRUPO DE WHATSAPP PARA ESTAR INFORMADO<\/em><\/a><\/strong><\/p>\n\n\n\n<figure class=\"wp-block-image size-large\"><img decoding=\"async\" src=\"https:\/\/tn.com.ar\/resizer\/v2\/german-medina-fue-asesinado-en-una-peluqueria-de-recoleta-foto-instagram-luzhipher-HNXEY6NKCFGB5EQHEORGP6UYDY.jpg?auth=8afb7f6b1181046fb1233fe19820467ea73fb1f856fd2552aebf4ecc8d4dabd7&amp;width=1440\" alt=\"\"\/><figcaption class=\"wp-element-caption\">Germ\u00e1n Medina fue asesinado en una peluquer\u00eda de Recoleta. (<\/figcaption><\/figure>\n\n\n\n<h3 class=\"wp-block-heading\"><strong><mark style=\"background-color:rgba(0, 0, 0, 0)\" class=\"has-inline-color has-vivid-red-color\">El relato del horror: un ataque planificado<\/mark><\/strong><\/h3>\n\n\n\n<p>Verdini explic\u00f3 que el comportamiento de Guzm\u00e1n ese d\u00eda fue inusual desde temprano: lleg\u00f3 con la cabeza rapada y, antes de cerrar el local, <strong>escondi\u00f3 las llaves<\/strong> para evitar que alguien pudiera escapar.<\/p>\n\n\n\n<p>Mientras el equipo compart\u00eda una cerveza al final de la jornada, Guzm\u00e1n interrumpi\u00f3 la charla de forma violenta. \u00ab<strong><em>Sac\u00f3 un arma, nos apunt\u00f3 a todos y dijo que nos iba a volar la cabeza\u00bb,<\/em><\/strong> relat\u00f3 el due\u00f1o del local. Seg\u00fan su testimonio, el agresor los acorral\u00f3 y, sin mediar palabra de la v\u00edctima, le dispar\u00f3 a Medina. \u00ab<strong><em>El sonido fue tremendo y todos salimos corriendo\u00bb<\/em><\/strong>, record\u00f3 Verdini.<\/p>\n\n\n\n<h3 class=\"wp-block-heading\"><strong><mark style=\"background-color:rgba(0, 0, 0, 0)\" class=\"has-inline-color has-vivid-red-color\">El m\u00f3vil: celos profesionales y conflicto por el formol<\/mark><\/strong><\/h3>\n\n\n\n<p>Al ser consultado sobre los motivos del ataque, Verdini se\u00f1al\u00f3 dos factores principales:<\/p>\n\n\n\n<ol start=\"1\" class=\"wp-block-list\">\n<li><strong>Uso de sustancias t\u00f3xicas:<\/strong> Medina y el due\u00f1o sol\u00edan cuestionar a Guzm\u00e1n por utilizar formol puro en los tratamientos, debido al fuerte olor y los riesgos para la salud, algo que el agresor ignoraba.<\/li>\n\n\n\n<li><strong>Rivalidad:<\/strong> La relaci\u00f3n entre Guzm\u00e1n y Medina se hab\u00eda desgastado profundamente en la \u00faltima semana. Verdini sugiri\u00f3 que Guzm\u00e1n podr\u00eda haber sentido <strong>celos profesionales<\/strong> hacia Medina, aunque nunca plante\u00f3 sus quejas de manera formal.<\/li>\n<\/ol>\n\n\n\n<h3 class=\"wp-block-heading\"><strong><mark style=\"background-color:rgba(0, 0, 0, 0)\" class=\"has-inline-color has-vivid-red-color\">Testimonio de Noelia Palazzo: \u00abNos iba a matar a todos\u00bb<\/mark><\/strong><\/h3>\n\n\n\n<p>La joven empleada, que llevaba apenas un mes trabajando en el sal\u00f3n, tambi\u00e9n prest\u00f3 declaraci\u00f3n entre l\u00e1grimas. Confirm\u00f3 que era la primera vez que se quedaba despu\u00e9s del horario laboral y describi\u00f3 la frialdad de Guzm\u00e1n antes de disparar. Al igual que Verdini, Palazzo se refugi\u00f3 en el ba\u00f1o tras el estruendo para llamar al 911.<\/p>\n\n\n\n<p class=\"has-text-align-center\"><em><strong><em><strong><em><strong><em><strong><a href=\"https:\/\/t.me\/esreviral\">\u00daNETE A NUESTRO CANAL DE TELEGRAM PARA ESTAR INFORMADO<\/a><\/strong><\/em><\/strong><\/em><\/strong><\/em><\/strong><\/em><\/p>\n\n\n\n<h3 class=\"wp-block-heading\"><strong><mark style=\"background-color:rgba(0, 0, 0, 0)\" class=\"has-inline-color has-vivid-red-color\">Pr\u00f3ximos pasos procesales<\/mark><\/strong><\/h3>\n\n\n\n<p>La declaraci\u00f3n de ambos testigos cierra una etapa fundamental antes de los alegatos. El proceso continuar\u00e1 el pr\u00f3ximo <strong>5 de mayo a las 13:30<\/strong>, fecha en la que la fiscal\u00eda y la querella presentar\u00e1n sus argumentos finales contra Abel Guzm\u00e1n, quien actualmente es defendido por los abogados Claudio Severino y Ricardo Sanetti.<\/p>\n\n\n\n<p class=\"has-text-align-right\"><strong><em>Con Informaci\u00f3n de TN.-<\/em><\/strong><\/p>\n","protected":false},"excerpt":{"rendered":"<p>Se trata de Facundo Verdini, el due\u00f1o de la peluquer\u00eda donde ocurri\u00f3 el crimen. Los alegatos ser\u00e1n la semana pr\u00f3xima.<\/p>\n","protected":false},"author":3,"featured_media":90657,"comment_status":"closed","ping_status":"closed","sticky":false,"template":"","format":"standard","meta":{"jnews-multi-image_gallery":[],"jnews_single_post":{"format":"standard"},"jnews_primary_category":[],"jnews_social_meta":[],"jnews_review":[],"enable_review":"","type":"","name":"","summary":"","brand":"","sku":"","good":[],"bad":[],"score_override":"","override_value":"","rating":[],"price":[],"jnews_override_counter":[],"jnews_post_split":[],"footnotes":""},"categories":[58,64],"tags":[14306,42036,14274,45,14800,2480],"class_list":["post-91254","post","type-post","status-publish","format-standard","has-post-thumbnail","hentry","category-argentina","category-sucesos","tag-abel-guzman","tag-facundo-verdini","tag-german-medina","tag-noticias","tag-peluquero","tag-recoleta"],"amp_enabled":true,"_links":{"self":[{"href":"https:\/\/esreviral.com\/index.php?rest_route=\/wp\/v2\/posts\/91254"}],"collection":[{"href":"https:\/\/esreviral.com\/index.php?rest_route=\/wp\/v2\/posts"}],"about":[{"href":"https:\/\/esreviral.com\/index.php?rest_route=\/wp\/v2\/types\/post"}],"author":[{"embeddable":true,"href":"https:\/\/esreviral.com\/index.php?rest_route=\/wp\/v2\/users\/3"}],"replies":[{"embeddable":true,"href":"https:\/\/esreviral.com\/index.php?rest_route=%2Fwp%2Fv2%2Fcomments&post=91254"}],"version-history":[{"count":2,"href":"https:\/\/esreviral.com\/index.php?rest_route=\/wp\/v2\/posts\/91254\/revisions"}],"predecessor-version":[{"id":91256,"href":"https:\/\/esreviral.com\/index.php?rest_route=\/wp\/v2\/posts\/91254\/revisions\/91256"}],"wp:featuredmedia":[{"embeddable":true,"href":"https:\/\/esreviral.com\/index.php?rest_route=\/wp\/v2\/media\/90657"}],"wp:attachment":[{"href":"https:\/\/esreviral.com\/index.php?rest_route=%2Fwp%2Fv2%2Fmedia&parent=91254"}],"wp:term":[{"taxonomy":"category","embeddable":true,"href":"https:\/\/esreviral.com\/index.php?rest_route=%2Fwp%2Fv2%2Fcategories&post=91254"},{"taxonomy":"post_tag","embeddable":true,"href":"https:\/\/esreviral.com\/index.php?rest_route=%2Fwp%2Fv2%2Ftags&post=91254"}],"curies":[{"name":"wp","href":"https:\/\/api.w.org\/{rel}","templated":true}]}}