{"id":91245,"date":"2026-04-29T13:05:08","date_gmt":"2026-04-29T18:05:08","guid":{"rendered":"https:\/\/esreviral.com\/?p=91245"},"modified":"2026-04-29T13:05:09","modified_gmt":"2026-04-29T18:05:09","slug":"enfotos-arrestados-84-personas-por-explotacion-sexual-infantil-en-red-global","status":"publish","type":"post","link":"https:\/\/esreviral.com\/?p=91245","title":{"rendered":"#EnFotos Arrestados 84 personas por explotaci\u00f3n sexual infantil en red global"},"content":{"rendered":"\n<p>Bajo el nombre <strong>\u201cAliados por la infancia VI\u201d<\/strong>, se ejecut\u00f3 una masiva acci\u00f3n policial internacional destinada a<strong> desarticular redes de abuso sexual infantil<\/strong>. El operativo fue coordinado globalmente desde la Ciudad de Buenos Aires por el Cuerpo de Investigaciones Judiciales (CIJ) del Ministerio P\u00fablico Fiscal.<\/p>\n\n\n\n<p class=\"has-text-align-center\"><strong><a href=\"https:\/\/chat.whatsapp.com\/KWkTmakY3I05kNdd2oZl6d\"><em>\u00daNETE A NUESTRO GRUPO DE WHATSAPP PARA ESTAR INFORMADO<\/em><\/a><\/strong><\/p>\n\n\n\n<h3 class=\"wp-block-heading\"><strong><mark style=\"background-color:rgba(0, 0, 0, 0)\" class=\"has-inline-color has-vivid-red-color\">Resultados a escala global y local<\/mark><\/strong><\/h3>\n\n\n\n<p>La operaci\u00f3n consisti\u00f3 en <strong>270 allanamientos simult\u00e1neos<\/strong> en 13 pa\u00edses, resultando en un total de <strong>84 personas arrestadas<\/strong>.<\/p>\n\n\n\n<ul class=\"wp-block-list\">\n<li><strong>En Argentina:<\/strong> Se llevaron a cabo 68 registros en 17 provincias (desde la Patagonia hasta el Norte), logrando la <strong>detenci\u00f3n de 26 sospechosos<\/strong>.<\/li>\n\n\n\n<li><strong>En el exterior:<\/strong> Brasil encabez\u00f3 la lista de capturas con 44 detenidos, seguido por Panam\u00e1 (7), Uruguay (3), Per\u00fa (3) y Puerto Rico (1). Tambi\u00e9n participaron naciones como Espa\u00f1a, Francia, Costa Rica y Paraguay, entre otras.<\/li>\n<\/ul>\n\n\n\n<p><\/p>\n\n\n\n<figure class=\"wp-block-image size-large\"><img decoding=\"async\" src=\"https:\/\/tn.com.ar\/resizer\/v2\/hubo-26-detenidos-en-la-argentina-foto-ministerio-pulico-fiscal-de-caba-LD7ZPMFNIJCAFF6ETZ5PNMVIUQ.jpg?auth=6451773f3214e1635d80cec448e99675dde416d31de83f79056b1ac67f8023dc&amp;width=1440\" alt=\"\"\/><figcaption class=\"wp-element-caption\">Hubo 26 detenidos en Argentina. (Foto: Ministerio P\u00falico Fiscal de CABA).<\/figcaption><\/figure>\n\n\n\n<h3 class=\"wp-block-heading\"><strong><mark style=\"background-color:rgba(0, 0, 0, 0)\" class=\"has-inline-color has-vivid-red-color\">Origen y delitos investigados<\/mark><\/strong><\/h3>\n\n\n\n<p>La investigaci\u00f3n se activ\u00f3 gracias al rastreo de usuarios en redes sociales que compart\u00edan material de abuso y al an\u00e1lisis de informes del Centro Nacional para Ni\u00f1os Desaparecidos y Explotados (NCMEC). Los acusados enfrentan cargos por <strong>tenencia, producci\u00f3n y distribuci\u00f3n<\/strong> de material il\u00edcito. Las autoridades buscan determinar si los implicados son adem\u00e1s autores directos de abusos f\u00edsicos.<\/p>\n\n\n\n<h3 class=\"wp-block-heading\"><strong><mark style=\"background-color:rgba(0, 0, 0, 0)\" class=\"has-inline-color has-vivid-red-color\">Declaraciones de las autoridades<\/mark><\/strong><\/h3>\n\n\n\n<p>El Fiscal General de la Ciudad, <strong>Mart\u00edn L\u00f3pez Zavaleta<\/strong>, destac\u00f3 la importancia de que Buenos Aires funcione como centro de coordinaci\u00f3n para una tarea que requiere un esfuerzo log\u00edstico inmenso. \u00abEstamos yendo al fondo, secuestrando equipos y desarticulando redes\u00bb, afirm\u00f3.<\/p>\n\n\n\n<p>Por otro lado, la fiscal <strong>Daniela Dupuy<\/strong> se\u00f1al\u00f3 que el pr\u00f3ximo paso es el peritaje t\u00e9cnico de los dispositivos electr\u00f3nicos secuestrados. Este an\u00e1lisis ser\u00e1 clave para definir si los casos ir\u00e1n a juicio oral o si se resolver\u00e1n mediante juicios abreviados para acelerar las condenas.<\/p>\n\n\n\n<figure class=\"wp-block-image size-large\"><img decoding=\"async\" src=\"https:\/\/tn.com.ar\/resizer\/v2\/el-operativo-se-llevo-a-cabo-de-manera-conjunta-en-varios-paises-foto-ministerio-pulico-fiscal-de-caba-HMIWKGEZ65EDLHZ6MZTGASNN7M.jpg?auth=b68f9a77013be16dc2f0be8842f8ca77152b248abff7283f6208a85597a620cc&amp;width=1440\" alt=\"\"\/><figcaption class=\"wp-element-caption\">El operativo se llev\u00f3 a cabo de manera conjunta en varios pa\u00edses. (Foto: Ministerio P\u00falico Fiscal de CABA).<\/figcaption><\/figure>\n\n\n\n<p><\/p>\n\n\n\n<p class=\"has-text-align-center\"><em><strong><em><strong><em><strong><em><strong><a href=\"https:\/\/t.me\/esreviral\">\u00daNETE A NUESTRO CANAL DE TELEGRAM PARA ESTAR INFORMADO<\/a><\/strong><\/em><\/strong><\/em><\/strong><\/em><\/strong><\/em><\/p>\n\n\n\n<h3 class=\"wp-block-heading\"><strong><mark style=\"background-color:rgba(0, 0, 0, 0)\" class=\"has-inline-color has-vivid-red-color\">Cooperaci\u00f3n estrat\u00e9gica<\/mark><\/strong><\/h3>\n\n\n\n<p>El \u00e9xito de este megaoperativo fue fruto de un trabajo conjunto entre el Ministerio P\u00fablico Fiscal porte\u00f1o, la <strong>Embajada de los Estados Unidos<\/strong> y el Departamento de Seguridad Nacional (Homeland Security) de dicho pa\u00eds.<\/p>\n\n\n\n<p class=\"has-text-align-right\"><strong><em>Con Informaci\u00f3n de TN.-<\/em><\/strong><\/p>\n","protected":false},"excerpt":{"rendered":"<p>Durante la operaci\u00f3n se realizaron 270 allanamientos a nivel global, de los cuales 68 ocurrieron en el pa\u00eds.<\/p>\n","protected":false},"author":3,"featured_media":91246,"comment_status":"closed","ping_status":"closed","sticky":false,"template":"","format":"standard","meta":{"jnews-multi-image_gallery":[],"jnews_single_post":{"format":"standard"},"jnews_primary_category":[],"jnews_social_meta":[],"jnews_review":[],"enable_review":"","type":"","name":"","summary":"","brand":"","sku":"","good":[],"bad":[],"score_override":"","override_value":"","rating":[],"price":[],"jnews_override_counter":[],"jnews_post_split":[],"footnotes":""},"categories":[58,64],"tags":[44,468,7845,6097,45,4861],"class_list":["post-91245","post","type-post","status-publish","format-standard","has-post-thumbnail","hentry","category-argentina","category-sucesos","tag-argentina","tag-caba","tag-explotacion-sexual-infantil-2","tag-internacional","tag-noticias","tag-operativo"],"amp_enabled":true,"_links":{"self":[{"href":"https:\/\/esreviral.com\/index.php?rest_route=\/wp\/v2\/posts\/91245"}],"collection":[{"href":"https:\/\/esreviral.com\/index.php?rest_route=\/wp\/v2\/posts"}],"about":[{"href":"https:\/\/esreviral.com\/index.php?rest_route=\/wp\/v2\/types\/post"}],"author":[{"embeddable":true,"href":"https:\/\/esreviral.com\/index.php?rest_route=\/wp\/v2\/users\/3"}],"replies":[{"embeddable":true,"href":"https:\/\/esreviral.com\/index.php?rest_route=%2Fwp%2Fv2%2Fcomments&post=91245"}],"version-history":[{"count":1,"href":"https:\/\/esreviral.com\/index.php?rest_route=\/wp\/v2\/posts\/91245\/revisions"}],"predecessor-version":[{"id":91247,"href":"https:\/\/esreviral.com\/index.php?rest_route=\/wp\/v2\/posts\/91245\/revisions\/91247"}],"wp:featuredmedia":[{"embeddable":true,"href":"https:\/\/esreviral.com\/index.php?rest_route=\/wp\/v2\/media\/91246"}],"wp:attachment":[{"href":"https:\/\/esreviral.com\/index.php?rest_route=%2Fwp%2Fv2%2Fmedia&parent=91245"}],"wp:term":[{"taxonomy":"category","embeddable":true,"href":"https:\/\/esreviral.com\/index.php?rest_route=%2Fwp%2Fv2%2Fcategories&post=91245"},{"taxonomy":"post_tag","embeddable":true,"href":"https:\/\/esreviral.com\/index.php?rest_route=%2Fwp%2Fv2%2Ftags&post=91245"}],"curies":[{"name":"wp","href":"https:\/\/api.w.org\/{rel}","templated":true}]}}