{"id":91243,"date":"2026-04-29T12:51:08","date_gmt":"2026-04-29T17:51:08","guid":{"rendered":"https:\/\/esreviral.com\/?p=91243"},"modified":"2026-04-29T12:54:10","modified_gmt":"2026-04-29T17:54:10","slug":"dictan-medidas-cautelares-por-la-situacion-de-riesgo-de-un-ciudadano-argentino-en-carceles-venezolanas","status":"publish","type":"post","link":"https:\/\/esreviral.com\/?p=91243","title":{"rendered":"Dictan medidas cautelares por la situaci\u00f3n de riesgo de un ciudadano argentino en c\u00e1rceles venezolanas"},"content":{"rendered":"\n<p><strong>La Comisi\u00f3n Interamericana de Derechos Humanos (CIDH) dict\u00f3 este 27 de abril la Resoluci\u00f3n 32\/2026, mediante la cual otorga medidas cautelares en favor de Germ\u00e1n Dar\u00edo Giuliani.<\/strong> El organismo considera que el <strong>ciudadano argentino, detenido en Venezuela<\/strong>, se encuentra en una situaci\u00f3n de \u00abgravedad y urgencia\u00bb que pone en riesgo inminente su vida e integridad f\u00edsica.<\/p>\n\n\n\n<p class=\"has-text-align-center\"><strong><a href=\"https:\/\/chat.whatsapp.com\/KWkTmakY3I05kNdd2oZl6d\"><em>\u00daNETE A NUESTRO GRUPO DE WHATSAPP PARA ESTAR INFORMADO<\/em><\/a><\/strong><\/p>\n\n\n\n<h3 class=\"wp-block-heading\"><strong><mark style=\"background-color:rgba(0, 0, 0, 0)\" class=\"has-inline-color has-vivid-red-color\">Un a\u00f1o de incertidumbre<\/mark><\/strong><\/h3>\n\n\n\n<p>Giuliani fue privado de su libertad en mayo de 2025. Seg\u00fan la denuncia presentada ante la Comisi\u00f3n, el hombre se encuentra recluido en el Complejo Penitenciario de Yare, pero bajo un r\u00e9gimen de incomunidaci\u00f3n total. Esta falta de contacto ha impedido que tanto sus familiares como sus representantes legales conozcan su estado de salud actual o las condiciones reales de su detenci\u00f3n.<\/p>\n\n\n\n<p>La CIDH subray\u00f3 con preocupaci\u00f3n que el Estado venezolano no ha proporcionado informaci\u00f3n ni descargos sobre la situaci\u00f3n del beneficiario, lo que refuerza los indicios de desprotecci\u00f3n.<\/p>\n\n\n\n<h3 class=\"wp-block-heading\"><strong><mark style=\"background-color:rgba(0, 0, 0, 0)\" class=\"has-inline-color has-vivid-red-color\">El pedido a Caracas<\/mark><\/strong><\/h3>\n\n\n\n<p>En el documento, la Comisi\u00f3n advirti\u00f3 que la falta de transparencia estatal y la condici\u00f3n de aislamiento de Giuliani constituyen un riesgo que \u00ab<strong><em>podr\u00eda concretarse en cualquier momento\u00bb<\/em><\/strong>. Por ello, inst\u00f3 formalmente al gobierno de Venezuela a cumplir con las siguientes disposiciones:<\/p>\n\n\n\n<ul class=\"wp-block-list\">\n<li><strong>Acreditar ubicaci\u00f3n y contacto:<\/strong> Confirmar el paradero exacto del detenido y permitir el acceso inmediato de sus abogados y del cuerpo consular argentino.<\/li>\n\n\n\n<li><strong>Asistencia m\u00e9dica y b\u00e1sica:<\/strong> Realizar una evaluaci\u00f3n m\u00e9dica urgente y garantizar que cuente con acceso a agua potable y alimentaci\u00f3n suficiente.<\/li>\n\n\n\n<li><strong>Seguridad personal:<\/strong> Adoptar las medidas necesarias para asegurar que no sea objeto de violencia dentro del recinto carcelario.<\/li>\n<\/ul>\n\n\n\n<h3 class=\"wp-block-heading\"><strong><mark style=\"background-color:rgba(0, 0, 0, 0)\" class=\"has-inline-color has-vivid-red-color\">Car\u00e1cter preventivo<\/mark><\/strong><\/h3>\n\n\n\n<p>El organismo con sede en Washington aclar\u00f3 que el otorgamiento de estas medidas no constituye un juicio sobre la culpabilidad o inocencia de Giuliani, ni un pronunciamiento sobre el fondo del proceso judicial en su contra. Se trata, estrictamente, de un mecanismo de protecci\u00f3n para evitar da\u00f1os irreparables mientras se resuelve su situaci\u00f3n jur\u00eddica.<\/p>\n\n\n\n<p class=\"has-text-align-center\"><em><strong><em><strong><em><strong><em><strong><a href=\"https:\/\/t.me\/esreviral\">\u00daNETE A NUESTRO CANAL DE TELEGRAM PARA ESTAR INFORMADO<\/a><\/strong><\/em><\/strong><\/em><\/strong><\/em><\/strong><\/em><\/p>\n\n\n\n<p>La CIDH finaliz\u00f3 solicitando a las autoridades venezolanas que informen en un plazo perentorio sobre las acciones tomadas para implementar estas recomendaciones y que coordinen dichas medidas con los representantes del beneficiario.<\/p>\n\n\n\n<p class=\"has-text-align-right\"><strong><em>Con Informaci\u00f3n de .oas.org.-<\/em><\/strong><\/p>\n","protected":false},"excerpt":{"rendered":"<p>El organismo exigi\u00f3 al r\u00e9gimen chavista informar d\u00f3nde est\u00e1 alojado el \u00faltimo argentino secuestrado por el chavismo. El informe menciona golpizas, tormentos f\u00edsicos y amenazas de desaparici\u00f3n<\/p>\n","protected":false},"author":3,"featured_media":90216,"comment_status":"closed","ping_status":"closed","sticky":false,"template":"","format":"standard","meta":{"jnews-multi-image_gallery":[],"jnews_single_post":{"format":"standard"},"jnews_primary_category":[],"jnews_social_meta":[],"jnews_review":[],"enable_review":"","type":"","name":"","summary":"","brand":"","sku":"","good":[],"bad":[],"score_override":"","override_value":"","rating":[],"price":[],"jnews_override_counter":[],"jnews_post_split":[],"footnotes":""},"categories":[59],"tags":[44,263,17974,854,30520,33398,45,56],"class_list":["post-91243","post","type-post","status-publish","format-standard","has-post-thumbnail","hentry","category-politica","tag-argentina","tag-cidh","tag-comision-interamericana-de-derechos-humanos","tag-derechos-humanos","tag-german-dario-giuliani","tag-medidas-cautelares","tag-noticias","tag-venezuela"],"amp_enabled":true,"_links":{"self":[{"href":"https:\/\/esreviral.com\/index.php?rest_route=\/wp\/v2\/posts\/91243"}],"collection":[{"href":"https:\/\/esreviral.com\/index.php?rest_route=\/wp\/v2\/posts"}],"about":[{"href":"https:\/\/esreviral.com\/index.php?rest_route=\/wp\/v2\/types\/post"}],"author":[{"embeddable":true,"href":"https:\/\/esreviral.com\/index.php?rest_route=\/wp\/v2\/users\/3"}],"replies":[{"embeddable":true,"href":"https:\/\/esreviral.com\/index.php?rest_route=%2Fwp%2Fv2%2Fcomments&post=91243"}],"version-history":[{"count":1,"href":"https:\/\/esreviral.com\/index.php?rest_route=\/wp\/v2\/posts\/91243\/revisions"}],"predecessor-version":[{"id":91244,"href":"https:\/\/esreviral.com\/index.php?rest_route=\/wp\/v2\/posts\/91243\/revisions\/91244"}],"wp:featuredmedia":[{"embeddable":true,"href":"https:\/\/esreviral.com\/index.php?rest_route=\/wp\/v2\/media\/90216"}],"wp:attachment":[{"href":"https:\/\/esreviral.com\/index.php?rest_route=%2Fwp%2Fv2%2Fmedia&parent=91243"}],"wp:term":[{"taxonomy":"category","embeddable":true,"href":"https:\/\/esreviral.com\/index.php?rest_route=%2Fwp%2Fv2%2Fcategories&post=91243"},{"taxonomy":"post_tag","embeddable":true,"href":"https:\/\/esreviral.com\/index.php?rest_route=%2Fwp%2Fv2%2Ftags&post=91243"}],"curies":[{"name":"wp","href":"https:\/\/api.w.org\/{rel}","templated":true}]}}