{"id":91229,"date":"2026-04-29T11:42:25","date_gmt":"2026-04-29T16:42:25","guid":{"rendered":"https:\/\/esreviral.com\/?p=91229"},"modified":"2026-04-29T13:11:02","modified_gmt":"2026-04-29T18:11:02","slug":"venezolano-en-dialisis-solicita-ayuda-para-costear-tratamiento-y-gastos-medicos-en-argentina","status":"publish","type":"post","link":"https:\/\/esreviral.com\/?p=91229","title":{"rendered":"Venezolano en di\u00e1lisis solicita ayuda para costear tratamiento y gastos m\u00e9dicos en Argentina"},"content":{"rendered":"\n<p>Jos\u00e9 Luis Vicenzo Leal, de 54 a\u00f1os de edad, oriundo de Guanare, estado Portuguesa (Venezuela) y mec\u00e1nico de oficio,<strong> atraviesa un delicado cuadro de salud que lo mantiene en tratamiento de di\u00e1lisis, mientras enfrenta dificultades econ\u00f3micas para sostener su recuperaci\u00f3n.<\/strong><\/p>\n\n\n\n<p>El paciente padece insuficiencia renal cr\u00f3nica, diabetes e hipertensi\u00f3n, condiciones que requieren atenci\u00f3n m\u00e9dica constante, medicaci\u00f3n espec\u00edfica y una alimentaci\u00f3n estricta. Seg\u00fan relataron sus familiares, los costos del tratamiento se han vuelto dif\u00edciles de afrontar, especialmente <strong>por el alto valor de las insulinas \u2014que rondan los 30 mil pesos cada una y debe aplicarse dos dosis diarias\u2014, a<\/strong>dem\u00e1s de otros medicamentos esenciales.<\/p>\n\n\n\n<p class=\"has-text-align-center\"><strong><a href=\"https:\/\/chat.whatsapp.com\/KWkTmakY3I05kNdd2oZl6d\"><em>\u00daNETE A NUESTRO GRUPO DE WHATSAPP PARA ESTAR INFORMADO<\/em><\/a><\/strong><\/p>\n\n\n<div class=\"wp-block-image\">\n<figure class=\"aligncenter size-large\"><img fetchpriority=\"high\" decoding=\"async\" width=\"576\" height=\"1024\" src=\"https:\/\/esreviral.com\/wp-content\/uploads\/2026\/04\/WhatsApp-Image-2026-04-28-at-9.03.02-PM-576x1024.webp\" alt=\"\" class=\"wp-image-91231\" srcset=\"https:\/\/esreviral.com\/wp-content\/uploads\/2026\/04\/WhatsApp-Image-2026-04-28-at-9.03.02-PM-576x1024.webp 576w, https:\/\/esreviral.com\/wp-content\/uploads\/2026\/04\/WhatsApp-Image-2026-04-28-at-9.03.02-PM-169x300.webp 169w, https:\/\/esreviral.com\/wp-content\/uploads\/2026\/04\/WhatsApp-Image-2026-04-28-at-9.03.02-PM-768x1366.webp 768w, https:\/\/esreviral.com\/wp-content\/uploads\/2026\/04\/WhatsApp-Image-2026-04-28-at-9.03.02-PM-864x1536.webp 864w, https:\/\/esreviral.com\/wp-content\/uploads\/2026\/04\/WhatsApp-Image-2026-04-28-at-9.03.02-PM.webp 899w\" sizes=\"(max-width: 576px) 100vw, 576px\" \/><\/figure><\/div>\n\n\n<p><\/p>\n\n\n\n<p>Actualmente, Vicenzo Leal reside junto a su hijo Jean Paolo en el partido de Vicente L\u00f3pez, provincia de Buenos Aires. E<strong>l joven trabaja como conductor de aplicaciones con un veh\u00edculo alquilado y es quien sostiene el hogar, <\/strong>aunque sus ingresos no alcanzan para cubrir todos los gastos vinculados a la salud y la vida cotidiana.<\/p>\n\n\n\n<p>El cuadro cl\u00ednico del paciente es complejo. Fue diagnosticado con enfermedad renal cr\u00f3nica reagudizada y s\u00edndrome ur\u00e9mico, con antecedentes de hipertensi\u00f3n, diabetes, dislipidemia, tabaquismo y una angioplastia con colocaci\u00f3n de stent realizada en 2023. Debido al agravamiento de su estado, debi\u00f3 iniciar di\u00e1lisis de emergencia y recientemente fue sometido a una cirug\u00eda urgente para la confecci\u00f3n de una f\u00edstula arteriovenosa (FAV), procedimiento necesario para continuar con el tratamiento.<\/p>\n\n\n\n<p>Frente a esta situaci\u00f3n, la familia solicita la colaboraci\u00f3n de la comunidad para poder afrontar los costos m\u00e9dicos, farmacol\u00f3gicos y alimentarios que demanda su condici\u00f3n, mientras contin\u00faan con el proceso de recuperaci\u00f3n.<\/p>\n\n\n\n<p><strong><mark style=\"background-color:rgba(0, 0, 0, 0)\" class=\"has-inline-color has-vivid-red-color\">Quienes deseen, pueden hacer sus donaciones a la cuenta: <\/mark><\/strong><\/p>\n\n\n\n<p><strong>CBU: <\/strong>3840200500000036504567<\/p>\n\n\n\n<p><strong>ALIAS: <\/strong>jeanpaolo10<\/p>\n\n\n\n<p class=\"has-text-align-center\"><em><strong><em><strong><em><strong><em><strong><a href=\"https:\/\/t.me\/esreviral\">\u00daNETE A NUESTRO CANAL DE TELEGRAM PARA ESTAR INFORMADO<\/a><\/strong><\/em><\/strong><\/em><\/strong><\/em><\/strong><\/em><\/p>\n\n\n\n<p><strong>A nombre de: <\/strong>Jean Paolo Vicenzo Chacin<\/p>\n\n\n\n<p>UALA<\/p>\n\n\n\n<figure class=\"wp-block-image size-large\"><img decoding=\"async\" width=\"621\" height=\"1024\" src=\"https:\/\/esreviral.com\/wp-content\/uploads\/2026\/04\/WhatsApp-Image-2026-04-28-at-9.03.35-PM-621x1024.webp\" alt=\"\" class=\"wp-image-91233\" srcset=\"https:\/\/esreviral.com\/wp-content\/uploads\/2026\/04\/WhatsApp-Image-2026-04-28-at-9.03.35-PM-621x1024.webp 621w, https:\/\/esreviral.com\/wp-content\/uploads\/2026\/04\/WhatsApp-Image-2026-04-28-at-9.03.35-PM-182x300.webp 182w, https:\/\/esreviral.com\/wp-content\/uploads\/2026\/04\/WhatsApp-Image-2026-04-28-at-9.03.35-PM.webp 720w\" sizes=\"(max-width: 621px) 100vw, 621px\" \/><\/figure>\n","protected":false},"excerpt":{"rendered":"<p>Jos\u00e9 Luis Vicenzo Leal, de 54 a\u00f1os de edad, oriundo de Guanare, estado Portuguesa (Venezuela) y mec\u00e1nico de oficio, atraviesa un delicado cuadro de salud que lo mantiene en tratamiento de di\u00e1lisis, mientras enfrenta dificultades econ\u00f3micas para sostener su recuperaci\u00f3n. El paciente padece insuficiencia renal cr\u00f3nica, diabetes e hipertensi\u00f3n, condiciones que requieren atenci\u00f3n m\u00e9dica constante, [&hellip;]<\/p>\n","protected":false},"author":2,"featured_media":91232,"comment_status":"closed","ping_status":"closed","sticky":false,"template":"","format":"standard","meta":{"jnews-multi-image_gallery":[],"jnews_single_post":{"format":"standard"},"jnews_primary_category":[],"jnews_social_meta":[],"jnews_review":[],"enable_review":"","type":"","name":"","summary":"","brand":"","sku":"","good":[],"bad":[],"score_override":"","override_value":"","rating":[],"price":[],"jnews_override_counter":[],"jnews_post_split":[],"footnotes":""},"categories":[5892],"tags":[44,45,201,67,56],"class_list":["post-91229","post","type-post","status-publish","format-standard","has-post-thumbnail","hentry","category-venezolanos-en-argentina","tag-argentina","tag-noticias","tag-servicio-publico","tag-venezolanos-en-argentina","tag-venezuela"],"amp_enabled":true,"_links":{"self":[{"href":"https:\/\/esreviral.com\/index.php?rest_route=\/wp\/v2\/posts\/91229"}],"collection":[{"href":"https:\/\/esreviral.com\/index.php?rest_route=\/wp\/v2\/posts"}],"about":[{"href":"https:\/\/esreviral.com\/index.php?rest_route=\/wp\/v2\/types\/post"}],"author":[{"embeddable":true,"href":"https:\/\/esreviral.com\/index.php?rest_route=\/wp\/v2\/users\/2"}],"replies":[{"embeddable":true,"href":"https:\/\/esreviral.com\/index.php?rest_route=%2Fwp%2Fv2%2Fcomments&post=91229"}],"version-history":[{"count":5,"href":"https:\/\/esreviral.com\/index.php?rest_route=\/wp\/v2\/posts\/91229\/revisions"}],"predecessor-version":[{"id":91248,"href":"https:\/\/esreviral.com\/index.php?rest_route=\/wp\/v2\/posts\/91229\/revisions\/91248"}],"wp:featuredmedia":[{"embeddable":true,"href":"https:\/\/esreviral.com\/index.php?rest_route=\/wp\/v2\/media\/91232"}],"wp:attachment":[{"href":"https:\/\/esreviral.com\/index.php?rest_route=%2Fwp%2Fv2%2Fmedia&parent=91229"}],"wp:term":[{"taxonomy":"category","embeddable":true,"href":"https:\/\/esreviral.com\/index.php?rest_route=%2Fwp%2Fv2%2Fcategories&post=91229"},{"taxonomy":"post_tag","embeddable":true,"href":"https:\/\/esreviral.com\/index.php?rest_route=%2Fwp%2Fv2%2Ftags&post=91229"}],"curies":[{"name":"wp","href":"https:\/\/api.w.org\/{rel}","templated":true}]}}