{"id":91225,"date":"2026-04-29T11:29:14","date_gmt":"2026-04-29T16:29:14","guid":{"rendered":"https:\/\/esreviral.com\/?p=91225"},"modified":"2026-04-29T11:29:16","modified_gmt":"2026-04-29T16:29:16","slug":"adorni-no-cometi-ningun-delito-voy-a-probarlo-en-la-justicia","status":"publish","type":"post","link":"https:\/\/esreviral.com\/?p=91225","title":{"rendered":"Adorni: \u201cNo comet\u00ed ning\u00fan delito, voy a probarlo en la Justicia\u201d"},"content":{"rendered":"\n<p>El jefe de Gabinete, Manuel Adorni, utiliz\u00f3 el tramo final de su informe de gesti\u00f3n en la C\u00e1mara de Diputados para responder a cuestionamientos sobre su patrimonio y sus viajes, y afirm\u00f3: \u201cNo comet\u00ed ning\u00fan delito y lo voy a demostrar en la Justicia\u201d.<\/p>\n\n\n\n<p>Sin entrar en detalles, el funcionario asegur\u00f3 que nunca ocult\u00f3 sus bienes y que su situaci\u00f3n patrimonial siempre fue transparente.<\/p>\n\n\n\n<p>Durante su exposici\u00f3n, Adorni se\u00f1al\u00f3 que la investigaci\u00f3n vinculada a un viaje oficial a Miami y Nueva York \u2014en el que se cuestion\u00f3 la participaci\u00f3n de su esposa\u2014 fue archivada por la fiscal\u00eda y el juez interviniente, al concluir que no hubo gastos del Estado ni irregularidades administrativas.<\/p>\n\n\n\n<p class=\"has-text-align-center\"><strong><a href=\"https:\/\/chat.whatsapp.com\/KWkTmakY3I05kNdd2oZl6d\"><em>\u00daNETE A NUESTRO GRUPO DE WHATSAPP PARA ESTAR INFORMADO<\/em><\/a><\/strong><\/p>\n\n\n\n<blockquote class=\"instagram-media\" data-instgrm-captioned data-instgrm-permalink=\"https:\/\/www.instagram.com\/reel\/DXuLSGODgIg\/?utm_source=ig_embed&amp;utm_campaign=loading\" data-instgrm-version=\"14\" style=\" background:#FFF; border:0; border-radius:3px; box-shadow:0 0 1px 0 rgba(0,0,0,0.5),0 1px 10px 0 rgba(0,0,0,0.15); margin: 1px; max-width:540px; min-width:326px; padding:0; width:99.375%; width:-webkit-calc(100% - 2px); width:calc(100% - 2px);\"><div style=\"padding:16px;\"> <a href=\"https:\/\/www.instagram.com\/reel\/DXuLSGODgIg\/?utm_source=ig_embed&amp;utm_campaign=loading\" style=\" background:#FFFFFF; line-height:0; padding:0 0; text-align:center; text-decoration:none; width:100%;\" target=\"_blank\" rel=\"noopener\"> <div style=\" display: flex; flex-direction: row; align-items: center;\"> <div style=\"background-color: #F4F4F4; border-radius: 50%; flex-grow: 0; height: 40px; margin-right: 14px; width: 40px;\"><\/div> <div style=\"display: flex; flex-direction: column; flex-grow: 1; justify-content: center;\"> <div style=\" background-color: #F4F4F4; border-radius: 4px; flex-grow: 0; height: 14px; margin-bottom: 6px; width: 100px;\"><\/div> <div style=\" background-color: #F4F4F4; border-radius: 4px; flex-grow: 0; height: 14px; width: 60px;\"><\/div><\/div><\/div><div style=\"padding: 19% 0;\"><\/div> <div style=\"display:block; height:50px; margin:0 auto 12px; width:50px;\"><svg width=\"50px\" height=\"50px\" viewBox=\"0 0 60 60\" version=\"1.1\" xmlns=\"https:\/\/www.w3.org\/2000\/svg\" xmlns:xlink=\"https:\/\/www.w3.org\/1999\/xlink\"><g stroke=\"none\" stroke-width=\"1\" fill=\"none\" fill-rule=\"evenodd\"><g transform=\"translate(-511.000000, -20.000000)\" fill=\"#000000\"><g><path d=\"M556.869,30.41 C554.814,30.41 553.148,32.076 553.148,34.131 C553.148,36.186 554.814,37.852 556.869,37.852 C558.924,37.852 560.59,36.186 560.59,34.131 C560.59,32.076 558.924,30.41 556.869,30.41 M541,60.657 C535.114,60.657 530.342,55.887 530.342,50 C530.342,44.114 535.114,39.342 541,39.342 C546.887,39.342 551.658,44.114 551.658,50 C551.658,55.887 546.887,60.657 541,60.657 M541,33.886 C532.1,33.886 524.886,41.1 524.886,50 C524.886,58.899 532.1,66.113 541,66.113 C549.9,66.113 557.115,58.899 557.115,50 C557.115,41.1 549.9,33.886 541,33.886 M565.378,62.101 C565.244,65.022 564.756,66.606 564.346,67.663 C563.803,69.06 563.154,70.057 562.106,71.106 C561.058,72.155 560.06,72.803 558.662,73.347 C557.607,73.757 556.021,74.244 553.102,74.378 C549.944,74.521 548.997,74.552 541,74.552 C533.003,74.552 532.056,74.521 528.898,74.378 C525.979,74.244 524.393,73.757 523.338,73.347 C521.94,72.803 520.942,72.155 519.894,71.106 C518.846,70.057 518.197,69.06 517.654,67.663 C517.244,66.606 516.755,65.022 516.623,62.101 C516.479,58.943 516.448,57.996 516.448,50 C516.448,42.003 516.479,41.056 516.623,37.899 C516.755,34.978 517.244,33.391 517.654,32.338 C518.197,30.938 518.846,29.942 519.894,28.894 C520.942,27.846 521.94,27.196 523.338,26.654 C524.393,26.244 525.979,25.756 528.898,25.623 C532.057,25.479 533.004,25.448 541,25.448 C548.997,25.448 549.943,25.479 553.102,25.623 C556.021,25.756 557.607,26.244 558.662,26.654 C560.06,27.196 561.058,27.846 562.106,28.894 C563.154,29.942 563.803,30.938 564.346,32.338 C564.756,33.391 565.244,34.978 565.378,37.899 C565.522,41.056 565.552,42.003 565.552,50 C565.552,57.996 565.522,58.943 565.378,62.101 M570.82,37.631 C570.674,34.438 570.167,32.258 569.425,30.349 C568.659,28.377 567.633,26.702 565.965,25.035 C564.297,23.368 562.623,22.342 560.652,21.575 C558.743,20.834 556.562,20.326 553.369,20.18 C550.169,20.033 549.148,20 541,20 C532.853,20 531.831,20.033 528.631,20.18 C525.438,20.326 523.257,20.834 521.349,21.575 C519.376,22.342 517.703,23.368 516.035,25.035 C514.368,26.702 513.342,28.377 512.574,30.349 C511.834,32.258 511.326,34.438 511.181,37.631 C511.035,40.831 511,41.851 511,50 C511,58.147 511.035,59.17 511.181,62.369 C511.326,65.562 511.834,67.743 512.574,69.651 C513.342,71.625 514.368,73.296 516.035,74.965 C517.703,76.634 519.376,77.658 521.349,78.425 C523.257,79.167 525.438,79.673 528.631,79.82 C531.831,79.965 532.853,80.001 541,80.001 C549.148,80.001 550.169,79.965 553.369,79.82 C556.562,79.673 558.743,79.167 560.652,78.425 C562.623,77.658 564.297,76.634 565.965,74.965 C567.633,73.296 568.659,71.625 569.425,69.651 C570.167,67.743 570.674,65.562 570.82,62.369 C570.966,59.17 571,58.147 571,50 C571,41.851 570.966,40.831 570.82,37.631\"><\/path><\/g><\/g><\/g><\/svg><\/div><div style=\"padding-top: 8px;\"> <div style=\" color:#3897f0; font-family:Arial,sans-serif; font-size:14px; font-style:normal; font-weight:550; line-height:18px;\">Ver esta publicaci\u00f3n en Instagram<\/div><\/div><div style=\"padding: 12.5% 0;\"><\/div> <div style=\"display: flex; flex-direction: row; margin-bottom: 14px; align-items: center;\"><div> <div style=\"background-color: #F4F4F4; border-radius: 50%; height: 12.5px; width: 12.5px; transform: translateX(0px) translateY(7px);\"><\/div> <div style=\"background-color: #F4F4F4; height: 12.5px; transform: rotate(-45deg) translateX(3px) translateY(1px); width: 12.5px; flex-grow: 0; margin-right: 14px; margin-left: 2px;\"><\/div> <div style=\"background-color: #F4F4F4; border-radius: 50%; height: 12.5px; width: 12.5px; transform: translateX(9px) translateY(-18px);\"><\/div><\/div><div style=\"margin-left: 8px;\"> <div style=\" background-color: #F4F4F4; border-radius: 50%; flex-grow: 0; height: 20px; width: 20px;\"><\/div> <div style=\" width: 0; height: 0; border-top: 2px solid transparent; border-left: 6px solid #f4f4f4; border-bottom: 2px solid transparent; transform: translateX(16px) translateY(-4px) rotate(30deg)\"><\/div><\/div><div style=\"margin-left: auto;\"> <div style=\" width: 0px; border-top: 8px solid #F4F4F4; border-right: 8px solid transparent; transform: translateY(16px);\"><\/div> <div style=\" background-color: #F4F4F4; flex-grow: 0; height: 12px; width: 16px; transform: translateY(-4px);\"><\/div> <div style=\" width: 0; height: 0; border-top: 8px solid #F4F4F4; border-left: 8px solid transparent; transform: translateY(-4px) translateX(8px);\"><\/div><\/div><\/div> <div style=\"display: flex; flex-direction: column; flex-grow: 1; justify-content: center; margin-bottom: 24px;\"> <div style=\" background-color: #F4F4F4; border-radius: 4px; flex-grow: 0; height: 14px; margin-bottom: 6px; width: 224px;\"><\/div> <div style=\" background-color: #F4F4F4; border-radius: 4px; flex-grow: 0; height: 14px; width: 144px;\"><\/div><\/div><\/a><p style=\" color:#c9c8cd; font-family:Arial,sans-serif; font-size:14px; line-height:17px; margin-bottom:0; margin-top:8px; overflow:hidden; padding:8px 0 7px; text-align:center; text-overflow:ellipsis; white-space:nowrap;\"><a href=\"https:\/\/www.instagram.com\/reel\/DXuLSGODgIg\/?utm_source=ig_embed&amp;utm_campaign=loading\" style=\" color:#c9c8cd; font-family:Arial,sans-serif; font-size:14px; font-style:normal; font-weight:normal; line-height:17px; text-decoration:none;\" target=\"_blank\" rel=\"noopener\">Una publicaci\u00f3n compartida por ES RE VIRAL (@esreviral)<\/a><\/p><\/div><\/blockquote>\n<script async src=\"\/\/www.instagram.com\/embed.js\"><\/script>\n\n\n\n<p><\/p>\n\n\n\n<p>Sostuvo que este cierre del caso demuestra que, cuando la Justicia act\u00faa, se desestiman \u201coperaciones pol\u00edticas\u201d, y agreg\u00f3 que \u00e9l se puso a disposici\u00f3n de la Justicia ante cada denuncia y pidi\u00f3 disculpas a la ciudadan\u00eda.<\/p>\n\n\n\n<p>En relaci\u00f3n con su patrimonio y viajes personales, el jefe de Gabinete diferenci\u00f3 entre gastos privados y recursos p\u00fablicos. Sin detallar c\u00f3mo adquiri\u00f3 algunas propiedades, afirm\u00f3 que todos sus viajes familiares fueron financiados con dinero propio, sin aportes de terceros ni beneficios indebidos.<\/p>\n\n\n\n<p>Indic\u00f3: \u201cHe pagado personalmente todos los viajes que realic\u00e9 con mi familia. Fueron vacaciones privadas con mi entorno familiar\u201d.<\/p>\n\n\n\n<p>Tambi\u00e9n afirm\u00f3 haber cumplido con la Ley de \u00c9tica P\u00fablica y haber presentado sus declaraciones juradas correspondientes.<\/p>\n\n\n\n<p>Explic\u00f3 que estos documentos tienen una parte p\u00fablica y otra reservada bajo custodia de la Oficina Anticorrupci\u00f3n, accesible solo por requerimiento judicial, y asegur\u00f3 que dicha informaci\u00f3n ya fue entregada a la Justicia en el marco de investigaciones en curso.<\/p>\n\n\n\n<p>El funcionario se neg\u00f3 a brindar m\u00e1s precisiones, ampar\u00e1ndose en la confidencialidad de esos datos.<\/p>\n\n\n\n<figure class=\"wp-block-image size-large\"><img decoding=\"async\" src=\"https:\/\/cdn.jwplayer.com\/v2\/media\/hTE9OFyL\/poster.jpg?width=1280\" alt=\"\"\/><\/figure>\n\n\n\n<p><\/p>\n\n\n\n<p>Adorni rechaz\u00f3 adem\u00e1s la existencia de conflictos de inter\u00e9s, neg\u00f3 haber intervenido en contrataciones p\u00fablicas y asegur\u00f3 que no existen v\u00ednculos contractuales entre el Estado y su entorno familiar. \u201cNo existen ni existieron contratos entre el Estado Nacional y mi c\u00f3nyuge, directa ni indirectamente\u201d, afirm\u00f3.<\/p>\n\n\n\n<p>Calific\u00f3 como falsas y tendenciosas las versiones sobre financiamiento de terceros en sus viajes, y neg\u00f3 cualquier v\u00ednculo contractual entre la TV P\u00fablica y el periodista Marcelo Grandio, cuya productora aparece mencionada en facturas relacionadas con un vuelo privado a Punta del Este.<\/p>\n\n\n\n<p>Con estas declaraciones, el jefe de Gabinete busc\u00f3 cerrar uno de los principales focos de cuestionamiento durante su exposici\u00f3n ante el Congreso, marcada por consultas sobre su patrimonio y el uso de recursos.<\/p>\n\n\n\n<p>En ese contexto, reiter\u00f3: \u201cNo comet\u00ed ning\u00fan delito\u201d, atribuyendo las acusaciones a maniobras pol\u00edticas.<\/p>\n\n\n\n<p>Sus declaraciones llegaron al final de un discurso de m\u00e1s de una hora. All\u00ed expres\u00f3 que algunos legisladores buscaban convertir su informe en un \u201cjuicio p\u00fablico\u201d y record\u00f3 que su funci\u00f3n constitucional es informar sobre la gesti\u00f3n del Gobierno, no ser evaluado personalmente.<\/p>\n\n\n\n<p>Aun as\u00ed, decidi\u00f3 referirse a su situaci\u00f3n para \u201cdemostrar transparencia\u201d.<\/p>\n\n\n\n<figure class=\"wp-block-image size-large\"><img decoding=\"async\" src=\"https:\/\/radiomitre.cienradios.com\/resizer\/v2\/D7VUS7T5SFGAZF3GSY2BZDIG4Q.jpg?smart=true&amp;auth=2ecdfb247a43c9923614da0ce9044443c75c62a39c48e3bc6f91dcab0a6441da&amp;width=1200&amp;height=630\" alt=\"\"\/><\/figure>\n\n\n\n<p><\/p>\n\n\n\n<p>Adorni inici\u00f3 su exposici\u00f3n afirmando que el Gobierno \u201cresponde a la gente com\u00fan\u201d y que defiende a quienes trabajan y estudian, mientras era acompa\u00f1ado en los palcos por el presidente Javier Milei, la secretaria general Karina Milei y varios ministros, entre ellos Sandra Pettovello y Luis Caputo.<\/p>\n\n\n\n<p>El recinto aplaudi\u00f3 cuando sostuvo que los ciudadanos son inocentes hasta que la Justicia demuestre lo contrario, en referencia a la ley de inocencia fiscal, que seg\u00fan explic\u00f3 busca proteger a los contribuyentes y revertir la carga de la prueba.<\/p>\n\n\n\n<p>En materia econ\u00f3mica, reconoci\u00f3 que algunos resultados a\u00fan no impactan en la vida cotidiana, aunque atribuy\u00f3 ese desfase a la inestabilidad pol\u00edtica generada durante el proceso electoral, al que calific\u00f3 como una \u201coperaci\u00f3n golpista\u201d impulsada por sectores opositores.<\/p>\n\n\n\n<p>Tambi\u00e9n acus\u00f3 a la oposici\u00f3n de intentar desestabilizar al Gobierno y de promover leyes que afectan el equilibrio fiscal.<\/p>\n\n\n\n<p>Admiti\u00f3 que la inflaci\u00f3n de marzo fue de 3,4% y la calific\u00f3 como negativa, aunque destac\u00f3 que la tendencia general es descendente. Se\u00f1al\u00f3 que el Banco Central contin\u00faa acumulando reservas y que el tipo de cambio se mantiene estable sin restricciones.<\/p>\n\n\n\n<figure class=\"wp-block-image size-large\"><img decoding=\"async\" src=\"https:\/\/www.lanacion.com.ar\/resizer\/v2\/manuel-adorni-en-el-VYSZFDEZQFGYTDRL6I2XOQA4KU.png?auth=8902ae0bffac3dde10a5e69db0eb2eeb1361b756cc99ecb848b6301795954b09&amp;width=1200&amp;height=800&amp;quality=70&amp;smart=true\" alt=\"\"\/><\/figure>\n\n\n\n<p><\/p>\n\n\n\n<p>Afirm\u00f3 que la inflaci\u00f3n baj\u00f3 y que la pobreza se redujo al 28,2%, el nivel m\u00e1s bajo en siete a\u00f1os, atribuyendo estos resultados a las pol\u00edticas econ\u00f3micas y sociales del Gobierno.<\/p>\n\n\n\n<p>En el repaso de la gesti\u00f3n de empresas p\u00fablicas, sostuvo que ninguna recibi\u00f3 transferencias del Tesoro y defendi\u00f3 el esquema de concesiones privadas en infraestructura, argumentando que busca evitar pr\u00e1cticas de corrupci\u00f3n del pasado.<\/p>\n\n\n\n<p>Tambi\u00e9n mencion\u00f3 la condena en la causa Vialidad contra la expresidenta Cristina Fern\u00e1ndez de Kirchner.<\/p>\n\n\n\n<p>En materia laboral, defendi\u00f3 la reforma impulsada por el Gobierno y sostuvo que permitir\u00e1 mayor formalizaci\u00f3n del empleo y reducci\u00f3n de litigios. Advirti\u00f3 al Poder Judicial sobre la aplicaci\u00f3n de la norma.<\/p>\n\n\n\n<p>El funcionario asegur\u00f3 que la administraci\u00f3n de Javier Milei est\u00e1 enfocada en reformas estructurales a largo plazo y no en ciclos electorales, con el objetivo de revertir d\u00e9cadas de deterioro econ\u00f3mico.<\/p>\n\n\n\n<figure class=\"wp-block-image size-large\"><img decoding=\"async\" src=\"https:\/\/statics.somosjujuy.com.ar\/2026\/04\/69f20d22ccb0b.jpg\" alt=\"\"\/><\/figure>\n\n\n\n<p><\/p>\n\n\n\n<p>Defini\u00f3 el proceso como un intento de dejar atr\u00e1s el populismo y sentar nuevas bases de desarrollo.<\/p>\n\n\n\n<p>Tambi\u00e9n destac\u00f3 la baja de la tasa de homicidios y se\u00f1al\u00f3 mejoras en seguridad bajo la gesti\u00f3n de la ministra Alejandra Monteoliva.<\/p>\n\n\n\n<p>Por \u00faltimo, advirti\u00f3 sobre la falta de cobertura de vacantes en el Poder Judicial, lo que genera demoras en las causas, y afirm\u00f3 que el Ministerio de Justicia ya envi\u00f3 pliegos al Senado para cubrir cargos.<\/p>\n\n\n\n<p>En la previa, Adorni lleg\u00f3 al Congreso temprano y prepar\u00f3 su exposici\u00f3n junto al presidente de la C\u00e1mara de Diputados, Mart\u00edn Menem, tras ensayar su discurso en el recinto.<\/p>\n\n\n\n<p>Su intervenci\u00f3n evit\u00f3 inicialmente referencias a las causas judiciales, su patrimonio o sus viajes, aunque no se descartaba que pudiera responder sobre esos temas durante la ronda de preguntas de los legisladores.<\/p>\n\n\n\n<p>En su informe escrito previo, tampoco ofreci\u00f3 detalles sobre su patrimonio, mantuvo bajo reserva parte de su declaraci\u00f3n jurada y evit\u00f3 aclarar qui\u00e9n financi\u00f3 algunos de sus viajes personales, como el vuelo privado a Punta del Este.<\/p>\n\n\n\n<p class=\"has-text-align-center\"><em><strong><em><strong><em><strong><em><strong><a href=\"https:\/\/t.me\/esreviral\">\u00daNETE A NUESTRO CANAL DE TELEGRAM PARA ESTAR INFORMADO<\/a><\/strong><\/em><\/strong><\/em><\/strong><\/em><\/strong><\/em><\/p>\n\n\n\n<p>Tambi\u00e9n defendi\u00f3 el uso del avi\u00f3n presidencial en viajes oficiales y neg\u00f3 irregularidades en su gesti\u00f3n anterior como vocero presidencial.<\/p>\n\n\n\n<p class=\"has-text-align-right\"><strong><em>Con Informaci\u00f3n de LN.-<\/em><\/strong><\/p>\n","protected":false},"excerpt":{"rendered":"<p>El jefe de Gabinete brind\u00f3 su informe verbal con eje en la econom\u00eda y las reformas; dijo que a los viajes los pag\u00f3 con su dinero y acus\u00f3 a la oposici\u00f3n de montar \u201coperaciones pol\u00edticas\u201d<\/p>\n","protected":false},"author":3,"featured_media":91227,"comment_status":"closed","ping_status":"closed","sticky":false,"template":"","format":"standard","meta":{"jnews-multi-image_gallery":[],"jnews_single_post":{"format":"standard"},"jnews_primary_category":[],"jnews_social_meta":[],"jnews_review":[],"enable_review":"","type":"","name":"","summary":"","brand":"","sku":"","good":[],"bad":[],"score_override":"","override_value":"","rating":[],"price":[],"jnews_override_counter":[],"jnews_post_split":[],"footnotes":""},"categories":[58,59],"tags":[44,18963,1158,12936,45],"class_list":["post-91225","post","type-post","status-publish","format-standard","has-post-thumbnail","hentry","category-argentina","category-politica","tag-argentina","tag-camara-de-diputados-2","tag-javier-milei","tag-manuel-adorni","tag-noticias"],"amp_enabled":true,"_links":{"self":[{"href":"https:\/\/esreviral.com\/index.php?rest_route=\/wp\/v2\/posts\/91225"}],"collection":[{"href":"https:\/\/esreviral.com\/index.php?rest_route=\/wp\/v2\/posts"}],"about":[{"href":"https:\/\/esreviral.com\/index.php?rest_route=\/wp\/v2\/types\/post"}],"author":[{"embeddable":true,"href":"https:\/\/esreviral.com\/index.php?rest_route=\/wp\/v2\/users\/3"}],"replies":[{"embeddable":true,"href":"https:\/\/esreviral.com\/index.php?rest_route=%2Fwp%2Fv2%2Fcomments&post=91225"}],"version-history":[{"count":1,"href":"https:\/\/esreviral.com\/index.php?rest_route=\/wp\/v2\/posts\/91225\/revisions"}],"predecessor-version":[{"id":91228,"href":"https:\/\/esreviral.com\/index.php?rest_route=\/wp\/v2\/posts\/91225\/revisions\/91228"}],"wp:featuredmedia":[{"embeddable":true,"href":"https:\/\/esreviral.com\/index.php?rest_route=\/wp\/v2\/media\/91227"}],"wp:attachment":[{"href":"https:\/\/esreviral.com\/index.php?rest_route=%2Fwp%2Fv2%2Fmedia&parent=91225"}],"wp:term":[{"taxonomy":"category","embeddable":true,"href":"https:\/\/esreviral.com\/index.php?rest_route=%2Fwp%2Fv2%2Fcategories&post=91225"},{"taxonomy":"post_tag","embeddable":true,"href":"https:\/\/esreviral.com\/index.php?rest_route=%2Fwp%2Fv2%2Ftags&post=91225"}],"curies":[{"name":"wp","href":"https:\/\/api.w.org\/{rel}","templated":true}]}}