{"id":91222,"date":"2026-04-29T10:59:42","date_gmt":"2026-04-29T15:59:42","guid":{"rendered":"https:\/\/esreviral.com\/?p=91222"},"modified":"2026-04-29T10:59:44","modified_gmt":"2026-04-29T15:59:44","slug":"arrestaron-al-hombre-que-fue-denunciado-por-haber-atacado-a-golpes-a-su-expareja","status":"publish","type":"post","link":"https:\/\/esreviral.com\/?p=91222","title":{"rendered":"Arrestaron al hombre que fue denunciado por haber atacado a golpes a su expareja"},"content":{"rendered":"\n<p><strong>Federico Nicol\u00e1s Balbuena, de 34 a\u00f1os de edad, detenido este martes por golpear, amenazar de muerte y abusar sexualmente de su expareja, se neg\u00f3 a declarar ante la fiscal Marcela Semer\u00eda<\/strong>. La detenci\u00f3n se produjo luego de que la<strong> v\u00edctima ratificara la denuncia y aportara nuevas pruebas en la causa, lo que motiv\u00f3 la orden de arresto.<\/strong><\/p>\n\n\n\n<p>El acusado fue localizado en su domicilio dentro de un barrio privado de Luj\u00e1n y trasladado a la comisar\u00eda 6\u00aa de Pilar, donde permaneci\u00f3 detenido antes de ser llevado a la fiscal\u00eda para la indagatoria.<\/p>\n\n\n\n<p class=\"has-text-align-center\"><strong><a href=\"https:\/\/chat.whatsapp.com\/KWkTmakY3I05kNdd2oZl6d\"><em>\u00daNETE A NUESTRO GRUPO DE WHATSAPP PARA ESTAR INFORMADO<\/em><\/a><\/strong><\/p>\n\n\n<div class=\"wp-block-image\">\n<figure class=\"aligncenter size-large\"><img decoding=\"async\" src=\"https:\/\/www.infobae.com\/resizer\/v2\/PWD4RWG5TFEFXCZ3LV5AE3LBCQ.jpg?auth=52762ee7785c6dcfae09e75a37e1b0ce63dfec1451a7fa82861bd90b04901fd4&amp;smart=true&amp;width=992&amp;height=1630&amp;quality=85\" alt=\"\"\/><figcaption class=\"wp-element-caption\">Balbuena fue detenido este martes. Se le imputa el delito de abuso sexual con acceso carnal y lesiones agravadas en contexto de vionecia de g\u00e9nero. Ser\u00e1 indagado<\/figcaption><\/figure><\/div>\n\n\n<p><\/p>\n\n\n\n<p>Balbuena est\u00e1 imputado por lesiones agravadas en contexto de violencia de g\u00e9nero y abuso sexual con acceso carnal. Sin embargo, opt\u00f3 por no responder las preguntas de la fiscal y se mantuvo en silencio.<\/p>\n\n\n\n<p>La investigaci\u00f3n continuar\u00e1 con el an\u00e1lisis de nuevas im\u00e1genes de c\u00e1maras de seguridad aportadas por la v\u00edctima, que permitir\u00edan reconstruir la secuencia completa de los hechos denunciados. Tambi\u00e9n ser\u00e1n evaluadas sus declaraciones en sede judicial y en medios de comunicaci\u00f3n.<\/p>\n\n\n\n<p>La decisi\u00f3n de detenerlo se tom\u00f3 tras la incorporaci\u00f3n de material audiovisual que, seg\u00fan la investigaci\u00f3n, permiti\u00f3 completar el registro de los episodios de violencia denunciados.<\/p>\n\n\n\n<p>La v\u00edctima declar\u00f3 recientemente que no hab\u00eda vuelto a sufrir agresiones ni hostigamiento desde un allanamiento realizado en enero. Tambi\u00e9n expres\u00f3 su disconformidad con la negativa del Tribunal de Familia de Malvinas Argentinas a prorrogar una medida de protecci\u00f3n.<\/p>\n\n\n\n<p>El acusado fue hallado en su vivienda del country donde resid\u00eda, en Luj\u00e1n, y fue esposado por efectivos de la Polic\u00eda Bonaerense.<\/p>\n\n\n\n<p>Seg\u00fan la investigaci\u00f3n, Balbuena conoci\u00f3 a la v\u00edctima cuando ambos trabajaban en una agencia de autos de Luj\u00e1n, de la cual \u00e9l es propietario y ella socia. Mantuvieron una relaci\u00f3n durante cinco a\u00f1os, con tres de convivencia, hasta su separaci\u00f3n en noviembre de 2024. A pesar de la ruptura, continuaron vinculados laboralmente.<\/p>\n\n\n\n<p>Testimonios incorporados al expediente se\u00f1alan un v\u00ednculo atravesado por situaciones de maltrato y humillaci\u00f3n. Seis personas, entre ellas compa\u00f1eros de trabajo, declararon haber presenciado episodios de violencia verbal y psicol\u00f3gica.<\/p>\n\n\n\n<p>El acusado registra antecedentes judiciales, entre ellos al menos cuatro denuncias por estafa y una denuncia previa por abuso sexual en otra jurisdicci\u00f3n.<\/p>\n\n\n\n<p>En enero de 2026 se realiz\u00f3 un allanamiento en su domicilio, donde fueron secuestradas dos armas de fuego calibre 9 mil\u00edmetros registradas a su nombre. Sin embargo, la v\u00edctima no denunci\u00f3 haber sido amenazada con armas.<\/p>\n\n\n\n<p>El caso volvi\u00f3 a tomar notoriedad luego de que la denunciante difundiera videos en redes sociales, donde relat\u00f3 haber sufrido agresiones que la dejaron internada y con lesiones faciales. En las im\u00e1genes de c\u00e1maras de seguridad se observan distintos episodios de violencia dentro de su vivienda, los cuales fueron incorporados a la causa.<\/p>\n\n\n\n<p class=\"has-text-align-center\"><em><strong><em><strong><em><strong><em><strong><a href=\"https:\/\/t.me\/esreviral\">\u00daNETE A NUESTRO CANAL DE TELEGRAM PARA ESTAR INFORMADO<\/a><\/strong><\/em><\/strong><\/em><\/strong><\/em><\/strong><\/em><\/p>\n\n\n\n<p class=\"has-text-align-center\"><strong><em><mark style=\"background-color:rgba(0, 0, 0, 0)\" class=\"has-inline-color has-vivid-red-color\"><a href=\"https:\/\/esreviral.com\/?p=91120\" data-type=\"link\" data-id=\"https:\/\/esreviral.com\/?p=91120\">Lea Tambi\u00e9n: +VIDEO: Una mujer denunci\u00f3 que su expareja la atac\u00f3 a golpes y no fue detenido<\/a><\/mark><\/em><\/strong><\/p>\n\n\n\n<p>La investigaci\u00f3n contin\u00faa en curso mientras la fiscal\u00eda avanza con nuevas pericias y testimonios para esclarecer los hechos.<\/p>\n\n\n\n<p class=\"has-text-align-right\"><strong><em>Con Informaci\u00f3n de Infobae.-<\/em><\/strong><\/p>\n","protected":false},"excerpt":{"rendered":"<p>Federico Nicol\u00e1s Balbuena (34) fue indagado este mi\u00e9rcoles por la fiscal Marcela Semer\u00eda. Est\u00e1 imputado por lesiones agravadas por ser en contexto de g\u00e9nero y abuso sexual con acceso carnal<\/p>\n","protected":false},"author":3,"featured_media":91121,"comment_status":"closed","ping_status":"closed","sticky":false,"template":"","format":"standard","meta":{"jnews-multi-image_gallery":[],"jnews_single_post":{"format":"standard"},"jnews_primary_category":[],"jnews_social_meta":[],"jnews_review":[],"enable_review":"","type":"","name":"","summary":"","brand":"","sku":"","good":[],"bad":[],"score_override":"","override_value":"","rating":[],"price":[],"jnews_override_counter":[],"jnews_post_split":[],"footnotes":""},"categories":[58,64],"tags":[7585,42017,429,310],"class_list":["post-91222","post","type-post","status-publish","format-standard","has-post-thumbnail","hentry","category-argentina","category-sucesos","tag-amenazas","tag-federico-nicolas-balbuena","tag-pilar","tag-violencia-de-genero"],"amp_enabled":true,"_links":{"self":[{"href":"https:\/\/esreviral.com\/index.php?rest_route=\/wp\/v2\/posts\/91222"}],"collection":[{"href":"https:\/\/esreviral.com\/index.php?rest_route=\/wp\/v2\/posts"}],"about":[{"href":"https:\/\/esreviral.com\/index.php?rest_route=\/wp\/v2\/types\/post"}],"author":[{"embeddable":true,"href":"https:\/\/esreviral.com\/index.php?rest_route=\/wp\/v2\/users\/3"}],"replies":[{"embeddable":true,"href":"https:\/\/esreviral.com\/index.php?rest_route=%2Fwp%2Fv2%2Fcomments&post=91222"}],"version-history":[{"count":1,"href":"https:\/\/esreviral.com\/index.php?rest_route=\/wp\/v2\/posts\/91222\/revisions"}],"predecessor-version":[{"id":91223,"href":"https:\/\/esreviral.com\/index.php?rest_route=\/wp\/v2\/posts\/91222\/revisions\/91223"}],"wp:featuredmedia":[{"embeddable":true,"href":"https:\/\/esreviral.com\/index.php?rest_route=\/wp\/v2\/media\/91121"}],"wp:attachment":[{"href":"https:\/\/esreviral.com\/index.php?rest_route=%2Fwp%2Fv2%2Fmedia&parent=91222"}],"wp:term":[{"taxonomy":"category","embeddable":true,"href":"https:\/\/esreviral.com\/index.php?rest_route=%2Fwp%2Fv2%2Fcategories&post=91222"},{"taxonomy":"post_tag","embeddable":true,"href":"https:\/\/esreviral.com\/index.php?rest_route=%2Fwp%2Fv2%2Ftags&post=91222"}],"curies":[{"name":"wp","href":"https:\/\/api.w.org\/{rel}","templated":true}]}}