{"id":91219,"date":"2026-04-29T09:21:40","date_gmt":"2026-04-29T14:21:40","guid":{"rendered":"https:\/\/esreviral.com\/?p=91219"},"modified":"2026-04-29T09:21:41","modified_gmt":"2026-04-29T14:21:41","slug":"video-arrestaron-a-hombre-tras-apunalar-a-dos-ciudadanos-judios","status":"publish","type":"post","link":"https:\/\/esreviral.com\/?p=91219","title":{"rendered":"+VIDEO: Arrestaron a hombre tras apu\u00f1alar a dos ciudadanos jud\u00edos"},"content":{"rendered":"\n<p><strong>La Polic\u00eda de Londres arrest\u00f3 a un hombre acusado de apu\u00f1alar este mi\u00e9rcoles a dos integrantes de la comunidad jud\u00eda en el noroeste de la ciudad. <\/strong>Ambas personas resultaron heridas, seg\u00fan inform\u00f3 Shomrim, una organizaci\u00f3n de vigilancia comunitaria.<\/p>\n\n\n\n<p>De acuerdo con este grupo, el sospechoso fue visto corriendo por el barrio de <strong>Golders Green<\/strong> con un cuchillo, presuntamente intentando atacar a ciudadanos jud\u00edos. Integrantes de Shomrim lograron reducirlo antes de que la Polic\u00eda lo inmovilizara con una descarga el\u00e9ctrica y procediera a su detenci\u00f3n.<\/p>\n\n\n\n<p class=\"has-text-align-center\"><strong><a href=\"https:\/\/chat.whatsapp.com\/KWkTmakY3I05kNdd2oZl6d\"><em>\u00daNETE A NUESTRO GRUPO DE WHATSAPP PARA ESTAR INFORMADO<\/em><\/a><\/strong><\/p>\n\n\n\n<blockquote class=\"twitter-tweet\"><p lang=\"es\" dir=\"ltr\">\ud83c\uddec\ud83c\udde7 | Un hombre fue arrestado en Londres tras apu\u00f1alar a dos miembros de la comunidad jud\u00eda en Golders Green. Las v\u00edctimas resultaron heridas y el sospechoso fue reducido antes de su detenci\u00f3n. Hay una investigaci\u00f3n en curso. <a href=\"https:\/\/t.co\/cLpZPxFkmY\">pic.twitter.com\/cLpZPxFkmY<\/a><\/p>&mdash; ES RE VIRAL (@esreviral) <a href=\"https:\/\/twitter.com\/esreviral\/status\/2049493027823968623?ref_src=twsrc%5Etfw\">April 29, 2026<\/a><\/blockquote> <script async src=\"https:\/\/platform.twitter.com\/widgets.js\" charset=\"utf-8\"><\/script>\n\n\n\n<p><\/p>\n\n\n\n<p>La Junta de Diputados de los Jud\u00edos Brit\u00e1nicos confirm\u00f3 el arresto a trav\u00e9s de redes sociales y se\u00f1al\u00f3 que el hecho habr\u00eda ocurrido cerca de una sinagoga. Adem\u00e1s, indic\u00f3 que mantiene contacto con las autoridades y organismos de seguridad para esclarecer lo sucedido.<\/p>\n\n\n\n<p>El primer ministro, Keir Starmer, calific\u00f3 el incidente como \u201c<strong><em>muy preocupante\u201d<\/em><\/strong> y destac\u00f3 que hay una investigaci\u00f3n en curso, al tiempo que llam\u00f3 a respaldar las acciones para enfrentar este tipo de delitos.<\/p>\n\n\n\n<p class=\"has-text-align-center\"><em><strong><em><strong><em><strong><em><strong><a href=\"https:\/\/t.me\/esreviral\">\u00daNETE A NUESTRO CANAL DE TELEGRAM PARA ESTAR INFORMADO<\/a><\/strong><\/em><\/strong><\/em><\/strong><\/em><\/strong><\/em><\/p>\n\n\n\n<p>El ataque se suma a otros episodios recientes contra la comunidad jud\u00eda en el Reino Unido, como el incendio intencional de ambulancias en marzo y un atentado con cuchillo en una sinagoga de M\u00e1nchester durante Yom Kipur, que dej\u00f3 v\u00edctimas fatales y heridos. Seg\u00fan el rabino Jonathan Wittemberg, este nuevo hecho resulta alarmante, aunque no inesperado.<\/p>\n\n\n\n<p class=\"has-text-align-right\"><strong><em>Con Informaci\u00f3n de mdzol.com.-<\/em><\/strong><\/p>\n","protected":false},"excerpt":{"rendered":"<p>El hecho ocurri\u00f3 en el noroeste de Londres y se suma a una serie de ataques recientes contra la comunidad jud\u00eda en el Reino Unido.<\/p>\n","protected":false},"author":3,"featured_media":91220,"comment_status":"closed","ping_status":"closed","sticky":false,"template":"","format":"standard","meta":{"jnews-multi-image_gallery":[],"jnews_single_post":{"format":"standard"},"jnews_primary_category":[],"jnews_social_meta":[],"jnews_review":[],"enable_review":"","type":"","name":"","summary":"","brand":"","sku":"","good":[],"bad":[],"score_override":"","override_value":"","rating":[],"price":[],"jnews_override_counter":[],"jnews_post_split":[],"footnotes":""},"categories":[88,64],"tags":[42014,1933,42016,359,2064,45,42015],"class_list":["post-91219","post","type-post","status-publish","format-standard","has-post-thumbnail","hentry","category-internacionales","category-sucesos","tag-antisemita","tag-ataque","tag-golders-green","tag-judios","tag-londres","tag-noticias","tag-policia-de-londres"],"amp_enabled":true,"_links":{"self":[{"href":"https:\/\/esreviral.com\/index.php?rest_route=\/wp\/v2\/posts\/91219"}],"collection":[{"href":"https:\/\/esreviral.com\/index.php?rest_route=\/wp\/v2\/posts"}],"about":[{"href":"https:\/\/esreviral.com\/index.php?rest_route=\/wp\/v2\/types\/post"}],"author":[{"embeddable":true,"href":"https:\/\/esreviral.com\/index.php?rest_route=\/wp\/v2\/users\/3"}],"replies":[{"embeddable":true,"href":"https:\/\/esreviral.com\/index.php?rest_route=%2Fwp%2Fv2%2Fcomments&post=91219"}],"version-history":[{"count":1,"href":"https:\/\/esreviral.com\/index.php?rest_route=\/wp\/v2\/posts\/91219\/revisions"}],"predecessor-version":[{"id":91221,"href":"https:\/\/esreviral.com\/index.php?rest_route=\/wp\/v2\/posts\/91219\/revisions\/91221"}],"wp:featuredmedia":[{"embeddable":true,"href":"https:\/\/esreviral.com\/index.php?rest_route=\/wp\/v2\/media\/91220"}],"wp:attachment":[{"href":"https:\/\/esreviral.com\/index.php?rest_route=%2Fwp%2Fv2%2Fmedia&parent=91219"}],"wp:term":[{"taxonomy":"category","embeddable":true,"href":"https:\/\/esreviral.com\/index.php?rest_route=%2Fwp%2Fv2%2Fcategories&post=91219"},{"taxonomy":"post_tag","embeddable":true,"href":"https:\/\/esreviral.com\/index.php?rest_route=%2Fwp%2Fv2%2Ftags&post=91219"}],"curies":[{"name":"wp","href":"https:\/\/api.w.org\/{rel}","templated":true}]}}