{"id":91213,"date":"2026-04-29T07:21:30","date_gmt":"2026-04-29T12:21:30","guid":{"rendered":"https:\/\/esreviral.com\/?p=91213"},"modified":"2026-04-29T07:21:31","modified_gmt":"2026-04-29T12:21:31","slug":"jornada-de-salud-brindo-mas-de-370-atenciones-en-la-iglesia-de-regina","status":"publish","type":"post","link":"https:\/\/esreviral.com\/?p=91213","title":{"rendered":"Jornada de salud brind\u00f3 m\u00e1s de 370 atenciones en la Iglesia de Regina"},"content":{"rendered":"\n<p>La Ciudad de Buenos Aires fue escenario de una nueva jornada solidaria de atenci\u00f3n m\u00e9dica integral, desarrollada el pasado 25 de abril en la sede de la Iglesia de Regina, ubicada en Sarand\u00ed 65, en el barrio de Monserrat.<\/p>\n\n\n\n<p class=\"has-text-align-center\"><strong><a href=\"https:\/\/chat.whatsapp.com\/KWkTmakY3I05kNdd2oZl6d\"><em>\u00daNETE A NUESTRO GRUPO DE WHATSAPP PARA ESTAR INFORMADO<\/em><\/a><\/strong><\/p>\n\n\n<div class=\"wp-block-image\">\n<figure class=\"aligncenter size-large\"><img fetchpriority=\"high\" decoding=\"async\" width=\"768\" height=\"1024\" src=\"https:\/\/esreviral.com\/wp-content\/uploads\/2026\/04\/76e6ecfb-068f-4103-8ed0-3a515f8f5062-768x1024.webp\" alt=\"\" class=\"wp-image-91215\" srcset=\"https:\/\/esreviral.com\/wp-content\/uploads\/2026\/04\/76e6ecfb-068f-4103-8ed0-3a515f8f5062-768x1024.webp 768w, https:\/\/esreviral.com\/wp-content\/uploads\/2026\/04\/76e6ecfb-068f-4103-8ed0-3a515f8f5062-225x300.webp 225w, https:\/\/esreviral.com\/wp-content\/uploads\/2026\/04\/76e6ecfb-068f-4103-8ed0-3a515f8f5062-1152x1536.webp 1152w, https:\/\/esreviral.com\/wp-content\/uploads\/2026\/04\/76e6ecfb-068f-4103-8ed0-3a515f8f5062-1536x2048.webp 1536w, https:\/\/esreviral.com\/wp-content\/uploads\/2026\/04\/76e6ecfb-068f-4103-8ed0-3a515f8f5062-scaled.webp 1920w\" sizes=\"(max-width: 768px) 100vw, 768px\" \/><\/figure><\/div>\n\n\n<p><\/p>\n\n\n\n<p>Durante la actividad se realizaron un total de 376 atenciones en distintas especialidades, entre las que se destacaron cl\u00ednica m\u00e9dica, pediatr\u00eda, cardiolog\u00eda, nutrici\u00f3n, odontolog\u00eda, oftalmolog\u00eda y ginecolog\u00eda. La iniciativa tuvo como objetivo acercar servicios de salud a la comunidad, facilitando el acceso a controles y consultas gratuitas.<\/p>\n\n\n\n<p><strong>La jornada fue organizada de manera conjunta por la Cruz Roja Argentina, la ASOMEVENAR y el Servicio de Jesuitas, quienes destacaron la importancia de este tipo de acciones para fortalecer la prevenci\u00f3n y el cuidado de la salud en sectores que m\u00e1s lo necesitan.<\/strong><\/p>\n\n\n\n<p>Adem\u00e1s, el evento cont\u00f3 con la participaci\u00f3n de organizaciones invitadas como Abogar y Nutrivenar, que aportaron su colaboraci\u00f3n en distintas \u00e1reas de asistencia.<\/p>\n\n\n\n<p class=\"has-text-align-center\"><em><strong><em><strong><em><strong><em><strong><a href=\"https:\/\/t.me\/esreviral\">\u00daNETE A NUESTRO CANAL DE TELEGRAM PARA ESTAR INFORMADO<\/a><\/strong><\/em><\/strong><\/em><\/strong><\/em><\/strong><\/em><\/p>\n\n\n\n<p>Desde la organizaci\u00f3n resaltaron la amplia convocatoria y el impacto positivo de la jornada, al tiempo que no descartaron replicar este tipo de iniciativas en otros puntos de la ciudad.<\/p>\n","protected":false},"excerpt":{"rendered":"<p>La Ciudad de Buenos Aires fue sede de una jornada solidaria de atenci\u00f3n m\u00e9dica integral que brind\u00f3 376 consultas gratuitas en especialidades como cl\u00ednica, pediatr\u00eda y cardiolog\u00eda.<\/p>\n<p>La iniciativa, realizada el 25 de abril en Monserrat, fue organizada por la Cruz Roja Argentina, ASOMEVENAR y el Servicio de Jesuitas, con el objetivo de acercar servicios de salud a la comunidad.<\/p>\n","protected":false},"author":3,"featured_media":91214,"comment_status":"closed","ping_status":"closed","sticky":false,"template":"","format":"standard","meta":{"jnews-multi-image_gallery":[],"jnews_single_post":{"format":"standard"},"jnews_primary_category":[],"jnews_social_meta":[],"jnews_review":[],"enable_review":"","type":"","name":"","summary":"","brand":"","sku":"","good":[],"bad":[],"score_override":"","override_value":"","rating":[],"price":[],"jnews_override_counter":[],"jnews_post_split":[],"footnotes":""},"categories":[84,5892],"tags":[44,894,42011,37401,45],"class_list":["post-91213","post","type-post","status-publish","format-standard","has-post-thumbnail","hentry","category-salud","category-venezolanos-en-argentina","tag-argentina","tag-ciudad-de-buenos-aires","tag-iglesia-de-regina","tag-jornada-de-salud","tag-noticias"],"amp_enabled":true,"_links":{"self":[{"href":"https:\/\/esreviral.com\/index.php?rest_route=\/wp\/v2\/posts\/91213"}],"collection":[{"href":"https:\/\/esreviral.com\/index.php?rest_route=\/wp\/v2\/posts"}],"about":[{"href":"https:\/\/esreviral.com\/index.php?rest_route=\/wp\/v2\/types\/post"}],"author":[{"embeddable":true,"href":"https:\/\/esreviral.com\/index.php?rest_route=\/wp\/v2\/users\/3"}],"replies":[{"embeddable":true,"href":"https:\/\/esreviral.com\/index.php?rest_route=%2Fwp%2Fv2%2Fcomments&post=91213"}],"version-history":[{"count":1,"href":"https:\/\/esreviral.com\/index.php?rest_route=\/wp\/v2\/posts\/91213\/revisions"}],"predecessor-version":[{"id":91216,"href":"https:\/\/esreviral.com\/index.php?rest_route=\/wp\/v2\/posts\/91213\/revisions\/91216"}],"wp:featuredmedia":[{"embeddable":true,"href":"https:\/\/esreviral.com\/index.php?rest_route=\/wp\/v2\/media\/91214"}],"wp:attachment":[{"href":"https:\/\/esreviral.com\/index.php?rest_route=%2Fwp%2Fv2%2Fmedia&parent=91213"}],"wp:term":[{"taxonomy":"category","embeddable":true,"href":"https:\/\/esreviral.com\/index.php?rest_route=%2Fwp%2Fv2%2Fcategories&post=91213"},{"taxonomy":"post_tag","embeddable":true,"href":"https:\/\/esreviral.com\/index.php?rest_route=%2Fwp%2Fv2%2Ftags&post=91213"}],"curies":[{"name":"wp","href":"https:\/\/api.w.org\/{rel}","templated":true}]}}