{"id":91210,"date":"2026-04-28T15:06:33","date_gmt":"2026-04-28T20:06:33","guid":{"rendered":"https:\/\/esreviral.com\/?p=91210"},"modified":"2026-04-28T15:06:34","modified_gmt":"2026-04-28T20:06:34","slug":"trump-recibio-al-rey-carlos-iii-los-britanicos-son-nuestros-amigos-mas-cercanos","status":"publish","type":"post","link":"https:\/\/esreviral.com\/?p=91210","title":{"rendered":"Trump recibi\u00f3 al rey Carlos III: \u201cLos brit\u00e1nicos son nuestros amigos m\u00e1s cercanos\u201d"},"content":{"rendered":"\n<p>El presidente de Estados Unidos, Donald Trump, recibi\u00f3 al rey Carlos III de Inglaterra en la Casa Blanca y afirm\u00f3 que \u201c<strong><em>los estadounidenses no tienen amigos m\u00e1s cercanos que los brit\u00e1nicos\u201d<\/em><\/strong>, en el marco de una visita oficial marcada por la conmemoraci\u00f3n de la hist\u00f3rica relaci\u00f3n bilateral.<\/p>\n\n\n\n<p>El encuentro se desarroll\u00f3 en el jard\u00edn sur de la Casa Blanca e incluy\u00f3 una ceremonia con honores militares, salvas de ca\u00f1\u00f3n y un sobrevuelo de aeronaves. Trump destac\u00f3 la \u201crelaci\u00f3n especial\u201d entre ambos pa\u00edses y subray\u00f3 los lazos hist\u00f3ricos que los unen.<\/p>\n\n\n\n<p class=\"has-text-align-center\"><strong><a href=\"https:\/\/chat.whatsapp.com\/KWkTmakY3I05kNdd2oZl6d\"><em>\u00daNETE A NUESTRO GRUPO DE WHATSAPP PARA ESTAR INFORMADO<\/em><\/a><\/strong><\/p>\n\n\n<div class=\"wp-block-image\">\n<figure class=\"aligncenter size-large\"><img decoding=\"async\" src=\"https:\/\/images.euronews.com\/articles\/stories\/09\/73\/83\/00\/750x500_cmsv2_cc86a546-4374-54d7-aea4-99d4990a3517-9738300.jpg\" alt=\"\"\/><figcaption class=\"wp-element-caption\"><em>El presidente Donald Trump y la primera dama Melania Trump saludan al rey Carlos III de Gran Breta\u00f1a y a la reina Camilla a su llegada a la Casa Blanca, el lunes 27 de abril de 2026, en Washington<\/em><\/figcaption><\/figure><\/div>\n\n\n<p><\/p>\n\n\n\n<p>Las declaraciones del mandatario estadounidense tuvieron especial relevancia en medio de versiones s<strong>obre posibles cambios en la postura de Washington respecto a las Islas Malvinas, <\/strong>en un contexto de tensiones diplom\u00e1ticas con el Reino Unido por diferencias vinculadas a la guerra en Medio Oriente.<\/p>\n\n\n\n<p>Durante el acto, Trump tambi\u00e9n hizo referencia a los 250 a\u00f1os de la independencia de Estados Unidos y al legado hist\u00f3rico compartido entre ambas naciones antes de la conformaci\u00f3n del Estado estadounidense moderno.<\/p>\n\n\n\n<p class=\"has-text-align-center\"><em><strong><em><strong><em><strong><em><strong><a href=\"https:\/\/t.me\/esreviral\">\u00daNETE A NUESTRO CANAL DE TELEGRAM PARA ESTAR INFORMADO<\/a><\/strong><\/em><\/strong><\/em><\/strong><\/em><\/strong><\/em><\/p>\n\n\n\n<p>Tras la ceremonia, el presidente mantuvo una reuni\u00f3n bilateral con el rey Carlos III en el Sal\u00f3n Oval. Posteriormente, el monarca brit\u00e1nico se traslad\u00f3 al Capitolio para dirigirse a una sesi\u00f3n conjunta del Congreso, mientras que la agenda oficial continu\u00f3 con una cena de Estado en la Casa Blanca.<\/p>\n\n\n\n<p class=\"has-text-align-right\"><strong><em>Con Informaci\u00f3n de rionegro.com.ar.-<\/em><\/strong><\/p>\n","protected":false},"excerpt":{"rendered":"<p>El presidente republicano destac\u00f3 la alianza hist\u00f3rica entre Estados Unidos y Reino Unido durante la visita del rey Carlos III a la Casa Blanca. La declaraci\u00f3n lleg\u00f3 despu\u00e9s de las versiones sobre un posible cambio de postura de Washington en la disputa por las Islas Malvinas y redujo la tensi\u00f3n diplom\u00e1tica entre ambos pa\u00edses.<\/p>\n","protected":false},"author":3,"featured_media":91211,"comment_status":"closed","ping_status":"closed","sticky":false,"template":"","format":"standard","meta":{"jnews-multi-image_gallery":[],"jnews_single_post":{"format":"standard"},"jnews_primary_category":[],"jnews_social_meta":[],"jnews_review":[],"enable_review":"","type":"","name":"","summary":"","brand":"","sku":"","good":[],"bad":[],"score_override":"","override_value":"","rating":[],"price":[],"jnews_override_counter":[],"jnews_post_split":[],"footnotes":""},"categories":[88],"tags":[136,2843,42008,45,2844,4214,42007],"class_list":["post-91210","post","type-post","status-publish","format-standard","has-post-thumbnail","hentry","category-internacionales","tag-estados-unidos","tag-islas-malvinas","tag-monarquia","tag-noticias","tag-reino-unido","tag-rey-carlos-iii","tag-visita-de-estado"],"amp_enabled":true,"_links":{"self":[{"href":"https:\/\/esreviral.com\/index.php?rest_route=\/wp\/v2\/posts\/91210"}],"collection":[{"href":"https:\/\/esreviral.com\/index.php?rest_route=\/wp\/v2\/posts"}],"about":[{"href":"https:\/\/esreviral.com\/index.php?rest_route=\/wp\/v2\/types\/post"}],"author":[{"embeddable":true,"href":"https:\/\/esreviral.com\/index.php?rest_route=\/wp\/v2\/users\/3"}],"replies":[{"embeddable":true,"href":"https:\/\/esreviral.com\/index.php?rest_route=%2Fwp%2Fv2%2Fcomments&post=91210"}],"version-history":[{"count":1,"href":"https:\/\/esreviral.com\/index.php?rest_route=\/wp\/v2\/posts\/91210\/revisions"}],"predecessor-version":[{"id":91212,"href":"https:\/\/esreviral.com\/index.php?rest_route=\/wp\/v2\/posts\/91210\/revisions\/91212"}],"wp:featuredmedia":[{"embeddable":true,"href":"https:\/\/esreviral.com\/index.php?rest_route=\/wp\/v2\/media\/91211"}],"wp:attachment":[{"href":"https:\/\/esreviral.com\/index.php?rest_route=%2Fwp%2Fv2%2Fmedia&parent=91210"}],"wp:term":[{"taxonomy":"category","embeddable":true,"href":"https:\/\/esreviral.com\/index.php?rest_route=%2Fwp%2Fv2%2Fcategories&post=91210"},{"taxonomy":"post_tag","embeddable":true,"href":"https:\/\/esreviral.com\/index.php?rest_route=%2Fwp%2Fv2%2Ftags&post=91210"}],"curies":[{"name":"wp","href":"https:\/\/api.w.org\/{rel}","templated":true}]}}