{"id":91206,"date":"2026-04-28T14:35:03","date_gmt":"2026-04-28T19:35:03","guid":{"rendered":"https:\/\/esreviral.com\/?p=91206"},"modified":"2026-04-28T14:35:04","modified_gmt":"2026-04-28T19:35:04","slug":"estrenan-documental-venezuela-duele-en-carne-viva","status":"publish","type":"post","link":"https:\/\/esreviral.com\/?p=91206","title":{"rendered":"Estrenan documental Venezuela Duele en Carne Viva"},"content":{"rendered":"\n<p><a href=\"https:\/\/www.instagram.com\/silviokleinoficial\/\">Silvio Klein<\/a>\u00a0reiter\u00f3 su amor por Venezuela con el estreno del documental Venezuela Duele en Carne Viva, el cual muestra fuertes testimonios de quienes padecieron la crisis.<\/p>\n\n\n\n<p>Adem\u00e1s Klein reflexiona y muestra <strong>lo que vivi\u00f3 durante las protestas de hace a\u00f1os<\/strong>, cuando recorri\u00f3 algunas zonas del pa\u00eds y la frontera con Colombia.<\/p>\n\n\n\n<p>En el acto estuvieron algunas autoridades, entre ellas, la senadora&nbsp;<a href=\"https:\/\/www.instagram.com\/patobullrich\/\">@patobullrich<\/a>&nbsp;quien mantiene la esperanza que pronto se hagan elecciones libres en el pa\u00eds.<\/p>\n\n\n\n<p>Pr\u00f3ximamente se dar\u00e1 a conocer por d\u00f3nde se podr\u00e1 ver el documental que<strong> muestra una realidad que muchos vivieron en carne viva.<\/strong><\/p>\n\n\n\n<p><strong><a href=\"https:\/\/chat.whatsapp.com\/KWkTmakY3I05kNdd2oZl6d\"><em>\u00daNETE A NUESTRO GRUPO DE WHATSAPP PARA ESTAR INFORMADO<\/em><\/a><\/strong><\/p>\n\n\n\n<blockquote class=\"twitter-tweet\" data-media-max-width=\"560\"><p lang=\"es\" dir=\"ltr\">El periodista argentino Silvio Klein estren\u00f3 el documental Venezuela Duele en carne viva <a href=\"https:\/\/t.co\/lvOSENlTS1\">pic.twitter.com\/lvOSENlTS1<\/a><\/p>&mdash; ES RE VIRAL (@esreviral) <a href=\"https:\/\/twitter.com\/esreviral\/status\/2049202628677034256?ref_src=twsrc%5Etfw\">April 28, 2026<\/a><\/blockquote> <script async src=\"https:\/\/platform.twitter.com\/widgets.js\" charset=\"utf-8\"><\/script>\n","protected":false},"excerpt":{"rendered":"<p>Silvio Klein\u00a0reiter\u00f3 su amor por Venezuela con el estreno del documental Venezuela Duele en Carne Viva, el cual muestra fuertes testimonios de quienes padecieron la crisis. Adem\u00e1s Klein reflexiona y muestra lo que vivi\u00f3 durante las protestas de hace a\u00f1os, cuando recorri\u00f3 algunas zonas del pa\u00eds y la frontera con Colombia. En el acto estuvieron [&hellip;]<\/p>\n","protected":false},"author":2,"featured_media":91208,"comment_status":"closed","ping_status":"closed","sticky":false,"template":"","format":"standard","meta":{"jnews-multi-image_gallery":[],"jnews_single_post":{"format":"standard"},"jnews_primary_category":[],"jnews_social_meta":[],"jnews_review":[],"enable_review":"","type":"","name":"","summary":"","brand":"","sku":"","good":[],"bad":[],"score_override":"","override_value":"","rating":[],"price":[],"jnews_override_counter":[],"jnews_post_split":[],"footnotes":""},"categories":[1069,5892],"tags":[44,45,67,56],"class_list":["post-91206","post","type-post","status-publish","format-standard","has-post-thumbnail","hentry","category-cine-y-series","category-venezolanos-en-argentina","tag-argentina","tag-noticias","tag-venezolanos-en-argentina","tag-venezuela"],"amp_enabled":true,"_links":{"self":[{"href":"https:\/\/esreviral.com\/index.php?rest_route=\/wp\/v2\/posts\/91206"}],"collection":[{"href":"https:\/\/esreviral.com\/index.php?rest_route=\/wp\/v2\/posts"}],"about":[{"href":"https:\/\/esreviral.com\/index.php?rest_route=\/wp\/v2\/types\/post"}],"author":[{"embeddable":true,"href":"https:\/\/esreviral.com\/index.php?rest_route=\/wp\/v2\/users\/2"}],"replies":[{"embeddable":true,"href":"https:\/\/esreviral.com\/index.php?rest_route=%2Fwp%2Fv2%2Fcomments&post=91206"}],"version-history":[{"count":1,"href":"https:\/\/esreviral.com\/index.php?rest_route=\/wp\/v2\/posts\/91206\/revisions"}],"predecessor-version":[{"id":91209,"href":"https:\/\/esreviral.com\/index.php?rest_route=\/wp\/v2\/posts\/91206\/revisions\/91209"}],"wp:featuredmedia":[{"embeddable":true,"href":"https:\/\/esreviral.com\/index.php?rest_route=\/wp\/v2\/media\/91208"}],"wp:attachment":[{"href":"https:\/\/esreviral.com\/index.php?rest_route=%2Fwp%2Fv2%2Fmedia&parent=91206"}],"wp:term":[{"taxonomy":"category","embeddable":true,"href":"https:\/\/esreviral.com\/index.php?rest_route=%2Fwp%2Fv2%2Fcategories&post=91206"},{"taxonomy":"post_tag","embeddable":true,"href":"https:\/\/esreviral.com\/index.php?rest_route=%2Fwp%2Fv2%2Ftags&post=91206"}],"curies":[{"name":"wp","href":"https:\/\/api.w.org\/{rel}","templated":true}]}}