{"id":91197,"date":"2026-04-28T13:00:14","date_gmt":"2026-04-28T18:00:14","guid":{"rendered":"https:\/\/esreviral.com\/?p=91197"},"modified":"2026-04-28T13:07:17","modified_gmt":"2026-04-28T18:07:17","slug":"la-medida-del-gobierno-por-la-que-los-pasajes-de-avion-seran-mas-caros-desde-mayo-en-argentina","status":"publish","type":"post","link":"https:\/\/esreviral.com\/?p=91197","title":{"rendered":"La medida del Gobierno por la que los pasajes de avi\u00f3n ser\u00e1n m\u00e1s caros desde mayo en Argentina"},"content":{"rendered":"\n<p>Desde este 28 de mayo, los pasajes a\u00e9reos tendr\u00e1n un incremento debido a la actualizaci\u00f3n de la<strong> tasa de seguridad de la aviaci\u00f3n,<\/strong> medida que impactar\u00e1 directamente en el precio final para los pasajeros.<\/p>\n\n\n\n<p>La disposici\u00f3n fue establecida por la Administraci\u00f3n Nacional de Aviaci\u00f3n Civil (ANAC) mediante la resoluci\u00f3n 258\/2026, publicada en el Bolet\u00edn Oficial. Esta tasa est\u00e1 destinada a financiar los sistemas de seguridad y tecnolog\u00eda en los aeropuertos.<\/p>\n\n\n\n<p class=\"has-text-align-center\"><strong><a href=\"https:\/\/chat.whatsapp.com\/KWkTmakY3I05kNdd2oZl6d\"><em>\u00daNETE A NUESTRO GRUPO DE WHATSAPP PARA ESTAR INFORMADO<\/em><\/a><\/strong><\/p>\n\n\n\n<p>Con la actualizaci\u00f3n, el valor para vuelos de cabotaje pasar\u00e1 de $20 a $6500. En el caso de los vuelos regionales, la tarifa subir\u00e1 de US$4,42 a US$5, mientras que para los destinos internacionales aumentar\u00e1 de US$8 a US$9.<\/p>\n\n\n\n<p>El incremento comenzar\u00e1 a reflejarse en los precios de los pasajes desde finales de mayo.<\/p>\n\n\n\n<p>Fuentes oficiales se\u00f1alaron que la medida responde a la necesidad de recomponer el financiamiento del sistema, garantizar su funcionamiento y sostener las inversiones requeridas para fortalecer la seguridad operacional en todo el pa\u00eds.<\/p>\n\n\n\n<h2 class=\"wp-block-heading\"><strong><mark style=\"background-color:rgba(0, 0, 0, 0)\" class=\"has-inline-color has-vivid-red-color\">\u00bfA qu\u00e9 se destina la tasa?<\/mark><\/strong><\/h2>\n\n\n\n<p>Seg\u00fan lo informado, los fondos recaudados se utilizar\u00e1n para:<\/p>\n\n\n\n<ul class=\"wp-block-list\">\n<li>Modernizar el Servicio de Salvamento y Extinci\u00f3n de Incendios (SSEI), fundamental ante emergencias aeroportuarias.<\/li>\n\n\n\n<li>Mejorar la infraestructura vinculada a la seguridad operacional.<\/li>\n\n\n\n<li>Incorporar nuevas tecnolog\u00edas para optimizar el control y la supervisi\u00f3n.<\/li>\n\n\n\n<li>Fortalecer la capacitaci\u00f3n del personal.<\/li>\n\n\n\n<li>Perfeccionar los procesos de fiscalizaci\u00f3n, certificaci\u00f3n y vigilancia.<\/li>\n<\/ul>\n\n\n\n<p><\/p>\n\n\n\n<p>Desde el organismo destacaron que esta actualizaci\u00f3n forma parte de un proceso m\u00e1s amplio de modernizaci\u00f3n del sistema aeron\u00e1utico, alineado con est\u00e1ndares internacionales que establecen que las tasas deben reflejar los costos reales de los servicios que financian.<\/p>\n\n\n\n<h2 class=\"wp-block-heading\"><strong><mark style=\"background-color:rgba(0, 0, 0, 0)\" class=\"has-inline-color has-vivid-red-color\">Contexto reciente<\/mark><\/strong><\/h2>\n\n\n\n<p>La medida se produce en un escenario de incremento de costos en la industria a\u00e9rea. A mediados de marzo, y en el marco del impacto global por el aumento del precio del petr\u00f3leo, Aerol\u00edneas Argentinas aplic\u00f3 un recargo temporal en sus tarifas.<\/p>\n\n\n\n<p>Este adicional alcanz\u00f3 tanto a vuelos nacionales como internacionales, con valores que oscilaron entre 10 y 50 d\u00f3lares por tramo en rutas internacionales, y cerca de $7500 por tramo en vuelos dentro del pa\u00eds.<\/p>\n\n\n\n<p class=\"has-text-align-center\"><em><strong><em><strong><em><strong><em><strong><a href=\"https:\/\/t.me\/esreviral\">\u00daNETE A NUESTRO CANAL DE TELEGRAM PARA ESTAR INFORMADO<\/a><\/strong><\/em><\/strong><\/em><\/strong><\/em><\/strong><\/em><\/p>\n\n\n\n<p>La actualizaci\u00f3n de la tasa de seguridad se suma a estos factores y consolida una tendencia al alza en el costo de los viajes a\u00e9reos.<\/p>\n\n\n\n<p><\/p>\n\n\n\n<p class=\"has-text-align-right\"><strong><em>Con Informaci\u00f3n de TN.-<\/em><\/strong><\/p>\n","protected":false},"excerpt":{"rendered":"<p>Se trata de un recargo destinado a financiar la seguridad y tecnolog\u00eda en aeropuertos. Impactar\u00e1 sobre los pasajes a\u00e9reos de vuelos internacionales, regionales y de cabotaje.<\/p>\n","protected":false},"author":3,"featured_media":91198,"comment_status":"closed","ping_status":"closed","sticky":false,"template":"","format":"standard","meta":{"jnews-multi-image_gallery":[],"jnews_single_post":{"format":"standard"},"jnews_primary_category":[],"jnews_social_meta":[],"jnews_review":[],"enable_review":"","type":"","name":"","summary":"","brand":"","sku":"","good":[],"bad":[],"score_override":"","override_value":"","rating":[],"price":[],"jnews_override_counter":[],"jnews_post_split":[],"footnotes":""},"categories":[58,61],"tags":[44,1676,2271,45,3358,41989,41988],"class_list":["post-91197","post","type-post","status-publish","format-standard","has-post-thumbnail","hentry","category-argentina","category-economia","tag-argentina","tag-avion","tag-avion-2","tag-noticias","tag-pasajes","tag-pasajes-de-avion","tag-tasas"],"amp_enabled":true,"_links":{"self":[{"href":"https:\/\/esreviral.com\/index.php?rest_route=\/wp\/v2\/posts\/91197"}],"collection":[{"href":"https:\/\/esreviral.com\/index.php?rest_route=\/wp\/v2\/posts"}],"about":[{"href":"https:\/\/esreviral.com\/index.php?rest_route=\/wp\/v2\/types\/post"}],"author":[{"embeddable":true,"href":"https:\/\/esreviral.com\/index.php?rest_route=\/wp\/v2\/users\/3"}],"replies":[{"embeddable":true,"href":"https:\/\/esreviral.com\/index.php?rest_route=%2Fwp%2Fv2%2Fcomments&post=91197"}],"version-history":[{"count":2,"href":"https:\/\/esreviral.com\/index.php?rest_route=\/wp\/v2\/posts\/91197\/revisions"}],"predecessor-version":[{"id":91201,"href":"https:\/\/esreviral.com\/index.php?rest_route=\/wp\/v2\/posts\/91197\/revisions\/91201"}],"wp:featuredmedia":[{"embeddable":true,"href":"https:\/\/esreviral.com\/index.php?rest_route=\/wp\/v2\/media\/91198"}],"wp:attachment":[{"href":"https:\/\/esreviral.com\/index.php?rest_route=%2Fwp%2Fv2%2Fmedia&parent=91197"}],"wp:term":[{"taxonomy":"category","embeddable":true,"href":"https:\/\/esreviral.com\/index.php?rest_route=%2Fwp%2Fv2%2Fcategories&post=91197"},{"taxonomy":"post_tag","embeddable":true,"href":"https:\/\/esreviral.com\/index.php?rest_route=%2Fwp%2Fv2%2Ftags&post=91197"}],"curies":[{"name":"wp","href":"https:\/\/api.w.org\/{rel}","templated":true}]}}