{"id":91193,"date":"2026-04-28T12:53:40","date_gmt":"2026-04-28T17:53:40","guid":{"rendered":"https:\/\/esreviral.com\/?p=91193"},"modified":"2026-04-28T14:22:50","modified_gmt":"2026-04-28T19:22:50","slug":"jornada-migratoria-en-cordoba-orientacion-clave-para-venezolanos","status":"publish","type":"post","link":"https:\/\/esreviral.com\/?p=91193","title":{"rendered":"Jornada migratoria en C\u00f3rdoba: orientaci\u00f3n clave para venezolanos"},"content":{"rendered":"\n<p><strong><em>KQA.- <\/em><\/strong>La <strong>Delegaci\u00f3n de Migraciones de C\u00f3rdoba<\/strong>, junto a la <strong>Asociaci\u00f3n Civil Venezolanos en C\u00f3rdoba<\/strong>, llev\u00f3 adelante una jornada de capacitaci\u00f3n e informaci\u00f3n destinada a orientar a la comunidad migrante sobre distintos tr\u00e1mites y procesos administrativos.<\/p>\n\n\n\n<p>Dexy Lobo, presidenta de la asociaci\u00f3n, explic\u00f3 que en C\u00f3rdoba residen entre 12 a 15 mil venezolanos, quienes siempre les consultan acerca de tr\u00e1mites por lo que destac\u00f3 la importancia de la capacitaci\u00f3n.<\/p>\n\n\n\n<p>\u201cLos funcionarios son excelentes y tenemos tiempo trabajando con ellos. Vamos a empezar hacer asesor\u00eda presencial por la alta demanda que tenemos, ser\u00e1 a partir del 8 de mayo y lo haremos todos los viernes de 2 a 5 de la tarde\u201d.<\/p>\n\n\n\n<p class=\"has-text-align-center\"><strong><a href=\"https:\/\/chat.whatsapp.com\/KWkTmakY3I05kNdd2oZl6d\"><em>\u00daNETE A NUESTRO GRUPO DE WHATSAPP PARA ESTAR INFORMADO<\/em><\/a><\/strong><\/p>\n\n\n<div class=\"wp-block-image\">\n<figure class=\"aligncenter size-large is-resized\"><img fetchpriority=\"high\" decoding=\"async\" width=\"576\" height=\"1024\" src=\"https:\/\/esreviral.com\/wp-content\/uploads\/2026\/04\/WhatsApp-Image-2026-04-28-at-2.09.34-PM-1-576x1024.webp\" alt=\"\" class=\"wp-image-91195\" style=\"width:554px;height:auto\" srcset=\"https:\/\/esreviral.com\/wp-content\/uploads\/2026\/04\/WhatsApp-Image-2026-04-28-at-2.09.34-PM-1-576x1024.webp 576w, https:\/\/esreviral.com\/wp-content\/uploads\/2026\/04\/WhatsApp-Image-2026-04-28-at-2.09.34-PM-1-169x300.webp 169w, https:\/\/esreviral.com\/wp-content\/uploads\/2026\/04\/WhatsApp-Image-2026-04-28-at-2.09.34-PM-1-768x1365.webp 768w, https:\/\/esreviral.com\/wp-content\/uploads\/2026\/04\/WhatsApp-Image-2026-04-28-at-2.09.34-PM-1-864x1536.webp 864w, https:\/\/esreviral.com\/wp-content\/uploads\/2026\/04\/WhatsApp-Image-2026-04-28-at-2.09.34-PM-1.webp 900w\" sizes=\"(max-width: 576px) 100vw, 576px\" \/><\/figure><\/div>\n\n\n<p><\/p>\n\n\n\n<p>Durante el encuentro se brindaron detalles y se resolvieron dudas vinculadas a cambios de categor\u00eda migratoria, certificaci\u00f3n de ingresos, documentaci\u00f3n vigente o vencida, normativa actual y tr\u00e1mites de nacionalidad.<\/p>\n\n\n\n<p>Desde la organizaci\u00f3n destacaron que el objetivo fue reforzar el acceso a informaci\u00f3n clara y actualizada, en un contexto de frecuentes modificaciones en los procedimientos migratorios.<\/p>\n\n\n\n<p>Asimismo, se resalt\u00f3 la disposici\u00f3n de Migraciones para trabajar de manera coordinada con la asociaci\u00f3n, con el fin de agilizar gestiones de ciudadanos venezolanos, siempre que se cumplan los requisitos documentales establecidos.<\/p>\n\n\n\n<p>La iniciativa forma parte de un trabajo conjunto orientado a acompa\u00f1ar a la comunidad venezolana en C\u00f3rdoba y facilitar el acceso a soluciones en materia migratoria.<\/p>\n\n\n\n<p><\/p>\n\n\n\n<p class=\"has-text-align-center\"><em><strong><em><strong><em><strong><em><strong><a href=\"https:\/\/t.me\/esreviral\">\u00daNETE A NUESTRO CANAL DE TELEGRAM PARA ESTAR INFORMADO<\/a><\/strong><\/em><\/strong><\/em><\/strong><\/em><\/strong><\/em><\/p>\n","protected":false},"excerpt":{"rendered":"<p>La Delegaci\u00f3n de Migraciones de C\u00f3rdoba, junto a la Asociaci\u00f3n Civil Venezolanos en C\u00f3rdoba, realiz\u00f3 una jornada informativa para orientar a la comunidad migrante sobre tr\u00e1mites, cambios de categor\u00eda, documentaci\u00f3n y normativa vigente, con el objetivo de facilitar gestiones y garantizar el acceso a informaci\u00f3n actualizada.<\/p>\n","protected":false},"author":3,"featured_media":91194,"comment_status":"closed","ping_status":"closed","sticky":false,"template":"","format":"standard","meta":{"jnews-multi-image_gallery":[],"jnews_single_post":{"format":"standard"},"jnews_primary_category":[],"jnews_social_meta":[],"jnews_review":[],"enable_review":"","type":"","name":"","summary":"","brand":"","sku":"","good":[],"bad":[],"score_override":"","override_value":"","rating":[],"price":[],"jnews_override_counter":[],"jnews_post_split":[],"footnotes":""},"categories":[43,5892],"tags":[44,41987,41986,45,56],"class_list":["post-91193","post","type-post","status-publish","format-standard","has-post-thumbnail","hentry","category-actualidad","category-venezolanos-en-argentina","tag-argentina","tag-asociacion-civil-venezolanos-en-cordoba","tag-delegacion-de-migraciones-de-cordoba","tag-noticias","tag-venezuela"],"amp_enabled":true,"_links":{"self":[{"href":"https:\/\/esreviral.com\/index.php?rest_route=\/wp\/v2\/posts\/91193"}],"collection":[{"href":"https:\/\/esreviral.com\/index.php?rest_route=\/wp\/v2\/posts"}],"about":[{"href":"https:\/\/esreviral.com\/index.php?rest_route=\/wp\/v2\/types\/post"}],"author":[{"embeddable":true,"href":"https:\/\/esreviral.com\/index.php?rest_route=\/wp\/v2\/users\/3"}],"replies":[{"embeddable":true,"href":"https:\/\/esreviral.com\/index.php?rest_route=%2Fwp%2Fv2%2Fcomments&post=91193"}],"version-history":[{"count":2,"href":"https:\/\/esreviral.com\/index.php?rest_route=\/wp\/v2\/posts\/91193\/revisions"}],"predecessor-version":[{"id":91205,"href":"https:\/\/esreviral.com\/index.php?rest_route=\/wp\/v2\/posts\/91193\/revisions\/91205"}],"wp:featuredmedia":[{"embeddable":true,"href":"https:\/\/esreviral.com\/index.php?rest_route=\/wp\/v2\/media\/91194"}],"wp:attachment":[{"href":"https:\/\/esreviral.com\/index.php?rest_route=%2Fwp%2Fv2%2Fmedia&parent=91193"}],"wp:term":[{"taxonomy":"category","embeddable":true,"href":"https:\/\/esreviral.com\/index.php?rest_route=%2Fwp%2Fv2%2Fcategories&post=91193"},{"taxonomy":"post_tag","embeddable":true,"href":"https:\/\/esreviral.com\/index.php?rest_route=%2Fwp%2Fv2%2Ftags&post=91193"}],"curies":[{"name":"wp","href":"https:\/\/api.w.org\/{rel}","templated":true}]}}