{"id":91187,"date":"2026-04-28T11:31:23","date_gmt":"2026-04-28T16:31:23","guid":{"rendered":"https:\/\/esreviral.com\/?p=91187"},"modified":"2026-04-28T11:31:24","modified_gmt":"2026-04-28T16:31:24","slug":"por-el-frio-el-consumo-de-gas-aumento-y-ya-hay-restricciones-en-industrias-y-estaciones-de-gnc","status":"publish","type":"post","link":"https:\/\/esreviral.com\/?p=91187","title":{"rendered":"Por el fr\u00edo, el consumo de gas aument\u00f3 y ya hay restricciones en industrias y estaciones de GNC"},"content":{"rendered":"\n<p><strong>La llegada de las bajas temperaturas comenz\u00f3 a impactar no solo en la vida cotidiana, sino tambi\u00e9n en el sistema energ\u00e9tico. <\/strong>Ante el incremento del consumo de gas, el Ente Nacional Regulador del Gas (Enargas) <strong>dispuso restringir por 24 horas el expendio de Gas Natural Comprimido (GNC) en estaciones de servicio del \u00c1rea Metropolitana de Buenos Aires (AMBA) que operan con contratos de suministro interrumpible.<\/strong><\/p>\n\n\n\n<p class=\"has-text-align-center\"><strong><a href=\"https:\/\/chat.whatsapp.com\/KWkTmakY3I05kNdd2oZl6d\"><em>\u00daNETE A NUESTRO GRUPO DE WHATSAPP PARA ESTAR INFORMADO<\/em><\/a><\/strong><\/p>\n\n\n\n<p>La medida tiene como objetivo <strong>garantizar el abastecimiento de los usuarios prioritarios, principalmente los hogares, frente a un aumento repentino de la demanda y la ausencia de importaciones de gas natural licuado (GNL) por v\u00eda mar\u00edtima en lo que va del a\u00f1o<\/strong>. La disposici\u00f3n comenz\u00f3 a aplicarse desde la ma\u00f1ana y se mantendr\u00e1 hasta nuevo aviso, afectando a aquellas estaciones sin contratos firmes, es decir, sin garant\u00eda de suministro continuo. En cambio, las que cuentan con contratos firmes contin\u00faan operando con normalidad, aunque con mayores costos.<\/p>\n\n\n\n<p>En paralelo, tambi\u00e9n se aplicaron restricciones a ciertos consumos industriales bajo la misma modalidad interrumpible. Se trata del primer ajuste en el suministro en la antesala del invierno, per\u00edodo en el que el sistema gas\u00edfero enfrenta mayores exigencias.<\/p>\n\n\n\n<figure class=\"wp-block-image size-large\"><img decoding=\"async\" src=\"https:\/\/tn.com.ar\/resizer\/v2\/es-una-decision-de-las-distribuidoras-metrogas-y-naturgy-foto-na-RPDUK5DQHJAKJIKRFDGKIQIWAI.jpg?auth=283168291ebf9fefb79188b1547e16e10c46dec6b7257f775d2cf4f6e8ceb9a7&amp;width=1440\" alt=\"\"\/><figcaption class=\"wp-element-caption\">Es una decisi\u00f3n de las distribuidoras Metrogas y Naturgy.<\/figcaption><\/figure>\n\n\n\n<p><\/p>\n\n\n\n<p>De acuerdo con datos de Enargas, la demanda prioritaria \u2014que incluye hogares, hospitales y escuelas\u2014 alcanz\u00f3 aproximadamente los 41 millones de metros c\u00fabicos diarios, superando ampliamente los 32,7 millones registrados en la misma semana del a\u00f1o anterior. Este aumento est\u00e1 vinculado, entre otros factores, a una ca\u00edda en la temperatura promedio, que este a\u00f1o se ubic\u00f3 en 12,5 \u00b0C frente a los 18,6 \u00b0C del a\u00f1o pasado.<\/p>\n\n\n\n<p>Alrededor del 30 % de esta demanda corresponde al AMBA, la zona con mayor concentraci\u00f3n de usuarios residenciales. Sin embargo, estos niveles a\u00fan est\u00e1n por debajo de los picos del invierno, cuando el consumo puede alcanzar los 100 millones de metros c\u00fabicos diarios.<\/p>\n\n\n\n<p>El esquema de abastecimiento depende del tipo de contrato. Las estaciones con contratos firmes \u2014mayor\u00eda en el \u00e1rea metropolitana\u2014 mantienen el suministro, mientras que aquellas con contratos interrumpibles, m\u00e1s econ\u00f3micos pero sin prioridad, son las primeras en sufrir cortes. Lo mismo ocurre con determinados sectores industriales.<\/p>\n\n\n\n<p>La implementaci\u00f3n de la medida queda a cargo de cada operador, aunque existen sanciones para quienes superen los vol\u00famenes contratados en firme: deber\u00e1n pagar una multa equivalente al valor de un litro de gasolina por cada metro c\u00fabico excedido.<\/p>\n\n\n\n<figure class=\"wp-block-image size-large\"><img decoding=\"async\" src=\"https:\/\/tn.com.ar\/resizer\/v2\/cortes-a-estaciones-de-gnc-y-otras-restricciones-para-que-no-falte-gas-a-que-zonas-afecta-y-hasta-cuando-foto-na-mariano-sanchez-456CSK7YMVDYNE2FHBTJLXPKAM.jpg?auth=5831defa086b99734f16396545f5b532e280a4a8acadb3238ccc13d3db9754dc&amp;width=1440\" alt=\"\"\/><\/figure>\n\n\n\n<p><\/p>\n\n\n\n<p>La decisi\u00f3n se adopt\u00f3 tras un aumento abrupto del consumo en pocos d\u00edas, en un contexto en el que la oferta tambi\u00e9n presenta limitaciones. A esto se suma la demora en la llegada de buques de GNL, fundamentales para reforzar el sistema durante los meses de mayor demanda.<\/p>\n\n\n\n<p>Aunque Argentina ha reducido su dependencia del gas importado en los \u00faltimos a\u00f1os, a\u00fan necesita incorporar cargamentos de GNL durante el invierno. Esto se debe, principalmente, a la falta de infraestructura suficiente para transportar toda la producci\u00f3n local, incluso con el crecimiento de yacimientos como Vaca Muerta.<\/p>\n\n\n\n<p>El gas que llega por v\u00eda mar\u00edtima, regasificado en terminales como la de Escobar, resulta clave para cubrir los picos de consumo, especialmente cuando aumenta la demanda residencial, la actividad industrial y la generaci\u00f3n el\u00e9ctrica. Sin embargo, este tipo de suministro tiene un costo m\u00e1s elevado que el gas producido localmente, una diferencia que en parte es asumida por el Estado.<\/p>\n\n\n\n<p>Los datos oficiales indican que, hasta el momento, no ha arribado ning\u00fan buque de GNL en lo que va del a\u00f1o, y las importaciones desde Bolivia han sido m\u00ednimas. Para 2026, se estima la necesidad de alrededor de 20 embarcaciones, una cifra inferior a las de a\u00f1os anteriores, en l\u00ednea con la menor dependencia del exterior. No obstante, la volatilidad de los precios internacionales sigue generando incertidumbre.<\/p>\n\n\n\n<p>En este contexto, el Gobierno decidi\u00f3 que la empresa estatal Enarsa contin\u00fae encarg\u00e1ndose de la compra y log\u00edstica del GNL durante el invierno, tras suspender un proceso de licitaci\u00f3n que buscaba transferir esa responsabilidad al sector privado. Seg\u00fan fuentes oficiales, la inestabilidad de los precios influy\u00f3 en esa decisi\u00f3n.<\/p>\n\n\n\n<p class=\"has-text-align-center\"><em><strong><em><strong><em><strong><em><strong><a href=\"https:\/\/t.me\/esreviral\">\u00daNETE A NUESTRO CANAL DE TELEGRAM PARA ESTAR INFORMADO<\/a><\/strong><\/em><\/strong><\/em><\/strong><\/em><\/strong><\/em><\/p>\n\n\n\n<p>Aunque ya se iniciaron gestiones para asegurar la llegada de los primeros cargamentos en mayo, el descenso anticipado de las temperaturas oblig\u00f3 a aplicar estas restricciones como medida preventiva para evitar faltantes en el suministro.<\/p>\n\n\n\n<p><\/p>\n\n\n\n<p class=\"has-text-align-right\"><strong><em>Con informaci\u00f3n de TN.-<\/em><\/strong><\/p>\n","protected":false},"excerpt":{"rendered":"<p>La decisi\u00f3n apunta a resguardar el abastecimiento de los hogares ante el incremento repentino de la demanda. La medida comenz\u00f3 a regir a las 6 de la ma\u00f1ana y se mantendr\u00e1 \u201chasta nuevo aviso\u201d.<\/p>\n","protected":false},"author":3,"featured_media":91188,"comment_status":"closed","ping_status":"closed","sticky":false,"template":"","format":"standard","meta":{"jnews-multi-image_gallery":[],"jnews_single_post":{"format":"standard"},"jnews_primary_category":[],"jnews_social_meta":[],"jnews_review":[],"enable_review":"","type":"","name":"","summary":"","brand":"","sku":"","good":[],"bad":[],"score_override":"","override_value":"","rating":[],"price":[],"jnews_override_counter":[],"jnews_post_split":[],"footnotes":""},"categories":[58,61],"tags":[44,5833,615,41984,45],"class_list":["post-91187","post","type-post","status-publish","format-standard","has-post-thumbnail","hentry","category-argentina","category-economia","tag-argentina","tag-estaciones-de-servicio","tag-gas","tag-gnc-gas","tag-noticias"],"amp_enabled":true,"_links":{"self":[{"href":"https:\/\/esreviral.com\/index.php?rest_route=\/wp\/v2\/posts\/91187"}],"collection":[{"href":"https:\/\/esreviral.com\/index.php?rest_route=\/wp\/v2\/posts"}],"about":[{"href":"https:\/\/esreviral.com\/index.php?rest_route=\/wp\/v2\/types\/post"}],"author":[{"embeddable":true,"href":"https:\/\/esreviral.com\/index.php?rest_route=\/wp\/v2\/users\/3"}],"replies":[{"embeddable":true,"href":"https:\/\/esreviral.com\/index.php?rest_route=%2Fwp%2Fv2%2Fcomments&post=91187"}],"version-history":[{"count":1,"href":"https:\/\/esreviral.com\/index.php?rest_route=\/wp\/v2\/posts\/91187\/revisions"}],"predecessor-version":[{"id":91189,"href":"https:\/\/esreviral.com\/index.php?rest_route=\/wp\/v2\/posts\/91187\/revisions\/91189"}],"wp:featuredmedia":[{"embeddable":true,"href":"https:\/\/esreviral.com\/index.php?rest_route=\/wp\/v2\/media\/91188"}],"wp:attachment":[{"href":"https:\/\/esreviral.com\/index.php?rest_route=%2Fwp%2Fv2%2Fmedia&parent=91187"}],"wp:term":[{"taxonomy":"category","embeddable":true,"href":"https:\/\/esreviral.com\/index.php?rest_route=%2Fwp%2Fv2%2Fcategories&post=91187"},{"taxonomy":"post_tag","embeddable":true,"href":"https:\/\/esreviral.com\/index.php?rest_route=%2Fwp%2Fv2%2Ftags&post=91187"}],"curies":[{"name":"wp","href":"https:\/\/api.w.org\/{rel}","templated":true}]}}