{"id":91168,"date":"2026-04-28T08:07:43","date_gmt":"2026-04-28T13:07:43","guid":{"rendered":"https:\/\/esreviral.com\/?p=91168"},"modified":"2026-04-28T08:27:52","modified_gmt":"2026-04-28T13:27:52","slug":"milagro-en-el-cerro-bebe-cayo-30-metros-de-un-portabebes-y-sobrevivio","status":"publish","type":"post","link":"https:\/\/esreviral.com\/?p=91168","title":{"rendered":"Milagro en el cerro: Beb\u00e9 cay\u00f3 a 30 metros de altura y sobrevivi\u00f3"},"content":{"rendered":"\n<p>Un beb\u00e9 de un a\u00f1o y medio cay\u00f3 por una pendiente de aproximadamente 30 metros en el Cerro Ventana, en Bariloche, luego de desprenderse del portabeb\u00e9s de senderismo en el que era transportado por sus padres \u2014un matrimonio de nacionalidad rusa\u2014. El hecho ocurri\u00f3 el domingo alrededor de las 18:00.<\/p>\n\n\n\n<p class=\"has-text-align-center\"><strong><a href=\"https:\/\/chat.whatsapp.com\/KWkTmakY3I05kNdd2oZl6d\"><em>\u00daNETE A NUESTRO GRUPO DE WHATSAPP PARA ESTAR INFORMADO<\/em><\/a><\/strong><\/p>\n\n\n\n<p>El menor, de nacionalidad argentina, fue trasladado a un centro de salud con golpes y escoriaciones, aunque se encuentra fuera de peligro. Actualmente permanece en observaci\u00f3n en el Hospital Zonal Ram\u00f3n Carrillo, donde se le realizan diversos estudios.<\/p>\n\n\n\n<p>El director del centro m\u00e9dico, V\u00edctor Parodi, inform\u00f3 que el ni\u00f1o est\u00e1 estable. \u201c<strong><em>Se le practicaron estudios complementarios y su estado general es bueno. Presenta un traumatismo facial con contusiones y marcas propias del impacto\u201d<\/em><\/strong>, precis\u00f3.<\/p>\n\n\n\n<p>Mientras el peque\u00f1o evoluciona favorablemente, la Justicia inici\u00f3 una investigaci\u00f3n de oficio para esclarecer las causas del accidente y determinar si existi\u00f3 alg\u00fan tipo de negligencia. En ese sentido, se analiza si la ca\u00edda se produjo por una falla en el portabeb\u00e9s o por deficiencias en las medidas de seguridad durante el traslado. Para ello, personal de Criminal\u00edstica de la Polic\u00eda de R\u00edo Negro incaut\u00f3 el equipo para someterlo a peritajes.<\/p>\n\n\n\n<p>Dos personas que se encontraban cerca del lugar dieron aviso a los equipos de emergencia. El jefe de Operaciones de Protecci\u00f3n Civil, Jes\u00fas Vargas, explic\u00f3 que el menor descendi\u00f3 por la ladera a\u00fan sujeto al portabeb\u00e9s, lo que habr\u00eda ayudado a amortiguar el impacto.<\/p>\n\n\n\n<p>\u201c<strong><em>El sendero puede parecer sencillo, pero tiene sectores t\u00e9cnicos y peligrosos<\/em><\/strong>\u201d, advirti\u00f3 Vargas, quien adem\u00e1s indic\u00f3 que gran parte del recorrido se encuentra en terrenos privados, por lo que no cuenta con se\u00f1alizaci\u00f3n oficial.<\/p>\n\n\n\n<p>Tras el accidente, los padres y otras personas presentes lograron asistir al ni\u00f1o y trasladarlo hasta el inicio del sendero. All\u00ed ya se encontraban los rescatistas, que hab\u00edan sido alertados previamente a trav\u00e9s del sistema de emergencias.<\/p>\n\n\n\n<p class=\"has-text-align-center\"><em><strong><em><strong><em><strong><em><strong><a href=\"https:\/\/t.me\/esreviral\">\u00daNETE A NUESTRO CANAL DE TELEGRAM PARA ESTAR INFORMADO<\/a><\/strong><\/em><\/strong><\/em><\/strong><\/em><\/strong><\/em><\/p>\n\n\n\n<p>En el operativo participaron agentes de la Polic\u00eda de R\u00edo Negro, personal de Parques Nacionales, brigadistas del Servicio de Prevenci\u00f3n y Lucha contra Incendios Forestales y m\u00e9dicos del Hospital Zonal Ram\u00f3n Carrillo.<\/p>\n\n\n\n<p class=\"has-text-align-right\"><strong><em>Con Informaci\u00f3n de Clarin.-<\/em><\/strong><\/p>\n","protected":false},"excerpt":{"rendered":"<p>Sus padres lo llevaban en una mochila, en Bariloche. Rod\u00f3 30 metros. Investigan si hubo negligencia.<\/p>\n","protected":false},"author":3,"featured_media":91169,"comment_status":"closed","ping_status":"closed","sticky":false,"template":"","format":"standard","meta":{"jnews-multi-image_gallery":[],"jnews_single_post":{"format":"standard"},"jnews_primary_category":[],"jnews_social_meta":[],"jnews_review":[],"enable_review":"","type":"","name":"","summary":"","brand":"","sku":"","good":[],"bad":[],"score_override":"","override_value":"","rating":[],"price":[],"jnews_override_counter":[],"jnews_post_split":[],"footnotes":""},"categories":[58,64],"tags":[44,1573,41969,41968,45],"class_list":["post-91168","post","type-post","status-publish","format-standard","has-post-thumbnail","hentry","category-argentina","category-sucesos","tag-argentina","tag-bariloche","tag-caida-bebe","tag-cerro-la-ventana","tag-noticias"],"amp_enabled":true,"_links":{"self":[{"href":"https:\/\/esreviral.com\/index.php?rest_route=\/wp\/v2\/posts\/91168"}],"collection":[{"href":"https:\/\/esreviral.com\/index.php?rest_route=\/wp\/v2\/posts"}],"about":[{"href":"https:\/\/esreviral.com\/index.php?rest_route=\/wp\/v2\/types\/post"}],"author":[{"embeddable":true,"href":"https:\/\/esreviral.com\/index.php?rest_route=\/wp\/v2\/users\/3"}],"replies":[{"embeddable":true,"href":"https:\/\/esreviral.com\/index.php?rest_route=%2Fwp%2Fv2%2Fcomments&post=91168"}],"version-history":[{"count":2,"href":"https:\/\/esreviral.com\/index.php?rest_route=\/wp\/v2\/posts\/91168\/revisions"}],"predecessor-version":[{"id":91173,"href":"https:\/\/esreviral.com\/index.php?rest_route=\/wp\/v2\/posts\/91168\/revisions\/91173"}],"wp:featuredmedia":[{"embeddable":true,"href":"https:\/\/esreviral.com\/index.php?rest_route=\/wp\/v2\/media\/91169"}],"wp:attachment":[{"href":"https:\/\/esreviral.com\/index.php?rest_route=%2Fwp%2Fv2%2Fmedia&parent=91168"}],"wp:term":[{"taxonomy":"category","embeddable":true,"href":"https:\/\/esreviral.com\/index.php?rest_route=%2Fwp%2Fv2%2Fcategories&post=91168"},{"taxonomy":"post_tag","embeddable":true,"href":"https:\/\/esreviral.com\/index.php?rest_route=%2Fwp%2Fv2%2Ftags&post=91168"}],"curies":[{"name":"wp","href":"https:\/\/api.w.org\/{rel}","templated":true}]}}