{"id":91165,"date":"2026-04-28T07:55:03","date_gmt":"2026-04-28T12:55:03","guid":{"rendered":"https:\/\/esreviral.com\/?p=91165"},"modified":"2026-04-28T07:55:05","modified_gmt":"2026-04-28T12:55:05","slug":"un-policia-murio-aplastado-por-un-cartel-que-cayo-de-la-autopista-25-de-mayo","status":"publish","type":"post","link":"https:\/\/esreviral.com\/?p=91165","title":{"rendered":"Un polic\u00eda muri\u00f3 aplastado por un cartel que cay\u00f3 de la Autopista 25 de Mayo"},"content":{"rendered":"\n<p><strong>Un agente de la Polic\u00eda de la Ciudad de Buenos Aires falleci\u00f3 tras ser aplastado por un cartel de se\u00f1alizaci\u00f3n vial que se desprendi\u00f3 desde unos ocho metros de altura en la Autopista 25 de Mayo,<\/strong> a la altura de la calle Membrillar, en el barrio de Flores. La estructura cay\u00f3 luego de que dos camiones impactaran contra los soportes met\u00e1licos que la sosten\u00edan.<\/p>\n\n\n\n<p class=\"has-text-align-center\"><strong><a href=\"https:\/\/chat.whatsapp.com\/KWkTmakY3I05kNdd2oZl6d\"><em>\u00daNETE A NUESTRO GRUPO DE WHATSAPP PARA ESTAR INFORMADO<\/em><\/a><\/strong><\/p>\n\n\n\n<p>El deceso del oficial fue confirmado por el Ministerio de Seguridad porte\u00f1o. La v\u00edctima prestaba servicio en la Comisar\u00eda Comunal 7, ubicada debajo de la autopista, en la intersecci\u00f3n de Membrillar y Recuero, en la zona de Bajo Flores.<\/p>\n\n\n\n<p>De acuerdo con fuentes policiales, el hecho ocurri\u00f3 alrededor de las 16:00, cuando dos camiones circulaban en direcci\u00f3n al centro de la ciudad. Uno de los veh\u00edculos perdi\u00f3 el control a la altura de la avenida Carabobo y colision\u00f3 lateralmente contra un poste de se\u00f1alizaci\u00f3n. Instantes despu\u00e9s, el segundo cami\u00f3n, que ven\u00eda detr\u00e1s, impact\u00f3 la estructura, provocando su ca\u00edda fuera de la autopista, justo en la esquina mencionada. En ese momento, el oficial se encontraba en la vereda y recibi\u00f3 un golpe fatal en la cabeza.<\/p>\n\n\n\n<p>Uno de los conductores continu\u00f3 su marcha tras el impacto. Sin embargo, un patrullero inici\u00f3 una persecuci\u00f3n y logr\u00f3 interceptar el veh\u00edculo, que presentaba da\u00f1os visibles, a la altura de la avenida Boedo.<strong> El chofer fue detenido por las autoridades.<\/strong><\/p>\n\n\n\n<p>Un vecino del sector relat\u00f3 que escuch\u00f3 un estruendo desde su vivienda y, al salir, observ\u00f3 la escena. Indic\u00f3 que el cartel, de color verde con letras blancas y utilizado para se\u00f1alizar salidas, hab\u00eda sido instalado recientemente.<\/p>\n\n\n\n<p class=\"has-text-align-center\"><em><strong><em><strong><em><strong><em><strong><a href=\"https:\/\/t.me\/esreviral\">\u00daNETE A NUESTRO CANAL DE TELEGRAM PARA ESTAR INFORMADO<\/a><\/strong><\/em><\/strong><\/em><\/strong><\/em><\/strong><\/em><\/p>\n\n\n\n<p>La zona fue cerrada al tr\u00e1nsito mientras trabajaban peritos de la Polic\u00eda Cient\u00edfica y personal de AUSA, empresa concesionaria de la autopista. Ambos conductores fueron demorados, mientras que la investigaci\u00f3n qued\u00f3 a cargo del Juzgado Nacional N.\u00ba 47, encabezado por el juez Javier S\u00e1nchez Sarmiento, quien orden\u00f3 la realizaci\u00f3n de peritajes a los veh\u00edculos involucrados por parte de especialistas de la Polic\u00eda Federal.<\/p>\n\n\n\n<p class=\"has-text-align-right\"><strong><em>Con Informaci\u00f3n de Clarin.-<\/em><\/strong><\/p>\n","protected":false},"excerpt":{"rendered":"<p>Un cami\u00f3n fuera de control choc\u00f3 una columna y caus\u00f3 el accidente, a la altura de la Comisar\u00eda 7, en el Bajo Flores.<\/p>\n","protected":false},"author":3,"featured_media":91166,"comment_status":"closed","ping_status":"closed","sticky":false,"template":"","format":"standard","meta":{"jnews-multi-image_gallery":[],"jnews_single_post":{"format":"standard"},"jnews_primary_category":[],"jnews_social_meta":[],"jnews_review":[],"enable_review":"","type":"","name":"","summary":"","brand":"","sku":"","good":[],"bad":[],"score_override":"","override_value":"","rating":[],"price":[],"jnews_override_counter":[],"jnews_post_split":[],"footnotes":""},"categories":[58,64],"tags":[44,6337,10111,45,3115],"class_list":["post-91165","post","type-post","status-publish","format-standard","has-post-thumbnail","hentry","category-argentina","category-sucesos","tag-argentina","tag-autopista-25-de-mayo","tag-murio-aplastado","tag-noticias","tag-policia-2"],"amp_enabled":true,"_links":{"self":[{"href":"https:\/\/esreviral.com\/index.php?rest_route=\/wp\/v2\/posts\/91165"}],"collection":[{"href":"https:\/\/esreviral.com\/index.php?rest_route=\/wp\/v2\/posts"}],"about":[{"href":"https:\/\/esreviral.com\/index.php?rest_route=\/wp\/v2\/types\/post"}],"author":[{"embeddable":true,"href":"https:\/\/esreviral.com\/index.php?rest_route=\/wp\/v2\/users\/3"}],"replies":[{"embeddable":true,"href":"https:\/\/esreviral.com\/index.php?rest_route=%2Fwp%2Fv2%2Fcomments&post=91165"}],"version-history":[{"count":1,"href":"https:\/\/esreviral.com\/index.php?rest_route=\/wp\/v2\/posts\/91165\/revisions"}],"predecessor-version":[{"id":91167,"href":"https:\/\/esreviral.com\/index.php?rest_route=\/wp\/v2\/posts\/91165\/revisions\/91167"}],"wp:featuredmedia":[{"embeddable":true,"href":"https:\/\/esreviral.com\/index.php?rest_route=\/wp\/v2\/media\/91166"}],"wp:attachment":[{"href":"https:\/\/esreviral.com\/index.php?rest_route=%2Fwp%2Fv2%2Fmedia&parent=91165"}],"wp:term":[{"taxonomy":"category","embeddable":true,"href":"https:\/\/esreviral.com\/index.php?rest_route=%2Fwp%2Fv2%2Fcategories&post=91165"},{"taxonomy":"post_tag","embeddable":true,"href":"https:\/\/esreviral.com\/index.php?rest_route=%2Fwp%2Fv2%2Ftags&post=91165"}],"curies":[{"name":"wp","href":"https:\/\/api.w.org\/{rel}","templated":true}]}}