{"id":91163,"date":"2026-04-28T07:45:08","date_gmt":"2026-04-28T12:45:08","guid":{"rendered":"https:\/\/esreviral.com\/?p=91163"},"modified":"2026-04-28T07:45:09","modified_gmt":"2026-04-28T12:45:09","slug":"paro-en-el-smn-como-afectara-los-vueltos-antes-del-fin-de-semana-largo","status":"publish","type":"post","link":"https:\/\/esreviral.com\/?p=91163","title":{"rendered":"Paro en el SMN: c\u00f3mo afectar\u00e1 los vueltos antes del fin de semana largo"},"content":{"rendered":"\n<p><strong>La Asociaci\u00f3n Trabajadores del Estado (ATE) anunci\u00f3 un paro en el Servicio Meteorol\u00f3gico Nacional (SMN) previsto para el jueves 30 de abril, en la antesala del fin de semana largo por el D\u00eda del Trabajador.<\/strong><\/p>\n\n\n\n<p>La medida podr\u00eda ocasionar retrasos y dificultades en los vuelos, debido a la funci\u00f3n esencial que cumple el organismo al proporcionar informaci\u00f3n meteorol\u00f3gica clave para la navegaci\u00f3n a\u00e9rea.<\/p>\n\n\n\n<p>El conflicto se produce en un contexto de despidos recientes y cambios estructurales dentro del SMN, respaldados por el Gobierno nacional.<\/p>\n\n\n\n<p class=\"has-text-align-center\"><strong><a href=\"https:\/\/chat.whatsapp.com\/KWkTmakY3I05kNdd2oZl6d\"><em>\u00daNETE A NUESTRO GRUPO DE WHATSAPP PARA ESTAR INFORMADO<\/em><\/a><\/strong><\/p>\n\n\n\n<figure class=\"wp-block-image size-large\"><img decoding=\"async\" src=\"https:\/\/tn.com.ar\/resizer\/v2\/ate-convoco-a-una-medida-de-fuerza-en-el-servicio-meteorologico-nacional-tras-despidos-y-cambios-en-el-organismo-foto-reutersagustin-marcarian-DZSEE5YZQJGS3JAOVDMOBC5KBU.jpg?auth=4eac231ae02111f2ab0da6d38b97b0e2ffd16336abcb08ec2f84cf5f9b0eb979&amp;width=1440\" alt=\"\"\/><figcaption class=\"wp-element-caption\">ATE convoc\u00f3 a una medida de fuerza en el Servicio Meteorol\u00f3gico Nacional tras despidos y cambios en el organismo<\/figcaption><\/figure>\n\n\n\n<h3 class=\"wp-block-heading\"><strong><mark style=\"background-color:rgba(0, 0, 0, 0)\" class=\"has-inline-color has-vivid-red-color\">Motivos de la protesta<\/mark><\/strong><\/h3>\n\n\n\n<p>El sindicato decidi\u00f3 avanzar con la huelga en reclamo por la reincorporaci\u00f3n de 140 trabajadores desvinculados, la anulaci\u00f3n de otros 100 despidos anunciados y la derogaci\u00f3n del Decreto 274\/26.<\/p>\n\n\n\n<p>De acuerdo con ATE, esta normativa modifica funciones fundamentales del organismo y las transfiere a la Empresa Argentina de Navegaci\u00f3n A\u00e9rea (EANA), lo que genera preocupaci\u00f3n entre los empleados sobre el futuro del servicio.<\/p>\n\n\n\n<p>Desde el gremio indicaron que estas medidas han provocado un fuerte malestar interno, especialmente luego de que el Gobierno intentara declarar ilegal la protesta. En ese sentido, cuestionaron que algunas tareas sean consideradas esenciales mientras se reduce el personal.<\/p>\n\n\n\n<h3 class=\"wp-block-heading\"><strong><mark style=\"background-color:rgba(0, 0, 0, 0)\" class=\"has-inline-color has-vivid-red-color\">Posible impacto en los vuelos<\/mark><\/strong><\/h3>\n\n\n\n<p>El paro se llevar\u00e1 a cabo el jueves 30 de abril, un d\u00eda antes del feriado del 1 de mayo, y podr\u00eda afectar la operaci\u00f3n a\u00e9rea en todo el pa\u00eds.<\/p>\n\n\n\n<p>No obstante, ATE asegur\u00f3 que durante la jornada se mantendr\u00e1n activos los protocolos de vigilancia y alerta, con el fin de garantizar la seguridad a\u00e9rea y la atenci\u00f3n de emergencias. Esto significa que podr\u00edan registrarse demoras o reprogramaciones, pero no se prev\u00e9 una paralizaci\u00f3n total del servicio.<\/p>\n\n\n\n<h3 class=\"wp-block-heading\"><strong><mark style=\"background-color:rgba(0, 0, 0, 0)\" class=\"has-inline-color has-vivid-red-color\">Cruces con el Gobierno<\/mark><\/strong><\/h3>\n\n\n\n<p>La tensi\u00f3n aument\u00f3 en los \u00faltimos d\u00edas tras las declaraciones del ministro de Desregulaci\u00f3n, Federico Sturzenegger, quien respald\u00f3 los despidos y cuestion\u00f3 el funcionamiento del organismo.<\/p>\n\n\n\n<p>A trav\u00e9s de sus redes sociales, el funcionario sostuvo que existe un exceso de personal y plante\u00f3 que el SMN podr\u00eda operar con una estructura significativamente menor, con alrededor de 150 empleados en lugar de los casi 1.000 actuales.<\/p>\n\n\n\n<p class=\"has-text-align-center\"><em><strong><em><strong><em><strong><em><strong><a href=\"https:\/\/t.me\/esreviral\">\u00daNETE A NUESTRO CANAL DE TELEGRAM PARA ESTAR INFORMADO<\/a><\/strong><\/em><\/strong><\/em><\/strong><\/em><\/strong><\/em><\/p>\n\n\n\n<p>Estas afirmaciones fueron rechazadas por trabajadores del organismo, quienes aseguraron que los datos son inexactos. Seg\u00fan indicaron, el SMN cuenta con m\u00e1s de 150 meteor\u00f3logos y, tras los despidos, el promedio de personal por estaci\u00f3n es de aproximadamente tres trabajadores en cada una de las 125 bases distribuidas en el pa\u00eds.<\/p>\n\n\n\n<p class=\"has-text-align-right\"><strong><em>Con Informaci\u00f3n de TN.-<\/em><\/strong><\/p>\n","protected":false},"excerpt":{"rendered":"<p>ATE convoc\u00f3 a una medida de fuerza en el Servicio Meteorol\u00f3gico Nacional tras despidos y cambios en el organismo. Habr\u00e1 impacto en la operatoria a\u00e9rea, aunque se mantendr\u00e1n servicios esenciales.<\/p>\n","protected":false},"author":3,"featured_media":90903,"comment_status":"closed","ping_status":"closed","sticky":false,"template":"","format":"standard","meta":{"jnews-multi-image_gallery":[],"jnews_single_post":{"format":"standard"},"jnews_primary_category":[],"jnews_social_meta":[],"jnews_review":[],"enable_review":"","type":"","name":"","summary":"","brand":"","sku":"","good":[],"bad":[],"score_override":"","override_value":"","rating":[],"price":[],"jnews_override_counter":[],"jnews_post_split":[],"footnotes":""},"categories":[58],"tags":[44,5598,1960,45,13871,5555,46],"class_list":["post-91163","post","type-post","status-publish","format-standard","has-post-thumbnail","hentry","category-argentina","tag-argentina","tag-ate","tag-dia-del-trabajador","tag-noticias","tag-paro-aeronautico","tag-servicio-meteorologico-nacional-2","tag-vuelos"],"amp_enabled":true,"_links":{"self":[{"href":"https:\/\/esreviral.com\/index.php?rest_route=\/wp\/v2\/posts\/91163"}],"collection":[{"href":"https:\/\/esreviral.com\/index.php?rest_route=\/wp\/v2\/posts"}],"about":[{"href":"https:\/\/esreviral.com\/index.php?rest_route=\/wp\/v2\/types\/post"}],"author":[{"embeddable":true,"href":"https:\/\/esreviral.com\/index.php?rest_route=\/wp\/v2\/users\/3"}],"replies":[{"embeddable":true,"href":"https:\/\/esreviral.com\/index.php?rest_route=%2Fwp%2Fv2%2Fcomments&post=91163"}],"version-history":[{"count":1,"href":"https:\/\/esreviral.com\/index.php?rest_route=\/wp\/v2\/posts\/91163\/revisions"}],"predecessor-version":[{"id":91164,"href":"https:\/\/esreviral.com\/index.php?rest_route=\/wp\/v2\/posts\/91163\/revisions\/91164"}],"wp:featuredmedia":[{"embeddable":true,"href":"https:\/\/esreviral.com\/index.php?rest_route=\/wp\/v2\/media\/90903"}],"wp:attachment":[{"href":"https:\/\/esreviral.com\/index.php?rest_route=%2Fwp%2Fv2%2Fmedia&parent=91163"}],"wp:term":[{"taxonomy":"category","embeddable":true,"href":"https:\/\/esreviral.com\/index.php?rest_route=%2Fwp%2Fv2%2Fcategories&post=91163"},{"taxonomy":"post_tag","embeddable":true,"href":"https:\/\/esreviral.com\/index.php?rest_route=%2Fwp%2Fv2%2Ftags&post=91163"}],"curies":[{"name":"wp","href":"https:\/\/api.w.org\/{rel}","templated":true}]}}