{"id":91158,"date":"2026-04-28T07:26:04","date_gmt":"2026-04-28T12:26:04","guid":{"rendered":"https:\/\/esreviral.com\/?p=91158"},"modified":"2026-04-28T07:35:02","modified_gmt":"2026-04-28T12:35:02","slug":"hablo-el-medico-que-le-hizo-el-aborto-a-la-adolescente-en-la-clinica-donde-encontraron-ocho-fetos","status":"publish","type":"post","link":"https:\/\/esreviral.com\/?p=91158","title":{"rendered":"Habl\u00f3 el m\u00e9dico que le hizo el aborto a la adolescente en la cl\u00ednica donde encontraron ocho fetos"},"content":{"rendered":"\n<p>El caso de la adolescente oriunda de Santiago del Estero, embarazada tras una violaci\u00f3n, contin\u00faa generando repercusiones judiciales y medi\u00e1ticas luego de la intervenci\u00f3n realizada en una cl\u00ednica de Villa Ballester y<strong><a href=\"https:\/\/esreviral.com\/?p=91123\" data-type=\"link\" data-id=\"https:\/\/esreviral.com\/?p=91123\"> el posterior hallazgo de ocho restos fetales en el lugar.<\/a><\/strong><\/p>\n\n\n\n<p><strong>El m\u00e9dico Dami\u00e1n Levy (MN 126052), presidente de la Fundaci\u00f3n Cigesar \u2014dedicada a la salud sexual y \u201c(no) reproductiva\u201d<\/strong>\u2014, qued\u00f3 en el centro de la controversia tras<strong> practicar una interrupci\u00f3n legal del embarazo a la ni\u00f1a,<\/strong> quien cursaba ocho meses de gestaci\u00f3n. El procedimiento se realiz\u00f3 en la cl\u00ednica Santa Mar\u00eda, donde d\u00edas despu\u00e9s un allanamiento permiti\u00f3 encontrar ocho fetos almacenados en bolsas de residuos patol\u00f3gicos.<\/p>\n\n\n\n<p class=\"has-text-align-center\"><strong><a href=\"https:\/\/chat.whatsapp.com\/KWkTmakY3I05kNdd2oZl6d\"><em>\u00daNETE A NUESTRO GRUPO DE WHATSAPP PARA ESTAR INFORMADO<\/em><\/a><\/strong><\/p>\n\n\n\n<figure class=\"wp-block-image size-large\"><img decoding=\"async\" src=\"https:\/\/tn.com.ar\/resizer\/v2\/el-personal-de-delitos-complejos-encontro-ocho-fetos-en-bolsas-de-consorcio-foto-policia-de-la-provincia-de-buenos-aires-7OBZG4OKRZHKLDDHMTNHMB4JDQ.jpg?auth=e89538bf33b5bf99c0fb4bc031650c53b199b68a43d0b99e1a922e0a2839cff3&amp;width=1440\" alt=\"\"\/><figcaption class=\"wp-element-caption\">El personal de Delitos Complejos encontr\u00f3 ocho fetos en bolsas de consorcio. (Foto: Polic\u00eda de la Provincia de Buenos Aires.)<\/figcaption><\/figure>\n\n\n\n<p><\/p>\n\n\n\n<p>En declaraciones ofrecidas a TN a trav\u00e9s de WhatsApp, Levy expres\u00f3 estar \u201c<strong><em>consternado<\/em><\/strong>\u201d por lo ocurrido, aunque asegur\u00f3 haber actuado conforme a la legislaci\u00f3n vigente. Seg\u00fan explic\u00f3, <strong>el contacto con la menor y su madre se produjo durante una campa\u00f1a de salud en Santiago del Estero, donde ambas solicitaron apoyo tras denunciar una violaci\u00f3n y no poder acceder al procedimiento en su provincia.<\/strong><\/p>\n\n\n\n<p>La Ley 27.610 permite la interrupci\u00f3n voluntaria del embarazo hasta la semana 14, aunque contempla excepciones posteriores, como en casos de abuso sexual. En ese contexto,<strong> el m\u00e9dico indic\u00f3 que se trataba de una situaci\u00f3n de alta vulnerabilidad, por lo que la fundaci\u00f3n brind\u00f3 orientaci\u00f3n, traslado y atenci\u00f3n m\u00e9dica segura.<\/strong><\/p>\n\n\n\n<p>La intervenci\u00f3n fue realizada por un equipo de la propia fundaci\u00f3n en una cl\u00ednica con la que mantienen un convenio para el uso de sus instalaciones. Sin embargo,<strong> tras el operativo policial, la cl\u00ednica Santa Mar\u00eda emiti\u00f3 un comunicado en el que busc\u00f3 aclarar su participaci\u00f3n y desvincularse de las acusaciones.<\/strong><\/p>\n\n\n\n<p><strong>La instituci\u00f3n se\u00f1al\u00f3 que \u00fanicamente alquil\u00f3 su infraestructura a la Fundaci\u00f3n Cigesar, responsable de la atenci\u00f3n m\u00e9dica con su propio personal. Asimismo, afirm\u00f3 no contar con servicio de obstetricia ni realizar procedimientos relacionados con esa especialidad, y rechaz\u00f3 las versiones que suger\u00edan la existencia de una red de trata o tr\u00e1fico de reci\u00e9n nacidos.<\/strong><\/p>\n\n\n\n<p>Por su parte, la fundaci\u00f3n asegur\u00f3 que todas las pr\u00e1cticas se llevaron a cabo dentro del marco legal y siguiendo los protocolos sanitarios vigentes. Tambi\u00e9n denunci\u00f3 la filtraci\u00f3n de informaci\u00f3n sensible del caso, lo que, a su juicio, gener\u00f3 interpretaciones err\u00f3neas y la difusi\u00f3n de datos inexactos.<\/p>\n\n\n\n<p>En relaci\u00f3n con el allanamiento, las autoridades encontraron ocho fetos, algunos con signos de desmembramiento, que \u2014seg\u00fan fuentes oficiales\u2014 hab\u00edan sido descartados como residuos patol\u00f3gicos y estaban a la espera de ser retirados por una empresa especializada.<\/p>\n\n\n\n<p>La investigaci\u00f3n judicial busca determinar si existieron irregularidades en los procedimientos o en el accionar de la organizaci\u00f3n. El caso involucra a varias jurisdicciones: la Justicia federal analiza el rol de la ONG; la Justicia provincial investiga el hallazgo de los fetos y la legalidad de las intervenciones; y en Santiago del Estero contin\u00faa la causa por abuso sexual, con dos sospechosos que permanecen pr\u00f3fugos.<\/p>\n\n\n\n<p class=\"has-text-align-center\"><em><strong><em><strong><em><strong><em><strong><a href=\"https:\/\/t.me\/esreviral\">\u00daNETE A NUESTRO CANAL DE TELEGRAM PARA ESTAR INFORMADO<\/a><\/strong><\/em><\/strong><\/em><\/strong><\/em><\/strong><\/em><\/p>\n\n\n\n<p>Peritos trabajan para identificar cu\u00e1l de los restos corresponde a la menor, con el fin de obtener material gen\u00e9tico que permita avanzar en la investigaci\u00f3n. Mientras tanto, la ni\u00f1a y su madre ya regresaron a su provincia, donde sigue en curso el proceso judicial.<\/p>\n\n\n\n<p class=\"has-text-align-right\"><strong><em>Con Informaci\u00f3n de TN.-<\/em><\/strong><\/p>\n","protected":false},"excerpt":{"rendered":"<p>Dami\u00e1n Levy es obstetra y ginec\u00f3logo y preside la fundaci\u00f3n que coste\u00f3 los gastos de la chica y su mam\u00e1 desde Santiago del Estero. Asegur\u00f3 que lo conmocion\u00f3 la repercusi\u00f3n del caso.<\/p>\n","protected":false},"author":3,"featured_media":91159,"comment_status":"closed","ping_status":"closed","sticky":false,"template":"","format":"standard","meta":{"jnews-multi-image_gallery":[],"jnews_single_post":{"format":"standard"},"jnews_primary_category":[],"jnews_social_meta":[],"jnews_review":[],"enable_review":"","type":"","name":"","summary":"","brand":"","sku":"","good":[],"bad":[],"score_override":"","override_value":"","rating":[],"price":[],"jnews_override_counter":[],"jnews_post_split":[],"footnotes":""},"categories":[58,64],"tags":[366,44,41966,580,45,41967,3491],"class_list":["post-91158","post","type-post","status-publish","format-standard","has-post-thumbnail","hentry","category-argentina","category-sucesos","tag-aborto","tag-argentina","tag-damian-levy","tag-ministerio-de-salud","tag-noticias","tag-ocho-fetos","tag-santiago-del-estero"],"amp_enabled":true,"_links":{"self":[{"href":"https:\/\/esreviral.com\/index.php?rest_route=\/wp\/v2\/posts\/91158"}],"collection":[{"href":"https:\/\/esreviral.com\/index.php?rest_route=\/wp\/v2\/posts"}],"about":[{"href":"https:\/\/esreviral.com\/index.php?rest_route=\/wp\/v2\/types\/post"}],"author":[{"embeddable":true,"href":"https:\/\/esreviral.com\/index.php?rest_route=\/wp\/v2\/users\/3"}],"replies":[{"embeddable":true,"href":"https:\/\/esreviral.com\/index.php?rest_route=%2Fwp%2Fv2%2Fcomments&post=91158"}],"version-history":[{"count":2,"href":"https:\/\/esreviral.com\/index.php?rest_route=\/wp\/v2\/posts\/91158\/revisions"}],"predecessor-version":[{"id":91162,"href":"https:\/\/esreviral.com\/index.php?rest_route=\/wp\/v2\/posts\/91158\/revisions\/91162"}],"wp:featuredmedia":[{"embeddable":true,"href":"https:\/\/esreviral.com\/index.php?rest_route=\/wp\/v2\/media\/91159"}],"wp:attachment":[{"href":"https:\/\/esreviral.com\/index.php?rest_route=%2Fwp%2Fv2%2Fmedia&parent=91158"}],"wp:term":[{"taxonomy":"category","embeddable":true,"href":"https:\/\/esreviral.com\/index.php?rest_route=%2Fwp%2Fv2%2Fcategories&post=91158"},{"taxonomy":"post_tag","embeddable":true,"href":"https:\/\/esreviral.com\/index.php?rest_route=%2Fwp%2Fv2%2Ftags&post=91158"}],"curies":[{"name":"wp","href":"https:\/\/api.w.org\/{rel}","templated":true}]}}