{"id":91153,"date":"2026-04-27T12:40:25","date_gmt":"2026-04-27T17:40:25","guid":{"rendered":"https:\/\/esreviral.com\/?p=91153"},"modified":"2026-04-27T12:40:26","modified_gmt":"2026-04-27T17:40:26","slug":"historico-primera-venezolana-medallista-de-oro-en-copa-mundial-de-boxeo","status":"publish","type":"post","link":"https:\/\/esreviral.com\/?p=91153","title":{"rendered":"\u00a1Hist\u00f3rico! Primera venezolana medallista de oro en Copa Mundial de Boxeo"},"content":{"rendered":"\n<p>El boxeo venezolano celebra una haza\u00f1a hist\u00f3rica luego de que la pugilista Omailyn Alcal\u00e1 se convirtiera en la primera mujer del pa\u00eds en conquistar una medalla de oro en la Copa Mundial de Boxeo, un logro que marca un hito para el deporte femenino nacional.<\/p>\n\n\n\n<p>Alcal\u00e1 se coron\u00f3 en la categor\u00eda de los 57 kilogramos durante la jornada final disputada el 26 de abril en el hotel Rafain, en Foz de Iguaz\u00fa, Brasil. En el combate decisivo, la venezolana ofreci\u00f3 una actuaci\u00f3n s\u00f3lida y dominante que le permiti\u00f3 imponerse de principio a fin.<\/p>\n\n\n\n<p class=\"has-text-align-center\"><strong><a href=\"https:\/\/chat.whatsapp.com\/KWkTmakY3I05kNdd2oZl6d\"><em>\u00daNETE A NUESTRO GRUPO DE WHATSAPP PARA ESTAR INFORMADO<\/em><\/a><\/strong><\/p>\n\n\n\n<h3 class=\"wp-block-heading\"><strong><mark style=\"background-color:rgba(0, 0, 0, 0)\" class=\"has-inline-color has-vivid-red-color\">Victoria contundente en la final<\/mark><\/strong><\/h3>\n\n\n\n<p>En la pelea por el oro, Alcal\u00e1 enfrent\u00f3 a la h\u00fangara Kukhta Vladislava. De acuerdo con reportes del Ministerio del Deporte, la venezolana no dej\u00f3 dudas sobre su superioridad y obtuvo la victoria por decisi\u00f3n un\u00e1nime de los jueces.<\/p>\n\n\n\n<p>El resultado reflej\u00f3 no solo su preparaci\u00f3n f\u00edsica, sino tambi\u00e9n su capacidad estrat\u00e9gica para controlar los tiempos del combate frente a una rival de alto nivel europeo. Con este triunfo, la atleta reafirma su condici\u00f3n como una de las principales figuras del ciclo ol\u00edmpico venezolano.<\/p>\n\n\n\n<h3 class=\"wp-block-heading\"><strong><mark style=\"background-color:rgba(0, 0, 0, 0)\" class=\"has-inline-color has-vivid-red-color\">El perfil de la campeona<\/mark><\/strong><\/h3>\n\n\n\n<p>El nombre de Omailyn Alcal\u00e1 comenz\u00f3 a consolidarse en el panorama internacional durante los Juegos Panamericanos de Santiago 2023, donde obtuvo la medalla de bronce y, adem\u00e1s, asegur\u00f3 su clasificaci\u00f3n a los Juegos Ol\u00edmpicos de Par\u00eds 2024. Fue la primera boxeadora venezolana en lograr el boleto a esa cita ol\u00edmpica, lo que la posicion\u00f3 como referente del equipo femenino nacional.<\/p>\n\n\n\n<p>Oriunda de Caracas, espec\u00edficamente de la parroquia El Valle, Alcal\u00e1 ha construido su carrera sobre la base de la disciplina y la resiliencia. Su estilo de combate se caracteriza por la inteligencia t\u00e1ctica, el buen manejo de la distancia, la t\u00e9cnica depurada y la fortaleza mental.<\/p>\n\n\n\n<p>Antes de su consagraci\u00f3n mundial en Brasil, ya hab\u00eda sumado experiencia y resultados importantes:<\/p>\n\n\n\n<ul class=\"wp-block-list\">\n<li>En los Juegos Centroamericanos y del Caribe de San Salvador 2023, subi\u00f3 al podio y se consolid\u00f3 entre las mejores de la regi\u00f3n.<\/li>\n\n\n\n<li>En el Mundial de Boxeo Femenino en Nueva Delhi, India, no logr\u00f3 medalla, pero adquiri\u00f3 rodaje internacional clave para enfrentarse posteriormente a rivales de Europa y Asia.<\/li>\n<\/ul>\n\n\n\n<h3 class=\"wp-block-heading\"><strong><mark style=\"background-color:rgba(0, 0, 0, 0)\" class=\"has-inline-color has-vivid-red-color\">Un precedente para el boxeo femenino<\/mark><\/strong><\/h3>\n\n\n\n<p>El oro obtenido por Omailyn Alcal\u00e1 trasciende lo deportivo y se convierte en un s\u00edmbolo de inspiraci\u00f3n para las nuevas generaciones de boxeadoras en Venezuela. Su logro la posiciona como la primera mujer del pa\u00eds en conquistar este t\u00edtulo mundial, inscribiendo su nombre en la historia del deporte nacional.<\/p>\n\n\n\n<p class=\"has-text-align-center\"><em><strong><em><strong><em><strong><em><strong><a href=\"https:\/\/t.me\/esreviral\">\u00daNETE A NUESTRO CANAL DE TELEGRAM PARA ESTAR INFORMADO<\/a><\/strong><\/em><\/strong><\/em><\/strong><\/em><\/strong><\/em><\/p>\n\n\n\n<p>El triunfo ha sido celebrado por autoridades deportivas, atletas y aficionados a trav\u00e9s de redes sociales. Alcal\u00e1 se perfila ahora como una de las principales cartas de la delegaci\u00f3n venezolana para los pr\u00f3ximos compromisos internacionales.<\/p>\n\n\n\n<p class=\"has-text-align-right\"><strong><em>Con Informaci\u00f3n de ElDiario.-<\/em><\/strong><\/p>\n","protected":false},"excerpt":{"rendered":"<p>La boxeadora criolla se consagr\u00f3 campeona en la categor\u00eda de 57 kilogramos tras vencer por decisi\u00f3n un\u00e1nime a la representante de Hungr\u00eda en la final disputada en Brasil Noticias de Venezuela<\/p>\n","protected":false},"author":3,"featured_media":91154,"comment_status":"closed","ping_status":"closed","sticky":false,"template":"","format":"standard","meta":{"jnews-multi-image_gallery":[],"jnews_single_post":{"format":"standard"},"jnews_primary_category":[],"jnews_social_meta":[],"jnews_review":[],"enable_review":"","type":"","name":"","summary":"","brand":"","sku":"","good":[],"bad":[],"score_override":"","override_value":"","rating":[],"price":[],"jnews_override_counter":[],"jnews_post_split":[],"footnotes":""},"categories":[48],"tags":[41965,41961,41962,41964,41963,6988],"class_list":["post-91153","post","type-post","status-publish","format-standard","has-post-thumbnail","hentry","category-deportes","tag-boxeo-venezolano","tag-copa-mundial-de-boxeo","tag-deportista-venezolana","tag-medallista-de-oro","tag-omailyn-alcala","tag-oro"],"amp_enabled":true,"_links":{"self":[{"href":"https:\/\/esreviral.com\/index.php?rest_route=\/wp\/v2\/posts\/91153"}],"collection":[{"href":"https:\/\/esreviral.com\/index.php?rest_route=\/wp\/v2\/posts"}],"about":[{"href":"https:\/\/esreviral.com\/index.php?rest_route=\/wp\/v2\/types\/post"}],"author":[{"embeddable":true,"href":"https:\/\/esreviral.com\/index.php?rest_route=\/wp\/v2\/users\/3"}],"replies":[{"embeddable":true,"href":"https:\/\/esreviral.com\/index.php?rest_route=%2Fwp%2Fv2%2Fcomments&post=91153"}],"version-history":[{"count":1,"href":"https:\/\/esreviral.com\/index.php?rest_route=\/wp\/v2\/posts\/91153\/revisions"}],"predecessor-version":[{"id":91155,"href":"https:\/\/esreviral.com\/index.php?rest_route=\/wp\/v2\/posts\/91153\/revisions\/91155"}],"wp:featuredmedia":[{"embeddable":true,"href":"https:\/\/esreviral.com\/index.php?rest_route=\/wp\/v2\/media\/91154"}],"wp:attachment":[{"href":"https:\/\/esreviral.com\/index.php?rest_route=%2Fwp%2Fv2%2Fmedia&parent=91153"}],"wp:term":[{"taxonomy":"category","embeddable":true,"href":"https:\/\/esreviral.com\/index.php?rest_route=%2Fwp%2Fv2%2Fcategories&post=91153"},{"taxonomy":"post_tag","embeddable":true,"href":"https:\/\/esreviral.com\/index.php?rest_route=%2Fwp%2Fv2%2Ftags&post=91153"}],"curies":[{"name":"wp","href":"https:\/\/api.w.org\/{rel}","templated":true}]}}