{"id":91150,"date":"2026-04-27T11:47:31","date_gmt":"2026-04-27T16:47:31","guid":{"rendered":"https:\/\/esreviral.com\/?p=91150"},"modified":"2026-04-27T11:49:51","modified_gmt":"2026-04-27T16:49:51","slug":"aumentaran-las-tarifas-del-subte-y-los-colectivos-de-caba-y-pba-cuanto-costara-viajar-en-mayo","status":"publish","type":"post","link":"https:\/\/esreviral.com\/?p=91150","title":{"rendered":"Aumentar\u00e1n las tarifas del subte y los colectivos de CABA y PBA: cu\u00e1nto costar\u00e1 viajar en mayo"},"content":{"rendered":"\n<p>El Gobierno de la Ciudad de Buenos Aires inform\u00f3 que, a partir del 1 de mayo, las tarifas de los colectivos bajo su jurisdicci\u00f3n, el subte y los peajes aumentar\u00e1n un 5,4%.<\/p>\n\n\n\n<p>El ajuste se aplica en funci\u00f3n del \u00faltimo dato de inflaci\u00f3n del INDEC (marzo) m\u00e1s un incremento adicional del 2%. Con esta actualizaci\u00f3n, el boleto m\u00ednimo de colectivo en la Ciudad pasar\u00e1 a $753,74, mientras que el pasaje de subte alcanzar\u00e1 los $1.490.<\/p>\n\n\n\n<p class=\"has-text-align-center\"><strong><a href=\"https:\/\/chat.whatsapp.com\/KWkTmakY3I05kNdd2oZl6d\"><em>\u00daNETE A NUESTRO GRUPO DE WHATSAPP PARA ESTAR INFORMADO<\/em><\/a><\/strong><\/p>\n\n\n\n<figure class=\"wp-block-image size-large\"><img decoding=\"async\" src=\"https:\/\/tn.com.ar\/resizer\/v2\/el-viaje-en-el-subte-costara-1490-desde-el-1-de-mayo-foto-gobierno-de-la-ciudad-V46HUU5PRRETHO2UMTNPDKFDTM.jpg?auth=2a1512f94187a0f52470d6bc1dd8be3a4c0954a47f799a14748b2aec9b7f1b09&amp;width=1440\" alt=\"\"\/><figcaption class=\"wp-element-caption\">El viaje en el subte costar\u00e1 $1490 desde el 1 de mayo.\u00a0<\/figcaption><\/figure>\n\n\n\n<p>As\u00ed, desde el viernes 1 de mayo, viajar en transporte p\u00fablico o utilizar las autopistas del \u00c1rea Metropolitana de Buenos Aires ser\u00e1 m\u00e1s costoso.<\/p>\n\n\n\n<p>En la provincia de Buenos Aires, el boleto m\u00ednimo de colectivos se ubicar\u00eda en $918,35. El gobierno de Axel Kicillof estableci\u00f3 que el aumento se aplicar\u00e1 desde el lunes 4 de mayo en las l\u00edneas urbanas e interurbanas. Aunque se estima un incremento del 5,4%, la medida fue sometida a consulta ciudadana, que finaliz\u00f3 el 24 de abril, y a\u00fan se encuentra en definici\u00f3n.<\/p>\n\n\n\n<h3 class=\"wp-block-heading\"><strong><mark style=\"background-color:rgba(0, 0, 0, 0)\" class=\"has-inline-color has-vivid-red-color\">Colectivos en CABA<\/mark><\/strong><\/h3>\n\n\n\n<p>En la Ciudad, las tarifas de las 28 l\u00edneas de colectivos gestionadas por el distrito aumentar\u00e1n un 5,4% desde mayo. A partir de enero y durante el resto del a\u00f1o, las actualizaciones mensuales se calcular\u00e1n en base al IPC del INDEC m\u00e1s un 2% sobre la tarifa anterior.<\/p>\n\n\n\n<p>Los nuevos valores para usuarios con SUBE registrada ser\u00e1n los siguientes:<\/p>\n\n\n\n<ul class=\"wp-block-list\">\n<li>Boleto m\u00ednimo (0 a 3 km): $753,74<\/li>\n\n\n\n<li>De 3 a 6 km: $837,52<\/li>\n\n\n\n<li>De 6 a 12 km: $902,04<\/li>\n\n\n\n<li>De 12 a 27 km: $966,61<\/li>\n<\/ul>\n\n\n\n<p><\/p>\n\n\n\n<figure class=\"wp-block-image size-large\"><img decoding=\"async\" src=\"https:\/\/tn.com.ar\/resizer\/v2\/los-peajes-en-las-autopistas-portenas-aumentaran-54-a-partir-del-viernes-1-de-mayo-foto-ausa-UDMD6B6HJ5AZZIPCOXHLUQICJI.jpg?auth=f0dbe022fe3d8bd01971cf425facd176951217bffd35f3a26846f6d9edc0797a&amp;width=1440\" alt=\"\"\/><figcaption class=\"wp-element-caption\">Los peajes en las autopistas porte\u00f1as aumentar\u00e1n 5,4% a partir del viernes 1 de mayo.\u00a0<\/figcaption><\/figure>\n\n\n\n<p><\/p>\n\n\n\n<p>El Gobierno porte\u00f1o indic\u00f3 que la actualizaci\u00f3n busca reducir el atraso tarifario y se\u00f1al\u00f3 que actualmente la tarifa cubre aproximadamente el 70% del costo del sistema mediante subsidios.<\/p>\n\n\n\n<h3 class=\"wp-block-heading\"><strong><mark style=\"background-color:rgba(0, 0, 0, 0)\" class=\"has-inline-color has-vivid-red-color\">Subte<\/mark><\/strong><\/h3>\n\n\n\n<p>El subte tambi\u00e9n aumentar\u00e1 un 5,4% y pasar\u00e1 de $1.414 a $1.490. Para quienes no tengan la SUBE registrada, el valor ser\u00e1 de $2.369,10.<\/p>\n\n\n\n<h3 class=\"wp-block-heading\"><strong><mark style=\"background-color:rgba(0, 0, 0, 0)\" class=\"has-inline-color has-vivid-red-color\">Peajes en CABA<\/mark><\/strong><\/h3>\n\n\n\n<p>Los peajes de las autopistas porte\u00f1as tambi\u00e9n subir\u00e1n un 5,4% desde el 1 de mayo. El Gobierno de la Ciudad explic\u00f3 que la actualizaci\u00f3n es necesaria para sostener las tareas de mantenimiento y mejorar la seguridad vial.<\/p>\n\n\n\n<p>Nuevos valores:<br><strong>Autopistas 25 de Mayo y Perito Moreno<\/strong><\/p>\n\n\n\n<ul class=\"wp-block-list\">\n<li>Motocicletas: $1.799,66 (hora pico: $2.879,82)<\/li>\n\n\n\n<li>Autos hasta 2 ejes: $4.319,63 (hora pico: $6.121,62)<\/li>\n\n\n\n<li>Veh\u00edculos pesados: $6.839,19 (hora pico: $10.078,79)<\/li>\n\n\n\n<li><\/li>\n<\/ul>\n\n\n\n<p><strong>Autopistas Illia, Retiro II-Sarmiento y Salguero<\/strong><\/p>\n\n\n\n<ul class=\"wp-block-list\">\n<li>Motocicletas: $1.079,98 (hora pico: $1.295,68)<\/li>\n\n\n\n<li>Autos: $1.799,66 (hora pico: $2.544,99)<\/li>\n\n\n\n<li>Veh\u00edculos pesados: $3.239,56 (hora pico: $4.679,49)<\/li>\n<\/ul>\n\n\n\n<p><\/p>\n\n\n\n<figure class=\"wp-block-image size-large\"><img decoding=\"async\" src=\"https:\/\/tn.com.ar\/resizer\/v2\/el-boleto-de-colectivos-el-subte-y-los-peajes-en-caba-aumentan-54-desde-el-1-de-mayo-foto-na-RIX4V4ECJVE6NPE5LO6ETH5WRA.jpg?auth=6579b997e02c8737ac750299af4d7c591f787678caad0c9b9f85dc29f3e5520b&amp;width=1440\" alt=\"\"\/><figcaption class=\"wp-element-caption\">El boleto de colectivos, el subte y los peajes en CABA aumentan 5,4% desde el 1 de mayo.<\/figcaption><\/figure>\n\n\n\n<p><strong>Peaje Alberti<\/strong><\/p>\n\n\n\n<ul class=\"wp-block-list\">\n<li>Motocicletas: $1.079,98 (hora pico: $1.439,92)<\/li>\n\n\n\n<li>Autos: $1.367,98 (hora pico: $1.727,70)<\/li>\n\n\n\n<li>Veh\u00edculos pesados: $2.519,92 (hora pico: $3.239,56)<\/li>\n<\/ul>\n\n\n\n<h3 class=\"wp-block-heading\"><strong><mark style=\"background-color:rgba(0, 0, 0, 0)\" class=\"has-inline-color has-vivid-red-color\">Colectivos en Provincia de Buenos Aires<\/mark><\/strong><\/h3>\n\n\n\n<p>Desde el lunes 4 de mayo, los colectivos del AMBA que circulan en la provincia de Buenos Aires (l\u00edneas a partir del 200) tambi\u00e9n tendr\u00e1n un incremento del 5,4%.<\/p>\n\n\n\n<p class=\"has-text-align-center\"><em><strong><em><strong><em><strong><em><strong><a href=\"https:\/\/t.me\/esreviral\">\u00daNETE A NUESTRO CANAL DE TELEGRAM PARA ESTAR INFORMADO<\/a><\/strong><\/em><\/strong><\/em><\/strong><\/em><\/strong><\/em><\/p>\n\n\n\n<p>Las nuevas tarifas ser\u00e1n:<\/p>\n\n\n\n<ul class=\"wp-block-list\">\n<li>Boleto m\u00ednimo (0 a 3 km): de $871,30 a $918,35<\/li>\n\n\n\n<li>De 3 a 6 km: $1.023,04<\/li>\n\n\n\n<li>De 6 a 12 km: $1.101,85<\/li>\n\n\n\n<li>De 12 a 27 km: $1.180,73<\/li>\n\n\n\n<li>M\u00e1s de 27 km: $1.259,07<\/li>\n<\/ul>\n\n\n\n<p><\/p>\n\n\n\n<p class=\"has-text-align-right\"><strong><em>Con Informaci\u00f3n de TN.-<\/em><\/strong><\/p>\n","protected":false},"excerpt":{"rendered":"<p>Los nuevos valores estar\u00e1n vigentes desde el viernes. A cu\u00e1nto se ir\u00e1 el boleto m\u00ednimo en las l\u00edneas que gestionan la Ciudad y la Provincia.<\/p>\n","protected":false},"author":3,"featured_media":91152,"comment_status":"closed","ping_status":"closed","sticky":false,"template":"","format":"standard","meta":{"jnews-multi-image_gallery":[],"jnews_single_post":{"format":"standard"},"jnews_primary_category":[],"jnews_social_meta":[],"jnews_review":[],"enable_review":"","type":"","name":"","summary":"","brand":"","sku":"","good":[],"bad":[],"score_override":"","override_value":"","rating":[],"price":[],"jnews_override_counter":[],"jnews_post_split":[],"footnotes":""},"categories":[58,61],"tags":[468,9968,1427,363,290,316],"class_list":["post-91150","post","type-post","status-publish","format-standard","has-post-thumbnail","hentry","category-argentina","category-economia","tag-caba","tag-colectivos-mas-caros","tag-peajes","tag-provincia-de-buenos-aires","tag-subte","tag-tarifas"],"amp_enabled":true,"_links":{"self":[{"href":"https:\/\/esreviral.com\/index.php?rest_route=\/wp\/v2\/posts\/91150"}],"collection":[{"href":"https:\/\/esreviral.com\/index.php?rest_route=\/wp\/v2\/posts"}],"about":[{"href":"https:\/\/esreviral.com\/index.php?rest_route=\/wp\/v2\/types\/post"}],"author":[{"embeddable":true,"href":"https:\/\/esreviral.com\/index.php?rest_route=\/wp\/v2\/users\/3"}],"replies":[{"embeddable":true,"href":"https:\/\/esreviral.com\/index.php?rest_route=%2Fwp%2Fv2%2Fcomments&post=91150"}],"version-history":[{"count":1,"href":"https:\/\/esreviral.com\/index.php?rest_route=\/wp\/v2\/posts\/91150\/revisions"}],"predecessor-version":[{"id":91151,"href":"https:\/\/esreviral.com\/index.php?rest_route=\/wp\/v2\/posts\/91150\/revisions\/91151"}],"wp:featuredmedia":[{"embeddable":true,"href":"https:\/\/esreviral.com\/index.php?rest_route=\/wp\/v2\/media\/91152"}],"wp:attachment":[{"href":"https:\/\/esreviral.com\/index.php?rest_route=%2Fwp%2Fv2%2Fmedia&parent=91150"}],"wp:term":[{"taxonomy":"category","embeddable":true,"href":"https:\/\/esreviral.com\/index.php?rest_route=%2Fwp%2Fv2%2Fcategories&post=91150"},{"taxonomy":"post_tag","embeddable":true,"href":"https:\/\/esreviral.com\/index.php?rest_route=%2Fwp%2Fv2%2Ftags&post=91150"}],"curies":[{"name":"wp","href":"https:\/\/api.w.org\/{rel}","templated":true}]}}