{"id":91140,"date":"2026-04-27T10:26:12","date_gmt":"2026-04-27T15:26:12","guid":{"rendered":"https:\/\/esreviral.com\/?p=91140"},"modified":"2026-04-27T10:26:13","modified_gmt":"2026-04-27T15:26:13","slug":"nino-barquisimetano-se-posiciona-como-una-de-las-mentes-mas-brillantes-de-su-generacion","status":"publish","type":"post","link":"https:\/\/esreviral.com\/?p=91140","title":{"rendered":"Ni\u00f1o barquisimetano se posiciona como una de las mentes m\u00e1s brillantes de su generaci\u00f3n"},"content":{"rendered":"\n<p>El ni\u00f1o venezolano Oliver Augusto Matos Reyes, oriundo de Barquisimeto, fue reconocido oficialmente con un coeficiente intelectual de 146, una cifra que lo ubica dentro del rango de superdotaci\u00f3n y muy por encima del promedio para su edad.<\/p>\n\n\n\n<p>El resultado se obtuvo luego de superar siete exigentes evaluaciones, en las que evidenci\u00f3 habilidades cognitivas destacadas, posicion\u00e1ndolo como una de las mentes m\u00e1s brillantes de su generaci\u00f3n en Estados Unidos.<\/p>\n\n\n\n<p class=\"has-text-align-center\"><strong><a href=\"https:\/\/chat.whatsapp.com\/KWkTmakY3I05kNdd2oZl6d\"><em>\u00daNETE A NUESTRO GRUPO DE WHATSAPP PARA ESTAR INFORMADO<\/em><\/a><\/strong><\/p>\n\n\n<div class=\"wp-block-image\">\n<figure class=\"aligncenter size-full\"><img fetchpriority=\"high\" decoding=\"async\" width=\"768\" height=\"1024\" src=\"https:\/\/esreviral.com\/wp-content\/uploads\/2026\/04\/26-01-26-oliver-768x1024-1.webp\" alt=\"\" class=\"wp-image-91141\" srcset=\"https:\/\/esreviral.com\/wp-content\/uploads\/2026\/04\/26-01-26-oliver-768x1024-1.webp 768w, https:\/\/esreviral.com\/wp-content\/uploads\/2026\/04\/26-01-26-oliver-768x1024-1-225x300.webp 225w\" sizes=\"(max-width: 768px) 100vw, 768px\" \/><\/figure><\/div>\n\n\n<p><\/p>\n\n\n\n<p>Sus capacidades comenzaron a notarse desde muy temprano. Sus padres, la doctora Ann Reyes Herrera y el doctor Alirio Matos, identificaron su talento y decidieron impulsarlo mediante programas acad\u00e9micos avanzados acordes a su nivel.<\/p>\n\n\n\n<p>Desde los dos a\u00f1os y medio ya le\u00eda con gran fluidez, y con el tiempo desarroll\u00f3 un fuerte inter\u00e9s por la geograf\u00eda y la historia mundial. A los cinco a\u00f1os, por ejemplo, era capaz de ubicar pa\u00edses en el mapa y detallar informaci\u00f3n sobre su poblaci\u00f3n, econom\u00eda y caracter\u00edsticas principales.<\/p>\n\n\n\n<p>Oliver tambi\u00e9n se destaca por su forma particular de procesar la informaci\u00f3n y su capacidad para resolver problemas a trav\u00e9s del di\u00e1logo. Actualmente, su familia busca apoyo especializado para seguir potenciando su desarrollo sin descuidar las etapas propias de su infancia.<\/p>\n\n\n\n<p>Entre sus metas, aspira a estudiar Derecho y Econom\u00eda. Adem\u00e1s, comparte su crecimiento junto a su familia, incluida su hermana Faith, quien tambi\u00e9n muestra habilidades sobresalientes.<\/p>\n\n\n\n<p class=\"has-text-align-center\"><em><strong><em><strong><em><strong><em><strong><a href=\"https:\/\/t.me\/esreviral\">\u00daNETE A NUESTRO CANAL DE TELEGRAM PARA ESTAR INFORMADO<\/a><\/strong><\/em><\/strong><\/em><\/strong><\/em><\/strong><\/em><\/p>\n\n\n\n<p>Su historia refleja el potencial de j\u00f3venes venezolanos que destacan a nivel internacional gracias a su talento y dedicaci\u00f3n.<\/p>\n\n\n\n<p class=\"has-text-align-right\"><strong><em>Con informaci\u00f3n de elinformadorve.com.-<\/em><\/strong><\/p>\n","protected":false},"excerpt":{"rendered":"<p>Oliver Matos Reyes, de 12 a\u00f1os, fue certificado con un coeficiente intelectual de 146 tras superar siete pruebas, ubic\u00e1ndose en el rango de superdotaci\u00f3n. Desde muy peque\u00f1o mostr\u00f3 habilidades excepcionales y hoy se perfila como un joven con gran proyecci\u00f3n acad\u00e9mica y metas enfocadas en estudiar Derecho y Econom\u00eda.<\/p>\n","protected":false},"author":3,"featured_media":91142,"comment_status":"closed","ping_status":"closed","sticky":false,"template":"","format":"standard","meta":{"jnews-multi-image_gallery":[],"jnews_single_post":{"format":"standard"},"jnews_primary_category":[],"jnews_social_meta":[],"jnews_review":[],"enable_review":"","type":"","name":"","summary":"","brand":"","sku":"","good":[],"bad":[],"score_override":"","override_value":"","rating":[],"price":[],"jnews_override_counter":[],"jnews_post_split":[],"footnotes":""},"categories":[43,88],"tags":[41958,41955,136,41956,45,41957,725],"class_list":["post-91140","post","type-post","status-publish","format-standard","has-post-thumbnail","hentry","category-actualidad","category-internacionales","tag-cirujanos-venezolanos","tag-coeficiente-intelectual","tag-estados-unidos","tag-nino-barquisimetano","tag-noticias","tag-oliver-matos-reyes","tag-venezolanos-en-estados-unidos"],"amp_enabled":true,"_links":{"self":[{"href":"https:\/\/esreviral.com\/index.php?rest_route=\/wp\/v2\/posts\/91140"}],"collection":[{"href":"https:\/\/esreviral.com\/index.php?rest_route=\/wp\/v2\/posts"}],"about":[{"href":"https:\/\/esreviral.com\/index.php?rest_route=\/wp\/v2\/types\/post"}],"author":[{"embeddable":true,"href":"https:\/\/esreviral.com\/index.php?rest_route=\/wp\/v2\/users\/3"}],"replies":[{"embeddable":true,"href":"https:\/\/esreviral.com\/index.php?rest_route=%2Fwp%2Fv2%2Fcomments&post=91140"}],"version-history":[{"count":1,"href":"https:\/\/esreviral.com\/index.php?rest_route=\/wp\/v2\/posts\/91140\/revisions"}],"predecessor-version":[{"id":91143,"href":"https:\/\/esreviral.com\/index.php?rest_route=\/wp\/v2\/posts\/91140\/revisions\/91143"}],"wp:featuredmedia":[{"embeddable":true,"href":"https:\/\/esreviral.com\/index.php?rest_route=\/wp\/v2\/media\/91142"}],"wp:attachment":[{"href":"https:\/\/esreviral.com\/index.php?rest_route=%2Fwp%2Fv2%2Fmedia&parent=91140"}],"wp:term":[{"taxonomy":"category","embeddable":true,"href":"https:\/\/esreviral.com\/index.php?rest_route=%2Fwp%2Fv2%2Fcategories&post=91140"},{"taxonomy":"post_tag","embeddable":true,"href":"https:\/\/esreviral.com\/index.php?rest_route=%2Fwp%2Fv2%2Ftags&post=91140"}],"curies":[{"name":"wp","href":"https:\/\/api.w.org\/{rel}","templated":true}]}}