{"id":91138,"date":"2026-04-27T09:32:26","date_gmt":"2026-04-27T14:32:26","guid":{"rendered":"https:\/\/esreviral.com\/?p=91138"},"modified":"2026-04-27T09:32:28","modified_gmt":"2026-04-27T14:32:28","slug":"es-legal-el-uso-de-fondos-publicos-para-la-defensa-de-maduro-segun-la-ley-venezolana","status":"publish","type":"post","link":"https:\/\/esreviral.com\/?p=91138","title":{"rendered":"\u00bfEs legal el uso de fondos p\u00fablicos para la defensa de Maduro seg\u00fan la ley venezolana?"},"content":{"rendered":"\n<p><strong>El abogado y exfiscal venezolano Zair Mundaray advirti\u00f3 sobre posibles delitos relacionados con el uso de fondos p\u00fablicos para financiar la defensa legal de Nicol\u00e1s Maduro y Cilia Flores, luego de que autoridades de Estados Unidos autorizaran, bajo ciertas condiciones, el acceso a esos recursos.<\/strong><\/p>\n\n\n\n<p>A trav\u00e9s de <strong>redes sociales,<\/strong> el jurista se\u00f1al\u00f3 que, aunque esta autorizaci\u00f3n podr\u00eda ser v\u00e1lida dentro del marco legal estadounidense,<strong> no tendr\u00eda respaldo en la legislaci\u00f3n venezolana. En ese sentido, cuestion\u00f3 qu\u00e9 norma permite destinar dinero del Estado a gastos de car\u00e1cter personal.<\/strong><\/p>\n\n\n\n<p><strong>Mundaray explic\u00f3 que esta situaci\u00f3n podr\u00eda encuadrarse en delitos previstos en la Ley contra la Corrupci\u00f3n, como la apropiaci\u00f3n o desv\u00edo de patrimonio p\u00fablico y el uso indebido de fondos estatales. <\/strong>A su juicio, estas faltas se configurar\u00edan en el momento en que se formalice el uso de recursos p\u00fablicos para cubrir gastos legales privados.<\/p>\n\n\n\n<p class=\"has-text-align-center\"><strong><a href=\"https:\/\/chat.whatsapp.com\/KWkTmakY3I05kNdd2oZl6d\"><em>\u00daNETE A NUESTRO GRUPO DE WHATSAPP PARA ESTAR INFORMADO<\/em><\/a><\/strong><\/p>\n\n\n\n<blockquote class=\"twitter-tweet\"><p lang=\"es\" dir=\"ltr\">He escuchado con atenci\u00f3n opiniones t\u00e9cnicas y acertadas sobre los permisos que se han abierto para el pago de la defensa del reo <a href=\"https:\/\/twitter.com\/NicolasMaduro?ref_src=twsrc%5Etfw\">@NicolasMaduro<\/a> y su c\u00f3mplice <a href=\"https:\/\/twitter.com\/ConCiliaFlores?ref_src=twsrc%5Etfw\">@ConCiliaFlores<\/a>. Desde el derecho de los EEUU tiene l\u00f3gica lo ocurrido y es legal. Pero quien ha pensado en el derecho\u2026<\/p>&mdash; Zair Mundaray (@MundarayZair) <a href=\"https:\/\/twitter.com\/MundarayZair\/status\/2048162736467763293?ref_src=twsrc%5Etfw\">April 25, 2026<\/a><\/blockquote> <script async src=\"https:\/\/platform.twitter.com\/widgets.js\" charset=\"utf-8\"><\/script>\n\n\n\n<p><\/p>\n\n\n\n<p><strong>Asimismo, advirti\u00f3 que los funcionarios que autoricen estos pagos podr\u00edan enfrentar responsabilidades penales, se\u00f1alando directamente a quienes tengan la facultad de aprobar dichas decisiones.<\/strong><\/p>\n\n\n\n<p>La controversia surge tras la decisi\u00f3n de la Oficina de Control de Activos Extranjeros (OFAC), que permiti\u00f3 el uso limitado de fondos del Estado venezolano para financiar la defensa de Maduro y Flores en un proceso judicial en Nueva York.<\/p>\n\n\n\n<p class=\"has-text-align-center\"><em><strong><em><strong><em><strong><em><strong><a href=\"https:\/\/t.me\/esreviral\">\u00daNETE A NUESTRO CANAL DE TELEGRAM PARA ESTAR INFORMADO<\/a><\/strong><\/em><\/strong><\/em><\/strong><\/em><\/strong><\/em><\/p>\n\n\n\n<p>Esta autorizaci\u00f3n establece condiciones estrictas: solo podr\u00e1n utilizarse recursos generados a partir del 5 de marzo de 2026, quedando excluidos activos previamente sancionados, como ingresos petroleros bloqueados o reservas de oro. Adem\u00e1s, se proh\u00edbe el uso de fondos provenientes de gobiernos extranjeros, lo que restringe el alcance de los recursos disponibles.<\/p>\n\n\n\n<p class=\"has-text-align-right\"><strong><em>Con Informaci\u00f3n de ElNacional.-<\/em><\/strong><\/p>\n","protected":false},"excerpt":{"rendered":"<p>El exfiscal Zair Mundaray se\u00f1al\u00f3 que, si bien la decisi\u00f3n de permitir el pago de honorarios legales en Estados Unidos puede resultar v\u00e1lida dentro de ese ordenamiento jur\u00eddico, la utilizaci\u00f3n de recursos p\u00fablicos venezolanos carece de sustento en la legislaci\u00f3n nacional<\/p>\n","protected":false},"author":3,"featured_media":86164,"comment_status":"closed","ping_status":"closed","sticky":false,"template":"","format":"standard","meta":{"jnews-multi-image_gallery":[],"jnews_single_post":{"format":"standard"},"jnews_primary_category":[],"jnews_social_meta":[],"jnews_review":[],"enable_review":"","type":"","name":"","summary":"","brand":"","sku":"","good":[],"bad":[],"score_override":"","override_value":"","rating":[],"price":[],"jnews_override_counter":[],"jnews_post_split":[],"footnotes":""},"categories":[59,66],"tags":[41899,41953,41954,1068,45,1714,56],"class_list":["post-91138","post","type-post","status-publish","format-standard","has-post-thumbnail","hentry","category-politica","category-venezuela","tag-defensa-de-maduro","tag-fondos-publicos","tag-ley-venezolana","tag-nicolas-maduro","tag-noticias","tag-redes-sociales","tag-venezuela"],"amp_enabled":true,"_links":{"self":[{"href":"https:\/\/esreviral.com\/index.php?rest_route=\/wp\/v2\/posts\/91138"}],"collection":[{"href":"https:\/\/esreviral.com\/index.php?rest_route=\/wp\/v2\/posts"}],"about":[{"href":"https:\/\/esreviral.com\/index.php?rest_route=\/wp\/v2\/types\/post"}],"author":[{"embeddable":true,"href":"https:\/\/esreviral.com\/index.php?rest_route=\/wp\/v2\/users\/3"}],"replies":[{"embeddable":true,"href":"https:\/\/esreviral.com\/index.php?rest_route=%2Fwp%2Fv2%2Fcomments&post=91138"}],"version-history":[{"count":1,"href":"https:\/\/esreviral.com\/index.php?rest_route=\/wp\/v2\/posts\/91138\/revisions"}],"predecessor-version":[{"id":91139,"href":"https:\/\/esreviral.com\/index.php?rest_route=\/wp\/v2\/posts\/91138\/revisions\/91139"}],"wp:featuredmedia":[{"embeddable":true,"href":"https:\/\/esreviral.com\/index.php?rest_route=\/wp\/v2\/media\/86164"}],"wp:attachment":[{"href":"https:\/\/esreviral.com\/index.php?rest_route=%2Fwp%2Fv2%2Fmedia&parent=91138"}],"wp:term":[{"taxonomy":"category","embeddable":true,"href":"https:\/\/esreviral.com\/index.php?rest_route=%2Fwp%2Fv2%2Fcategories&post=91138"},{"taxonomy":"post_tag","embeddable":true,"href":"https:\/\/esreviral.com\/index.php?rest_route=%2Fwp%2Fv2%2Ftags&post=91138"}],"curies":[{"name":"wp","href":"https:\/\/api.w.org\/{rel}","templated":true}]}}