{"id":91126,"date":"2026-04-27T08:22:50","date_gmt":"2026-04-27T13:22:50","guid":{"rendered":"https:\/\/esreviral.com\/?p=91126"},"modified":"2026-04-27T09:11:20","modified_gmt":"2026-04-27T14:11:20","slug":"caos-en-el-inicio-de-semana-paros-protestas-y-tension-en-las-calles-contra-el-gobierno-argentino","status":"publish","type":"post","link":"https:\/\/esreviral.com\/?p=91126","title":{"rendered":"Caos en el inicio de semana: paros, protestas y tensi\u00f3n en las calles contra el Gobierno argentino"},"content":{"rendered":"\n<p>La \u00faltima semana de abril inicia con diversas protestas y medidas de fuerza encabezadas por trabajadores del metro, docentes universitarios y organizaciones sociales, en rechazo a decisiones del Gobierno nacional argentino. A estas acciones se suma un paro de empleados bancarios por el cierre de 12 dependencias del Banco Central.<\/p>\n\n\n\n<p>La Asociaci\u00f3n Bancaria, liderada por Sergio Palazzo, convoc\u00f3 a una huelga de 24 horas este lunes 27 para rechazar el cierre de esas oficinas, lo que pone en riesgo 32 empleos, y para denunciar la falta de di\u00e1logo con las autoridades. Aunque las sucursales bancarias operar\u00e1n en su horario habitual, la medida afectar\u00e1 21 centros encargados de la log\u00edstica del efectivo, lo que podr\u00eda generar dificultades en la disponibilidad de dinero.<\/p>\n\n\n\n<p class=\"has-text-align-center\"><strong><a href=\"https:\/\/chat.whatsapp.com\/KWkTmakY3I05kNdd2oZl6d\"><em>\u00daNETE A NUESTRO GRUPO DE WHATSAPP PARA ESTAR INFORMADO<\/em><\/a><\/strong><\/p>\n\n\n\n<blockquote class=\"twitter-tweet\"><p lang=\"es\" dir=\"ltr\">B.C.R.A. : \u00a1TODO TIENE UN LIMITE!<br><br>Ante la falta de di\u00e1logo y el estancamiento de las negociaciones con las autoridades del B.C.R.A, sumado a las intimidaciones y amenazas que recibieron los trabajadores y trabajadoras de dicha entidad, que podr\u00edan perder 32 puestos de trabajo&#8230; <a href=\"https:\/\/t.co\/4w7U2f4H6l\">pic.twitter.com\/4w7U2f4H6l<\/a><\/p>&mdash; Asociaci\u00f3n Bancaria (@La_Bancaria) <a href=\"https:\/\/twitter.com\/La_Bancaria\/status\/2047026168159781010?ref_src=twsrc%5Etfw\">April 22, 2026<\/a><\/blockquote> <script async src=\"https:\/\/platform.twitter.com\/widgets.js\" charset=\"utf-8\"><\/script>\n\n\n\n<p><\/p>\n\n\n\n<p>Desde el sindicato tambi\u00e9n denunciaron presuntas presiones y amenazas contra trabajadores del Banco Central, y advirtieron que podr\u00edan intensificar las protestas si no obtienen respuestas en las negociaciones.<\/p>\n\n\n\n<p>Por su parte, trabajadores del metro realizaron una liberaci\u00f3n de accesos desde las 7:00 a. m. en la estaci\u00f3n Federico Lacroze de la l\u00ednea B, en reclamo por la reincorporaci\u00f3n de Araceli Pintos, empleada despedida tras denunciar acoso laboral. La acci\u00f3n fue impulsada por la Asociaci\u00f3n de Trabajadores del Subte y Premetro junto a organizaciones sociales, pol\u00edticas y feministas, y se limitar\u00e1 a la jornada del lunes.<\/p>\n\n\n\n<p>En respuesta, la empresa operadora del servicio se\u00f1al\u00f3 que la desvinculaci\u00f3n se debi\u00f3 a incumplimientos reiterados durante el per\u00edodo de prueba, y asegur\u00f3 haber cumplido con todos los procedimientos correspondientes.<\/p>\n\n\n<div class=\"wp-block-image\">\n<figure class=\"aligncenter size-large\"><img decoding=\"async\" src=\"https:\/\/www.clarin.com\/img\/2026\/04\/27\/FFe96t6t3_720x0__1.jpg\" alt=\"\"\/><figcaption class=\"wp-element-caption\">Metrodelegados exigen la reincoporaci\u00f3n de una compa\u00f1era. Estaci\u00f3n Federico Lacroze<\/figcaption><\/figure><\/div>\n\n\n<p><\/p>\n\n\n\n<p>En el \u00e1mbito universitario, docentes y personal administrativo contin\u00faan con su plan de lucha iniciado al comienzo del ciclo acad\u00e9mico, que incluye paros durante toda la semana. Exigen mejoras salariales y la aplicaci\u00f3n inmediata de la Ley de Financiamiento Universitario.<\/p>\n\n\n\n<p>Autoridades del sistema universitario advirtieron sobre la gravedad de la situaci\u00f3n presupuestaria, se\u00f1alando una fuerte ca\u00edda en los recursos desde 2023, lo que ha reducido significativamente la capacidad operativa de las instituciones. Tambi\u00e9n alertaron sobre los bajos salarios del personal, y convocaron a una movilizaci\u00f3n nacional el 12 de mayo.<\/p>\n\n\n\n<p class=\"has-text-align-center\"><em><strong><em><strong><em><strong><em><strong><a href=\"https:\/\/t.me\/esreviral\">\u00daNETE A NUESTRO CANAL DE TELEGRAM PARA ESTAR INFORMADO<\/a><\/strong><\/em><\/strong><\/em><\/strong><\/em><\/strong><\/em><\/p>\n\n\n\n<p>Asimismo, organizaciones sociales y pol\u00edticas mantienen protestas con bloqueos en puntos clave de conexi\u00f3n entre la capital y la provincia de Buenos Aires, en rechazo a la reducci\u00f3n del programa \u201cVolver al Trabajo\u201d y para exigir su restituci\u00f3n.<\/p>\n\n\n\n<p>Las jornadas de protesta continuar\u00e1n durante la semana y culminar\u00e1n el jueves con una movilizaci\u00f3n convocada por la CGT hacia Plaza de Mayo, en la v\u00edspera del D\u00eda del Trabajador.<\/p>\n\n\n\n<p class=\"has-text-align-right\"><strong><em>Con Informaci\u00f3n de Clarin.-<\/em><\/strong><\/p>\n","protected":false},"excerpt":{"rendered":"<p>Los trabajadores del Banco Central realizar\u00e1n un paro que podr\u00eda afectar la disponibilidad de efectivo.<br \/>\nDesde las 7, metrodelegados liberaban molinetes en Federico Lacroze para exigir la reincorporaci\u00f3n de una trabajadora.<\/p>\n","protected":false},"author":3,"featured_media":91128,"comment_status":"closed","ping_status":"closed","sticky":false,"template":"","format":"standard","meta":{"jnews-multi-image_gallery":[],"jnews_single_post":{"format":"standard"},"jnews_primary_category":[],"jnews_social_meta":[],"jnews_review":[],"enable_review":"","type":"","name":"","summary":"","brand":"","sku":"","good":[],"bad":[],"score_override":"","override_value":"","rating":[],"price":[],"jnews_override_counter":[],"jnews_post_split":[],"footnotes":""},"categories":[58],"tags":[44,45,7402,13987,290],"class_list":["post-91126","post","type-post","status-publish","format-standard","has-post-thumbnail","hentry","category-argentina","tag-argentina","tag-noticias","tag-paro-bancario","tag-paro-universitario","tag-subte"],"amp_enabled":true,"_links":{"self":[{"href":"https:\/\/esreviral.com\/index.php?rest_route=\/wp\/v2\/posts\/91126"}],"collection":[{"href":"https:\/\/esreviral.com\/index.php?rest_route=\/wp\/v2\/posts"}],"about":[{"href":"https:\/\/esreviral.com\/index.php?rest_route=\/wp\/v2\/types\/post"}],"author":[{"embeddable":true,"href":"https:\/\/esreviral.com\/index.php?rest_route=\/wp\/v2\/users\/3"}],"replies":[{"embeddable":true,"href":"https:\/\/esreviral.com\/index.php?rest_route=%2Fwp%2Fv2%2Fcomments&post=91126"}],"version-history":[{"count":2,"href":"https:\/\/esreviral.com\/index.php?rest_route=\/wp\/v2\/posts\/91126\/revisions"}],"predecessor-version":[{"id":91137,"href":"https:\/\/esreviral.com\/index.php?rest_route=\/wp\/v2\/posts\/91126\/revisions\/91137"}],"wp:featuredmedia":[{"embeddable":true,"href":"https:\/\/esreviral.com\/index.php?rest_route=\/wp\/v2\/media\/91128"}],"wp:attachment":[{"href":"https:\/\/esreviral.com\/index.php?rest_route=%2Fwp%2Fv2%2Fmedia&parent=91126"}],"wp:term":[{"taxonomy":"category","embeddable":true,"href":"https:\/\/esreviral.com\/index.php?rest_route=%2Fwp%2Fv2%2Fcategories&post=91126"},{"taxonomy":"post_tag","embeddable":true,"href":"https:\/\/esreviral.com\/index.php?rest_route=%2Fwp%2Fv2%2Ftags&post=91126"}],"curies":[{"name":"wp","href":"https:\/\/api.w.org\/{rel}","templated":true}]}}