{"id":91120,"date":"2026-04-27T07:38:17","date_gmt":"2026-04-27T12:38:17","guid":{"rendered":"https:\/\/esreviral.com\/?p=91120"},"modified":"2026-04-27T07:38:19","modified_gmt":"2026-04-27T12:38:19","slug":"video-una-mujer-denuncio-que-su-expareja-la-ataco-a-golpes-y-no-fue-detenido","status":"publish","type":"post","link":"https:\/\/esreviral.com\/?p=91120","title":{"rendered":"+VIDEO: Una mujer denunci\u00f3 que su expareja la atac\u00f3 a golpes y no fue detenido"},"content":{"rendered":"\n<p><strong>Una mujer denunci\u00f3 que su expareja la agredi\u00f3 brutalmente en su apartamento, dej\u00e1ndole el rostro desfigurado<\/strong>. A pesar de que el hombre ya ten\u00eda denuncias previas y causas judiciales en su contra, <strong>contin\u00faa en libertad<\/strong>. El nuevo caso de violencia de g\u00e9nero conmocion\u00f3 a la localidad de Pilar.<\/p>\n\n\n\n<p class=\"has-text-align-center\"><strong><a href=\"https:\/\/chat.whatsapp.com\/KWkTmakY3I05kNdd2oZl6d\"><em>\u00daNETE A NUESTRO GRUPO DE WHATSAPP PARA ESTAR INFORMADO<\/em><\/a><\/strong><\/p>\n\n\n\n<blockquote class=\"twitter-tweet\"><p lang=\"es\" dir=\"ltr\">\ud83c\udde6\ud83c\uddf7 | Una mujer denunci\u00f3 que su expareja la golpe\u00f3 en su apartamento y le desfigur\u00f3 el rostro. Aunque ten\u00eda denuncias previas, pruebas e incluso armas incautadas, el agresor sigue en libertad. La v\u00edctima teme por su seguridad y exige respuestas de la Justicia.<br><br>Video cortes\u00eda <a href=\"https:\/\/t.co\/T0A0AiELwY\">pic.twitter.com\/T0A0AiELwY<\/a><\/p>&mdash; ES RE VIRAL (@esreviral) <a href=\"https:\/\/twitter.com\/esreviral\/status\/2048742848938266805?ref_src=twsrc%5Etfw\">April 27, 2026<\/a><\/blockquote> <script async src=\"https:\/\/platform.twitter.com\/widgets.js\" charset=\"utf-8\"><\/script>\n\n\n\n<p><\/p>\n\n\n\n<p>De acuerdo con el testimonio de la v\u00edctima, el hecho ocurri\u00f3 en su vivienda, cuando le pidi\u00f3 a su exnovio \u2014identificado como F.N.B.\u2014 que se retirara, advirti\u00e9ndole adem\u00e1s que estaba llamando a la polic\u00eda.<\/p>\n\n\n\n<p><strong><em>\u201c\u00c9l se acerc\u00f3 despu\u00e9s de que le dije que no y le inform\u00e9 que estaba contactando a la polic\u00eda<\/em><\/strong>\u201d, relat\u00f3 la mujer, quien tambi\u00e9n difundi\u00f3 un video como evidencia del ataque. <strong><em>\u201cEl video es solo una parte de lo que puedo mostrar, en comparaci\u00f3n con lo que viv\u00ed durante a\u00f1os\u201d<\/em><\/strong>, a\u00f1adi\u00f3.<\/p>\n\n\n\n<p>La agresi\u00f3n qued\u00f3 registrada en im\u00e1genes.<strong> La v\u00edctima ya hab\u00eda presentado una denuncia contra el acusado hace m\u00e1s de cinco meses. El caso est\u00e1 a cargo de la Fiscal\u00eda N\u00b01 de Pilar, especializada en violencia de g\u00e9nero. <\/strong>Sin embargo, seg\u00fan indic\u00f3, a pesar de haber presentado m\u00faltiples pruebas, la Justicia a\u00fan no ha citado al sospechoso a declarar.<\/p>\n\n\n\n<p>En el marco de la investigaci\u00f3n, la polic\u00eda llev\u00f3 a cabo un allanamiento en el que presuntamente incautaron dos armas cargadas en poder del denunciado. Adem\u00e1s, se conoci\u00f3 que el hombre tendr\u00eda otras causas judiciales abiertas, pero aun as\u00ed permanece en libertad.<\/p>\n\n\n\n<p class=\"has-text-align-center\"><em><strong><em><strong><em><strong><em><strong><a href=\"https:\/\/t.me\/esreviral\">\u00daNETE A NUESTRO CANAL DE TELEGRAM PARA ESTAR INFORMADO<\/a><\/strong><\/em><\/strong><\/em><\/strong><\/em><\/strong><\/em><\/p>\n\n\n\n<p>La situaci\u00f3n ha generado indignaci\u00f3n y preocupaci\u00f3n. <strong><em>\u201cHe presentado muchas pruebas, pero todav\u00eda no lo han citado a declarar\u201d<\/em><\/strong>, expres\u00f3 la v\u00edctima, quien teme por su seguridad y exige respuestas urgentes por parte de las autoridades.<\/p>\n\n\n\n<p class=\"has-text-align-right\"><strong><em>Con Informaci\u00f3n de TN.-<\/em><\/strong><\/p>\n","protected":false},"excerpt":{"rendered":"<p>La v\u00edctima lo hab\u00eda demandado hac\u00eda m\u00e1s de cinco meses y aport\u00f3 pruebas, pero la Justicia a\u00fan no lo cit\u00f3 a declarar.<\/p>\n","protected":false},"author":3,"featured_media":91121,"comment_status":"closed","ping_status":"closed","sticky":false,"template":"","format":"standard","meta":{"jnews-multi-image_gallery":[],"jnews_single_post":{"format":"standard"},"jnews_primary_category":[],"jnews_social_meta":[],"jnews_review":[],"enable_review":"","type":"","name":"","summary":"","brand":"","sku":"","good":[],"bad":[],"score_override":"","override_value":"","rating":[],"price":[],"jnews_override_counter":[],"jnews_post_split":[],"footnotes":""},"categories":[58,64],"tags":[44,45,429,310],"class_list":["post-91120","post","type-post","status-publish","format-standard","has-post-thumbnail","hentry","category-argentina","category-sucesos","tag-argentina","tag-noticias","tag-pilar","tag-violencia-de-genero"],"amp_enabled":true,"_links":{"self":[{"href":"https:\/\/esreviral.com\/index.php?rest_route=\/wp\/v2\/posts\/91120"}],"collection":[{"href":"https:\/\/esreviral.com\/index.php?rest_route=\/wp\/v2\/posts"}],"about":[{"href":"https:\/\/esreviral.com\/index.php?rest_route=\/wp\/v2\/types\/post"}],"author":[{"embeddable":true,"href":"https:\/\/esreviral.com\/index.php?rest_route=\/wp\/v2\/users\/3"}],"replies":[{"embeddable":true,"href":"https:\/\/esreviral.com\/index.php?rest_route=%2Fwp%2Fv2%2Fcomments&post=91120"}],"version-history":[{"count":1,"href":"https:\/\/esreviral.com\/index.php?rest_route=\/wp\/v2\/posts\/91120\/revisions"}],"predecessor-version":[{"id":91122,"href":"https:\/\/esreviral.com\/index.php?rest_route=\/wp\/v2\/posts\/91120\/revisions\/91122"}],"wp:featuredmedia":[{"embeddable":true,"href":"https:\/\/esreviral.com\/index.php?rest_route=\/wp\/v2\/media\/91121"}],"wp:attachment":[{"href":"https:\/\/esreviral.com\/index.php?rest_route=%2Fwp%2Fv2%2Fmedia&parent=91120"}],"wp:term":[{"taxonomy":"category","embeddable":true,"href":"https:\/\/esreviral.com\/index.php?rest_route=%2Fwp%2Fv2%2Fcategories&post=91120"},{"taxonomy":"post_tag","embeddable":true,"href":"https:\/\/esreviral.com\/index.php?rest_route=%2Fwp%2Fv2%2Ftags&post=91120"}],"curies":[{"name":"wp","href":"https:\/\/api.w.org\/{rel}","templated":true}]}}