{"id":91078,"date":"2026-04-24T09:00:24","date_gmt":"2026-04-24T14:00:24","guid":{"rendered":"https:\/\/esreviral.com\/?p=91078"},"modified":"2026-04-24T09:00:26","modified_gmt":"2026-04-24T14:00:26","slug":"adolescente-fue-apunalado-a-la-salida-de-su-colegio-el-atacante-es-inimputable","status":"publish","type":"post","link":"https:\/\/esreviral.com\/?p=91078","title":{"rendered":"Adolescente fue apu\u00f1alado a la salida de su colegio, el atacante es inimputable"},"content":{"rendered":"\n<p>Un nuevo hecho de<strong> violencia escolar <\/strong>se registr\u00f3 este jueves en Viedma, R\u00edo Negro, cuando un <strong>adolescente fue atacado con un arma blanca a pocos metros del colegio al que asist\u00eda. El agresor principal es un menor de 15 a\u00f1os de edad, considerado inimputable por su edad.<\/strong><\/p>\n\n\n\n<p class=\"has-text-align-center\"><strong><a href=\"https:\/\/chat.whatsapp.com\/KWkTmakY3I05kNdd2oZl6d\"><em>\u00daNETE A NUESTRO GRUPO DE WHATSAPP PARA ESTAR INFORMADO<\/em><\/a><\/strong><\/p>\n\n\n\n<p>El episodio ocurri\u00f3 al mediod\u00eda, cuando <strong>la v\u00edctima sal\u00eda de clases y fue interceptada por un grupo de j\u00f3venes que, seg\u00fan las primeras versiones, no pertenecen a la comunidad educativa.<\/strong> El ataque se produjo sobre la calle Buenos Aires, donde, en medio de una confrontaci\u00f3n, uno de los menores sac\u00f3 un cuchillo y lo hiri\u00f3.<\/p>\n\n\n\n<p>El estudiante fue trasladado r\u00e1pidamente al Hospital Zatti junto a su padre. All\u00ed recibi\u00f3 atenci\u00f3n m\u00e9dica y se confirm\u00f3 que la herida fue superficial, por <strong>lo que se encuentra fuera de peligro.<\/strong><\/p>\n\n\n\n<p>Tras el hecho, la Polic\u00eda despleg\u00f3 un operativo en la zona c\u00e9ntrica que <strong>permiti\u00f3 detener a los presuntos involucrados a pocas cuadras. Entre ellos hay dos menores y un joven de 19 a\u00f1os de edad, quien fue llevado a una comisar\u00eda para la verificaci\u00f3n de antecedentes.<\/strong><\/p>\n\n\n\n<p class=\"has-text-align-center\"><em><strong><em><strong><em><strong><em><strong><a href=\"https:\/\/t.me\/esreviral\">\u00daNETE A NUESTRO CANAL DE TELEGRAM PARA ESTAR INFORMADO<\/a><\/strong><\/em><\/strong><\/em><\/strong><\/em><\/strong><\/em><\/p>\n\n\n\n<p>Desde el Ministerio P\u00fablico Fiscal informaron que el autor material del ataque, de 15 a\u00f1os de edad, no puede ser imputado penalmente por su edad, por lo que qued\u00f3 bajo la intervenci\u00f3n de la Secretar\u00eda de Ni\u00f1ez, Adolescencia y Familia (Senaf).<\/p>\n\n\n\n<p class=\"has-text-align-right\"><strong><em>Con Informaci\u00f3n de mdzol.com.-<\/em><\/strong><\/p>\n","protected":false},"excerpt":{"rendered":"<p>La v\u00edctima, un estudiante, fue apu\u00f1alado por un grupo de j\u00f3venes en la puerta de su colegio. Hay demorados, pero el atacante es inimputable debido a su edad.<\/p>\n","protected":false},"author":3,"featured_media":91079,"comment_status":"closed","ping_status":"closed","sticky":false,"template":"","format":"standard","meta":{"jnews-multi-image_gallery":[],"jnews_single_post":{"format":"standard"},"jnews_primary_category":[],"jnews_social_meta":[],"jnews_review":[],"enable_review":"","type":"","name":"","summary":"","brand":"","sku":"","good":[],"bad":[],"score_override":"","override_value":"","rating":[],"price":[],"jnews_override_counter":[],"jnews_post_split":[],"footnotes":""},"categories":[58,64],"tags":[10947,44,10776,2260,45,21312],"class_list":["post-91078","post","type-post","status-publish","format-standard","has-post-thumbnail","hentry","category-argentina","category-sucesos","tag-apunalado","tag-argentina","tag-arma-blanca","tag-colegio","tag-noticias","tag-violencia-escolar"],"amp_enabled":true,"_links":{"self":[{"href":"https:\/\/esreviral.com\/index.php?rest_route=\/wp\/v2\/posts\/91078"}],"collection":[{"href":"https:\/\/esreviral.com\/index.php?rest_route=\/wp\/v2\/posts"}],"about":[{"href":"https:\/\/esreviral.com\/index.php?rest_route=\/wp\/v2\/types\/post"}],"author":[{"embeddable":true,"href":"https:\/\/esreviral.com\/index.php?rest_route=\/wp\/v2\/users\/3"}],"replies":[{"embeddable":true,"href":"https:\/\/esreviral.com\/index.php?rest_route=%2Fwp%2Fv2%2Fcomments&post=91078"}],"version-history":[{"count":1,"href":"https:\/\/esreviral.com\/index.php?rest_route=\/wp\/v2\/posts\/91078\/revisions"}],"predecessor-version":[{"id":91080,"href":"https:\/\/esreviral.com\/index.php?rest_route=\/wp\/v2\/posts\/91078\/revisions\/91080"}],"wp:featuredmedia":[{"embeddable":true,"href":"https:\/\/esreviral.com\/index.php?rest_route=\/wp\/v2\/media\/91079"}],"wp:attachment":[{"href":"https:\/\/esreviral.com\/index.php?rest_route=%2Fwp%2Fv2%2Fmedia&parent=91078"}],"wp:term":[{"taxonomy":"category","embeddable":true,"href":"https:\/\/esreviral.com\/index.php?rest_route=%2Fwp%2Fv2%2Fcategories&post=91078"},{"taxonomy":"post_tag","embeddable":true,"href":"https:\/\/esreviral.com\/index.php?rest_route=%2Fwp%2Fv2%2Ftags&post=91078"}],"curies":[{"name":"wp","href":"https:\/\/api.w.org\/{rel}","templated":true}]}}