{"id":90791,"date":"2026-04-17T14:15:31","date_gmt":"2026-04-17T19:15:31","guid":{"rendered":"https:\/\/esreviral.com\/?p=90791"},"modified":"2026-04-17T14:15:32","modified_gmt":"2026-04-17T19:15:32","slug":"petro-me-reuni-con-el-alcalde-de-buenos-aires","status":"publish","type":"post","link":"https:\/\/esreviral.com\/?p=90791","title":{"rendered":"Petro: \u201cme reun\u00ed con el alcalde de Buenos Aires\u201d"},"content":{"rendered":"\n<p><strong><em>CIS.-<\/em><\/strong> El presidente de Colombia, Gustavo Petro se reuni\u00f3 con Axel Kicillof pero su equipo de prensa pareciera no tener claro de qui\u00e9n se trataba el personaje, puesto que en las redes sociales resalt\u00f3 que se hab\u00eda reunido con \u201cel alcalde de Buenos Aires\u201d.<\/p>\n\n\n\n<p>Kicillof, es gobernador de la provincia de Buenos Aires, el alcalde de la capital argentina es Jorge Macri, quien ejerce esa funci\u00f3n como jefe de gobierno de la ciudad.<\/p>\n\n\n\n<p>Seg\u00fan Petro, Kicillof \u201cposiblemente ser\u00e1 el presidente de Argentina para sacarla de su colapso\u201d, en un claro respaldo a Kicillof.<\/p>\n\n\n\n<p class=\"has-text-align-center\"><em><strong><em><strong><em><strong><em><strong><a href=\"https:\/\/t.me\/esreviral\">\u00daNETE A NUESTRO CANAL DE TELEGRAM PARA ESTAR INFORMADO<\/a><\/strong><\/em><\/strong><\/em><\/strong><\/em><\/strong><\/em><\/p>\n\n\n\n<p class=\"has-text-align-center\"><strong><a href=\"https:\/\/chat.whatsapp.com\/KWkTmakY3I05kNdd2oZl6d\"><em>\u00daNETE A NUESTRO GRUPO DE WHATSAPP PARA ESTAR INFORMADO<\/em><\/a><\/strong><\/p>\n\n\n\n<blockquote class=\"twitter-tweet\"><p lang=\"es\" dir=\"ltr\">Me re\u00fano con el alcalde de Buenos Aires <a href=\"https:\/\/twitter.com\/Kicillofok?ref_src=twsrc%5Etfw\">@Kicillofok<\/a>, quien posiblemente ser\u00e1 presidente de Argentina para sacarla de su colapso.<br><br>La unidad del progresismo argentino es fundamental para el mundo <a href=\"https:\/\/t.co\/QdTo89cCZ3\">pic.twitter.com\/QdTo89cCZ3<\/a><\/p>&mdash; Gustavo Petro (@petrogustavo) <a href=\"https:\/\/twitter.com\/petrogustavo\/status\/2045160443979681973?ref_src=twsrc%5Etfw\">April 17, 2026<\/a><\/blockquote> <script async src=\"https:\/\/platform.twitter.com\/widgets.js\" charset=\"utf-8\"><\/script>\n","protected":false},"excerpt":{"rendered":"<p>El presidente de Colombia, Gustavo Petro, se reuni\u00f3 con Axel Kicillof, aunque el equipo de prensa del mandatario colombiano lo present\u00f3 err\u00f3neamente como \u201cel alcalde de Buenos Aires\u201d. Kicillof es el gobernador de la provincia de Buenos Aires, mientras que el alcalde de la capital argentina es Jorge Macri. Durante el encuentro, Petro afirm\u00f3 que Kicillof \u201cposiblemente ser\u00e1 el presidente de Argentina para sacarla de su colapso\u201d, en un claro gesto de respaldo pol\u00edtico.<\/p>\n","protected":false},"author":3,"featured_media":90792,"comment_status":"closed","ping_status":"closed","sticky":false,"template":"","format":"standard","meta":{"jnews-multi-image_gallery":[],"jnews_single_post":{"format":"standard"},"jnews_primary_category":[],"jnews_social_meta":[],"jnews_review":[],"enable_review":"","type":"","name":"","summary":"","brand":"","sku":"","good":[],"bad":[],"score_override":"","override_value":"","rating":[],"price":[],"jnews_override_counter":[],"jnews_post_split":[],"footnotes":""},"categories":[88,59],"tags":[44,888,45,2725],"class_list":["post-90791","post","type-post","status-publish","format-standard","has-post-thumbnail","hentry","category-internacionales","category-politica","tag-argentina","tag-axel-kicillof","tag-noticias","tag-petro"],"_links":{"self":[{"href":"https:\/\/esreviral.com\/index.php?rest_route=\/wp\/v2\/posts\/90791","targetHints":{"allow":["GET"]}}],"collection":[{"href":"https:\/\/esreviral.com\/index.php?rest_route=\/wp\/v2\/posts"}],"about":[{"href":"https:\/\/esreviral.com\/index.php?rest_route=\/wp\/v2\/types\/post"}],"author":[{"embeddable":true,"href":"https:\/\/esreviral.com\/index.php?rest_route=\/wp\/v2\/users\/3"}],"replies":[{"embeddable":true,"href":"https:\/\/esreviral.com\/index.php?rest_route=%2Fwp%2Fv2%2Fcomments&post=90791"}],"version-history":[{"count":1,"href":"https:\/\/esreviral.com\/index.php?rest_route=\/wp\/v2\/posts\/90791\/revisions"}],"predecessor-version":[{"id":90794,"href":"https:\/\/esreviral.com\/index.php?rest_route=\/wp\/v2\/posts\/90791\/revisions\/90794"}],"wp:featuredmedia":[{"embeddable":true,"href":"https:\/\/esreviral.com\/index.php?rest_route=\/wp\/v2\/media\/90792"}],"wp:attachment":[{"href":"https:\/\/esreviral.com\/index.php?rest_route=%2Fwp%2Fv2%2Fmedia&parent=90791"}],"wp:term":[{"taxonomy":"category","embeddable":true,"href":"https:\/\/esreviral.com\/index.php?rest_route=%2Fwp%2Fv2%2Fcategories&post=90791"},{"taxonomy":"post_tag","embeddable":true,"href":"https:\/\/esreviral.com\/index.php?rest_route=%2Fwp%2Fv2%2Ftags&post=90791"}],"curies":[{"name":"wp","href":"https:\/\/api.w.org\/{rel}","templated":true}]}}