{"id":90723,"date":"2026-04-16T15:24:09","date_gmt":"2026-04-16T20:24:09","guid":{"rendered":"https:\/\/esreviral.com\/?p=90723"},"modified":"2026-04-16T15:29:55","modified_gmt":"2026-04-16T20:29:55","slug":"alerta-en-escuelas-investigan-amenazas-de-tiroteos-y-un-violento-ataque-enciende-la-preocupacion","status":"publish","type":"post","link":"https:\/\/esreviral.com\/?p=90723","title":{"rendered":"Alerta en escuelas: investigan amenazas de tiroteos y un violento ataque enciende la preocupaci\u00f3n"},"content":{"rendered":"\n<p><strong>Las autoridades educativas y de seguridad encendieron las alarmas tras la aparici\u00f3n de mensajes que advert\u00edan sobre posibles tiroteos en escuelas de distintas provincias, en un fen\u00f3meno que se habr\u00eda replicado en varias zonas del pa\u00eds y que podr\u00eda estar vinculado a desaf\u00edos virales en redes sociales.<\/strong><\/p>\n\n\n\n<p>El ministro de Educaci\u00f3n de C\u00f3rdoba, Horacio Ferreyra, confirm\u00f3 que se activaron protocolos de seguridad mientras se investiga el origen de las amenazas. En este contexto, especialistas advierten sobre el llamado \u201cefecto contagio\u201d, que puede amplificar este tipo de conductas.<\/p>\n\n\n\n<p class=\"has-text-align-center\"><strong><a href=\"https:\/\/chat.whatsapp.com\/KWkTmakY3I05kNdd2oZl6d\"><em>\u00daNETE A NUESTRO GRUPO DE WHATSAPP PARA ESTAR INFORMADO<\/em><\/a><\/strong><\/p>\n\n\n\n<figure class=\"wp-block-image size-large is-resized\"><img decoding=\"async\" src=\"https:\/\/www.infobae.com\/resizer\/v2\/RTO4R7M755F2ZGE6KBMKWDHVIM.webp?auth=2bc219f003073ff33350541ce1690af4d55442ce1afa667c8824560953fc51e7&amp;smart=true&amp;width=992&amp;height=661&amp;quality=85\" alt=\"\" style=\"width:1071px;height:auto\"\/><figcaption class=\"wp-element-caption\">Las amenazas escritas con frases como \u201cma\u00f1ana tiros\u201d y fechas espec\u00edficas generaron preocupaci\u00f3n por un posible patr\u00f3n coordinado en redes sociales<\/figcaption><\/figure>\n\n\n\n<p><\/p>\n\n\n\n<p>La psicopedagoga Mariana Savid Saravia explic\u00f3 que muchas de estas situaciones responden a imitaciones, provocaciones o intentos de llamar la atenci\u00f3n. \u201c<strong><em>Cuando una amenaza se vuelve viral, cada reacci\u00f3n en redes o cobertura sin contexto puede potenciar el problema\u201d<\/em><\/strong>, se\u00f1al\u00f3.<\/p>\n\n\n\n<p>La experta advirti\u00f3 que la difusi\u00f3n irresponsable convierte a los autores en figuras de referencia para otros adolescentes. \u201c<strong><em>Algunos pueden intentar replicar estas conductas para sentirse protagonistas\u201d, sostuvo.<\/em><\/strong><\/p>\n\n\n\n<h3 class=\"wp-block-heading\"><strong><mark style=\"background-color:rgba(0, 0, 0, 0)\" class=\"has-inline-color has-vivid-red-color\">Un hecho violento que profundiza la preocupaci\u00f3n<\/mark><\/strong><\/h3>\n\n\n\n<p>En medio de este clima de alerta, un grave episodio ocurri\u00f3 en la localidad bonaerense de San Mart\u00edn. Una adolescente apu\u00f1al\u00f3 a un compa\u00f1ero en la puerta de la Escuela Secundaria Ricardo Rojas N\u00b04.<\/p>\n\n\n<div class=\"wp-block-image\">\n<figure class=\"aligncenter size-large\"><img decoding=\"async\" src=\"https:\/\/www.infobae.com\/resizer\/v2\/FJ2Y4WN6SRBJ7DLIRQEGMVTEXQ.jpg?auth=615d54f12d2e8d9b5326cbaebf41857bfa247075e48975efbc3bb470d429b26d&amp;smart=true&amp;width=992&amp;height=558&amp;quality=85\" alt=\"\"\/><figcaption class=\"wp-element-caption\">Instituciones educativas colaboraron con fuerzas de seguridad, fiscal\u00eda y equipos especializados para resguardar a estudiantes y personal docente<\/figcaption><\/figure>\n<\/div>\n\n\n<p><\/p>\n\n\n\n<p>El ataque se produjo este jueves por la ma\u00f1ana, cuando una alumna de primer a\u00f1o hiri\u00f3 en varias ocasiones a un estudiante de tercer a\u00f1o. Tras la agresi\u00f3n, la joven ingres\u00f3 al establecimiento e intent\u00f3 ocultarse.<\/p>\n\n\n\n<p>El herido fue trasladado al Hospital Castex, mientras que la agresora fue retenida bajo custodia policial en el lugar. El hecho gener\u00f3 conmoci\u00f3n y un importante despliegue de seguridad en la zona.<\/p>\n\n\n\n<h3 class=\"wp-block-heading\"><strong><mark style=\"background-color:rgba(0, 0, 0, 0)\" class=\"has-inline-color has-vivid-red-color\">El rol de las familias y la educaci\u00f3n<\/mark><\/strong><\/h3>\n\n\n\n<p>Frente a este escenario, Savid Saravia hizo un llamado a la responsabilidad colectiva. Recomend\u00f3 a las familias no difundir amenazas sin verificar, dar aviso inmediato a las autoridades y acompa\u00f1ar activamente a los adolescentes en el uso de las redes.<\/p>\n\n\n\n<p>\u201cCada reenv\u00edo alimenta el p\u00e1nico y le da poder al agresor\u201d, advirti\u00f3.<\/p>\n\n\n\n<p class=\"has-text-align-center\"><em><strong><em><strong><em><strong><em><strong><a href=\"https:\/\/t.me\/esreviral\">\u00daNETE A NUESTRO CANAL DE TELEGRAM PARA ESTAR INFORMADO<\/a><\/strong><\/em><\/strong><\/em><\/strong><\/em><\/strong><\/em><\/p>\n\n\n\n<p>Adem\u00e1s, destac\u00f3 la necesidad de implementar pol\u00edticas p\u00fablicas urgentes, como la educaci\u00f3n digital obligatoria, la incorporaci\u00f3n de equipos interdisciplinarios en las escuelas y protocolos de actuaci\u00f3n m\u00e1s integrales.<\/p>\n\n\n\n<p>\u201cLa prevenci\u00f3n comienza mucho antes, en el di\u00e1logo cotidiano con los j\u00f3venes y en la educaci\u00f3n sobre el uso responsable de la tecnolog\u00eda\u201d, concluy\u00f3.<\/p>\n\n\n\n<p class=\"has-text-align-right\"><strong><em>Con Informaci\u00f3n de noticiasargentinas.com y Perfil.com.-<\/em><\/strong><\/p>\n","protected":false},"excerpt":{"rendered":"<p>Las autoridades educativas y de seguridad encendieron las alarmas tras la aparici\u00f3n de mensajes que advert\u00edan sobre posibles tiroteos en escuelas de distintas provincias, en un fen\u00f3meno que se habr\u00eda replicado en varias zonas del pa\u00eds y que podr\u00eda estar vinculado a desaf\u00edos virales en redes sociales. El ministro de Educaci\u00f3n de C\u00f3rdoba, Horacio Ferreyra, [&hellip;]<\/p>\n","protected":false},"author":3,"featured_media":90724,"comment_status":"closed","ping_status":"closed","sticky":false,"template":"","format":"standard","meta":{"jnews-multi-image_gallery":[],"jnews_single_post":{"format":"standard"},"jnews_primary_category":[],"jnews_social_meta":[],"jnews_review":[],"enable_review":"","type":"","name":"","summary":"","brand":"","sku":"","good":[],"bad":[],"score_override":"","override_value":"","rating":[],"price":[],"jnews_override_counter":[],"jnews_post_split":[],"footnotes":""},"categories":[58,64],"tags":[41645,44,41646,45,41647,41648],"class_list":["post-90723","post","type-post","status-publish","format-standard","has-post-thumbnail","hentry","category-argentina","category-sucesos","tag-amenazas-en-escuelas","tag-argentina","tag-mariana-savid-saravia","tag-noticias","tag-protocolos-escolares","tag-tiroteos-escuelas-argentina"],"_links":{"self":[{"href":"https:\/\/esreviral.com\/index.php?rest_route=\/wp\/v2\/posts\/90723","targetHints":{"allow":["GET"]}}],"collection":[{"href":"https:\/\/esreviral.com\/index.php?rest_route=\/wp\/v2\/posts"}],"about":[{"href":"https:\/\/esreviral.com\/index.php?rest_route=\/wp\/v2\/types\/post"}],"author":[{"embeddable":true,"href":"https:\/\/esreviral.com\/index.php?rest_route=\/wp\/v2\/users\/3"}],"replies":[{"embeddable":true,"href":"https:\/\/esreviral.com\/index.php?rest_route=%2Fwp%2Fv2%2Fcomments&post=90723"}],"version-history":[{"count":1,"href":"https:\/\/esreviral.com\/index.php?rest_route=\/wp\/v2\/posts\/90723\/revisions"}],"predecessor-version":[{"id":90725,"href":"https:\/\/esreviral.com\/index.php?rest_route=\/wp\/v2\/posts\/90723\/revisions\/90725"}],"wp:featuredmedia":[{"embeddable":true,"href":"https:\/\/esreviral.com\/index.php?rest_route=\/wp\/v2\/media\/90724"}],"wp:attachment":[{"href":"https:\/\/esreviral.com\/index.php?rest_route=%2Fwp%2Fv2%2Fmedia&parent=90723"}],"wp:term":[{"taxonomy":"category","embeddable":true,"href":"https:\/\/esreviral.com\/index.php?rest_route=%2Fwp%2Fv2%2Fcategories&post=90723"},{"taxonomy":"post_tag","embeddable":true,"href":"https:\/\/esreviral.com\/index.php?rest_route=%2Fwp%2Fv2%2Ftags&post=90723"}],"curies":[{"name":"wp","href":"https:\/\/api.w.org\/{rel}","templated":true}]}}