{"id":90587,"date":"2026-04-15T07:14:19","date_gmt":"2026-04-15T12:14:19","guid":{"rendered":"https:\/\/esreviral.com\/?p=90587"},"modified":"2026-04-15T08:43:06","modified_gmt":"2026-04-15T13:43:06","slug":"machado-descarto-reunirse-con-sanchez-no-conviene-en-este-momento","status":"publish","type":"post","link":"https:\/\/esreviral.com\/?p=90587","title":{"rendered":"Machado descart\u00f3 reunirse con S\u00e1nchez: \u201cNo conviene en este momento\u201d"},"content":{"rendered":"\n<p><strong>La l\u00edder opositora venezolana Mar\u00eda Corina Machado asegur\u00f3 que no se reunir\u00e1 con el presidente del Gobierno espa\u00f1ol, Pedro S\u00e1nchez, durante su visita a Espa\u00f1a, al considerar que dicho encuentro \u201cno conviene en este momento\u201d.<\/strong><\/p>\n\n\n\n<p>En una entrevista con la Cadena Cope, explic\u00f3 que todas sus decisiones responden a un objetivo central: avanzar en la libertad de Venezuela y acelerar una transici\u00f3n pol\u00edtica. En ese sentido, indic\u00f3 que hay momentos en los que ciertas reuniones pueden favorecer ese prop\u00f3sito y otros en los que no resultan oportunas.<\/p>\n\n\n\n<p class=\"has-text-align-center\"><strong><a href=\"https:\/\/chat.whatsapp.com\/KWkTmakY3I05kNdd2oZl6d\"><em>\u00daNETE A NUESTRO GRUPO DE WHATSAPP PARA ESTAR INFORMADO<\/em><\/a><\/strong><\/p>\n\n\n\n<p class=\"has-text-align-center\"><strong><em><mark style=\"background-color:rgba(0, 0, 0, 0)\" class=\"has-inline-color has-vivid-red-color\"><a href=\"https:\/\/esreviral.com\/?p=90604\" data-type=\"link\" data-id=\"https:\/\/esreviral.com\/?p=90604\">Lea Tambi\u00e9n: La Comunidad de Madrid conceder\u00e1 su Medalla de Oro a Mar\u00eda Corina Machado<\/a><\/mark><\/em><\/strong><\/p>\n\n\n\n<blockquote class=\"twitter-tweet\"><p lang=\"es\" dir=\"ltr\">\ud83c\uddfb\ud83c\uddea\ud83c\uddf3\ud83c\uddf1 Mar\u00eda Corina Machado se re\u00fane con el primer ministro de Pa\u00edses Bajos<br><br>La l\u00edder venezolana sostuvo un encuentro con el primer ministro neerland\u00e9s, Rob Jetten, como parte de su agenda internacional.<br><br>\ud83e\udd1d La reuni\u00f3n busca fortalecer apoyos y alianzas en el \u00e1mbito internacional. <a href=\"https:\/\/t.co\/Vy2AzOske1\">pic.twitter.com\/Vy2AzOske1<\/a><\/p>&mdash; ES RE VIRAL (@esreviral) <a href=\"https:\/\/twitter.com\/esreviral\/status\/2044389218701451708?ref_src=twsrc%5Etfw\">April 15, 2026<\/a><\/blockquote> <script async src=\"https:\/\/platform.twitter.com\/widgets.js\" charset=\"utf-8\"><\/script>\n\n\n\n<p><\/p>\n\n\n\n<p>\u201c<strong><em>En determinados momentos conviene y en otros no ciertas reuniones para ese objetivo. Por lo tanto, en este momento no est\u00e1 prevista<\/em><\/strong>\u201d, afirm\u00f3.<\/p>\n\n\n\n<p>Aunque tiene previsto llegar a Madrid, en su agenda no figura un encuentro con el Ejecutivo espa\u00f1ol. Sin embargo, s\u00ed contempla reuniones con representantes de otros sectores pol\u00edticos, como el Partido Popular y Vox.<\/p>\n\n\n\n<p>En paralelo, Machado contin\u00faa desarrollando una agenda internacional activa. <strong>Este mi\u00e9rcoles sostuvo un encuentro con el primer ministro de Pa\u00edses Bajos, Rob Jetten, en La Haya, como parte de su gira europea para consolidar apoyos a una transici\u00f3n democr\u00e1tica en Venezuela.<\/strong><\/p>\n\n\n\n<p>La reuni\u00f3n se llev\u00f3 a cabo en el Ministerio de Asuntos Generales y estuvo centrada en fortalecer alianzas pol\u00edticas y diplom\u00e1ticas frente a la crisis venezolana. Durante el encuentro, ambas partes coincidieron en que la situaci\u00f3n del pa\u00eds trasciende el \u00e1mbito energ\u00e9tico. \u201c<strong><em>No es solo petr\u00f3leo, es sobre la gente y la democracia\u201d, afirm\u00f3 Jetten.<\/em><\/strong><\/p>\n\n\n\n<p><\/p>\n\n\n\n<blockquote class=\"twitter-tweet\"><p lang=\"es\" dir=\"ltr\">Es un honor recibir a <a href=\"https:\/\/twitter.com\/MariaCorinaYA?ref_src=twsrc%5Etfw\">@MariaCorinaYA<\/a>, ganadora del Premio Nobel de la Paz. Durante muchos a\u00f1os se ha dedicado pac\u00edficamente por una Venezuela libre y democr\u00e1tica que merece respeto y aprecio.<br><br>Hablamos sobre la actualidad en Venezuela y la importancia del apoyo internacional\u2026 <a href=\"https:\/\/t.co\/mEtB0guVVY\">pic.twitter.com\/mEtB0guVVY<\/a><\/p>&mdash; Rob Jetten (@MinPres) <a href=\"https:\/\/twitter.com\/MinPres\/status\/2044378795717575149?ref_src=twsrc%5Etfw\">April 15, 2026<\/a><\/blockquote> <script async src=\"https:\/\/platform.twitter.com\/widgets.js\" charset=\"utf-8\"><\/script>\n\n\n\n<p><\/p>\n\n\n\n<p>Uno de los puntos clave fue la coordinaci\u00f3n internacional para impulsar una salida democr\u00e1tica. El primer ministro neerland\u00e9s inform\u00f3 sobre una reciente conversaci\u00f3n con el presidente de Estados Unidos, Donald Trump, orientada a articular apoyos en ese sentido, y reiter\u00f3 el compromiso de promover acciones desde la Uni\u00f3n Europea junto a otros l\u00edderes.<\/p>\n\n\n\n<p>Asimismo, expres\u00f3 su reconocimiento a la resistencia del pueblo venezolano. \u201c<strong><em>Valoro su lucha por la libertad, por sus familias y compa\u00f1eros\u201d<\/em><\/strong>, se\u00f1al\u00f3, y destac\u00f3 la trayectoria de Machado: \u201c<strong><em>Durante muchos a\u00f1os se ha dedicado pac\u00edficamente por una Venezuela libre y democr\u00e1tica que merece respeto y aprecio\u201d.<\/em><\/strong><\/p>\n\n\n\n<p>Por su parte, Machado agradeci\u00f3 el respaldo internacional y subray\u00f3 la importancia de mantener la presi\u00f3n sobre el poder en Venezuela. \u201c<strong><em>Necesitamos sus voces, porque para los venezolanos se trata de 26 a\u00f1os de sufrimiento\u201d, afirm\u00f3.<\/em><\/strong><\/p>\n\n\n\n<p>La dirigente tambi\u00e9n reiter\u00f3 que un eventual retorno de migrantes depender\u00e1 de cambios estructurales en el pa\u00eds. \u201c<strong><em>Muchos venezolanos volver\u00e1n en la medida en que cambien las condiciones\u201d, sostuvo.<\/em><\/strong><\/p>\n\n\n\n<p class=\"has-text-align-center\"><em><strong><em><strong><em><strong><em><strong><a href=\"https:\/\/t.me\/esreviral\">\u00daNETE A NUESTRO CANAL DE TELEGRAM PARA ESTAR INFORMADO<\/a><\/strong><\/em><\/strong><\/em><\/strong><\/em><\/strong><\/em><\/p>\n\n\n\n<p>Finalmente, asegur\u00f3 que su regreso a Venezuela ya est\u00e1 decidido y que se concretar\u00e1 en las pr\u00f3ximas semanas. <strong><em>\u201cNo estoy fuera para quedarme, sino para completar una labor internacional necesaria para el paso final hacia nuestra libertad\u201d, concluy\u00f3.<\/em><\/strong><\/p>\n\n\n\n<p class=\"has-text-align-center\"><\/p>\n\n\n\n<blockquote class=\"twitter-tweet\"><p lang=\"es\" dir=\"ltr\">\ud83c\uddfb\ud83c\uddea\ud83c\uddf3\ud83c\uddf1 | La l\u00edder venezolana Mar\u00eda Corina Machado (<a href=\"https:\/\/twitter.com\/MariaCorinaYA?ref_src=twsrc%5Etfw\">@MariaCorinaYA<\/a>) sostuvo un encuentro clave con el Primer Ministro de Pa\u00edses Bajos, Mr. Rob Jetten (<a href=\"https:\/\/twitter.com\/MinPres?ref_src=twsrc%5Etfw\">@MinPres<\/a> ), en el Ministerio de Asuntos Generales (<a href=\"https:\/\/twitter.com\/DutchMFA?ref_src=twsrc%5Etfw\">@DutchMFA<\/a>), quien reafirm\u00f3 que la crisis venezolana trasciende lo energ\u00e9tico: \u201cNo\u2026 <a href=\"https:\/\/t.co\/c7MKLWnaxq\">pic.twitter.com\/c7MKLWnaxq<\/a><\/p>&mdash; Vocer\u00eda Oficial de Venezuela (@voceriavzla) <a href=\"https:\/\/twitter.com\/voceriavzla\/status\/2044371452984508614?ref_src=twsrc%5Etfw\">April 15, 2026<\/a><\/blockquote> <script async src=\"https:\/\/platform.twitter.com\/widgets.js\" charset=\"utf-8\"><\/script>\n\n\n\n<p><\/p>\n\n\n\n<p class=\"has-text-align-right\"><strong><em>Con Informaci\u00f3n de Infobae y El Nacional.-<\/em><\/strong><\/p>\n","protected":false},"excerpt":{"rendered":"<p>La l\u00edder opositora venezolana ha emprendido un viaje a Europa en el que se ha entrevistado ya con Macron y lo har\u00e1 con Feij\u00f3o, Ayuso y Abascal<\/p>\n","protected":false},"author":3,"featured_media":90588,"comment_status":"closed","ping_status":"closed","sticky":false,"template":"","format":"standard","meta":{"jnews-multi-image_gallery":[],"jnews_single_post":{"format":"standard"},"jnews_primary_category":[],"jnews_social_meta":[],"jnews_review":[],"enable_review":"","type":"","name":"","summary":"","brand":"","sku":"","good":[],"bad":[],"score_override":"","override_value":"","rating":[],"price":[],"jnews_override_counter":[],"jnews_post_split":[],"footnotes":""},"categories":[59],"tags":[148,3265,45,882,15498,56],"class_list":["post-90587","post","type-post","status-publish","format-standard","has-post-thumbnail","hentry","category-politica","tag-espana","tag-maria-corina-machado-2","tag-noticias","tag-pedro-sanchez","tag-sanchez","tag-venezuela"],"amp_enabled":true,"_links":{"self":[{"href":"https:\/\/esreviral.com\/index.php?rest_route=\/wp\/v2\/posts\/90587"}],"collection":[{"href":"https:\/\/esreviral.com\/index.php?rest_route=\/wp\/v2\/posts"}],"about":[{"href":"https:\/\/esreviral.com\/index.php?rest_route=\/wp\/v2\/types\/post"}],"author":[{"embeddable":true,"href":"https:\/\/esreviral.com\/index.php?rest_route=\/wp\/v2\/users\/3"}],"replies":[{"embeddable":true,"href":"https:\/\/esreviral.com\/index.php?rest_route=%2Fwp%2Fv2%2Fcomments&post=90587"}],"version-history":[{"count":5,"href":"https:\/\/esreviral.com\/index.php?rest_route=\/wp\/v2\/posts\/90587\/revisions"}],"predecessor-version":[{"id":90615,"href":"https:\/\/esreviral.com\/index.php?rest_route=\/wp\/v2\/posts\/90587\/revisions\/90615"}],"wp:featuredmedia":[{"embeddable":true,"href":"https:\/\/esreviral.com\/index.php?rest_route=\/wp\/v2\/media\/90588"}],"wp:attachment":[{"href":"https:\/\/esreviral.com\/index.php?rest_route=%2Fwp%2Fv2%2Fmedia&parent=90587"}],"wp:term":[{"taxonomy":"category","embeddable":true,"href":"https:\/\/esreviral.com\/index.php?rest_route=%2Fwp%2Fv2%2Fcategories&post=90587"},{"taxonomy":"post_tag","embeddable":true,"href":"https:\/\/esreviral.com\/index.php?rest_route=%2Fwp%2Fv2%2Ftags&post=90587"}],"curies":[{"name":"wp","href":"https:\/\/api.w.org\/{rel}","templated":true}]}}