{"id":90451,"date":"2026-04-10T16:15:36","date_gmt":"2026-04-10T21:15:36","guid":{"rendered":"https:\/\/esreviral.com\/?p=90451"},"modified":"2026-04-10T19:07:54","modified_gmt":"2026-04-11T00:07:54","slug":"la-ciudad-de-buenos-aires-priorizara-a-sus-residentes-en-el-acceso-a-servicios-publicos-y-turnos-administrativos","status":"publish","type":"post","link":"https:\/\/esreviral.com\/?p=90451","title":{"rendered":"La Ciudad de Buenos Aires priorizar\u00e1 a sus residentes en el acceso a servicios p\u00fablicos y turnos administrativos"},"content":{"rendered":"\n<p><strong>Los residentes de la Ciudad de Buenos Aires tendr\u00e1n prioridad sobre personas provenientes de la provincia de Buenos Aires y del exterior al momento de solicitar turnos, vacantes o cualquier otro servicio en dependencias de la administraci\u00f3n p\u00fablica local<\/strong>. La medida fue dispuesta por el jefe de Gobierno, Jorge Macri, mediante el decreto N.\u00ba 142\/26, que ampl\u00eda el alcance de la pol\u00edtica denominada \u201c<strong><em>Prioridad Porte\u00f1a<\/em><\/strong>\u201d.<\/p>\n\n\n\n<p>La decisi\u00f3n profundiza una l\u00ednea de acci\u00f3n iniciada en marzo de 2025, cuando se estableci\u00f3 la prioridad de atenci\u00f3n para residentes en la red de hospitales p\u00fablicos. Con la firma de Jorge Macri y del jefe de Gabinete, Gabriel S\u00e1nchez Zinny, el Ejecutivo extendi\u00f3 ahora este criterio a todos los servicios que presta el Estado de la Ciudad, con el argumento de priorizar a quienes residen y contribuyen fiscalmente en la jurisdicci\u00f3n.<\/p>\n\n\n\n<p class=\"has-text-align-center\"><strong><a href=\"https:\/\/chat.whatsapp.com\/KWkTmakY3I05kNdd2oZl6d\"><em>\u00daNETE A NUESTRO GRUPO DE WHATSAPP PARA ESTAR INFORMADO<\/em><\/a><\/strong><\/p>\n\n\n\n<blockquote class=\"twitter-tweet\"><p lang=\"es\" dir=\"ltr\">Durante a\u00f1os, la Ciudad se hizo cargo de lo que otros no hacen. <br><br>La incompetencia del otro lado de la General Paz la pagaban los porte\u00f1os con sus impuestos.<br><br>Se termin\u00f3.<br><br>Firm\u00e9 un decreto para darle fuerza legal a una pol\u00edtica que ya aplicamos en salud: PRIORIDAD PARA LOS\u2026 <a href=\"https:\/\/t.co\/rz2JiG787M\">pic.twitter.com\/rz2JiG787M<\/a><\/p>&mdash; Jorge Macri (@jorgemacri) <a href=\"https:\/\/twitter.com\/jorgemacri\/status\/2042630833727492324?ref_src=twsrc%5Etfw\">April 10, 2026<\/a><\/blockquote> <script async src=\"https:\/\/platform.twitter.com\/widgets.js\" charset=\"utf-8\"><\/script>\n\n\n\n<p><\/p>\n\n\n\n<p>\u201c<strong><em>Durante a\u00f1os, la Ciudad asumi\u00f3 responsabilidades que no le correspond\u00edan. Esa situaci\u00f3n gener\u00f3 una carga para los contribuyentes locales. Con este decreto buscamos ordenar la atenci\u00f3n y priorizar a los residentes\u201d<\/em><\/strong>, se\u00f1al\u00f3 el jefe de Gobierno.<\/p>\n\n\n\n<p>La normativa aclara que esta prioridad no se aplicar\u00e1 en casos de urgencias o emergencias sanitarias, donde la atenci\u00f3n debe brindarse de forma inmediata sin distinci\u00f3n de domicilio.<\/p>\n\n\n\n<p>Asimismo, el decreto no restringe el acceso a los servicios p\u00fablicos, sino que establece un criterio de orden en la asignaci\u00f3n de turnos y recursos administrativos, bajo principios de razonabilidad y proporcionalidad.<\/p>\n\n\n\n<p>En el sistema de salud p\u00fablica de la Ciudad, durante 2025 se realizaron m\u00e1s de 30 millones de prestaciones y se increment\u00f3 en un 30% la oferta de consultas desde el inicio de la actual gesti\u00f3n. El mayor aumento se registr\u00f3 en el \u00e1rea quir\u00fargica, con m\u00e1s de 12.000 intervenciones adicionales.<\/p>\n\n\n\n<p>Las autoridades sostienen que la medida busca corregir desequilibrios en el uso de los servicios, especialmente en salud, donde se hab\u00eda detectado una alta demanda de personas no residentes.<\/p>\n\n\n\n<p>Quedan excluidas de esta pol\u00edtica \u00e1reas como la seguridad p\u00fablica. A partir de ahora, la Jefatura de Gabinete coordinar\u00e1 con las distintas dependencias para adecuar los procedimientos internos y aplicar este nuevo esquema de prioridad.<\/p>\n\n\n\n<p class=\"has-text-align-center\"><em><strong><em><strong><em><strong><em><strong><a href=\"https:\/\/t.me\/esreviral\">\u00daNETE A NUESTRO CANAL DE TELEGRAM PARA ESTAR INFORMADO<\/a><\/strong><\/em><\/strong><\/em><\/strong><\/em><\/strong><\/em><\/p>\n\n\n\n<p>En paralelo, el Gobierno de la Ciudad solicit\u00f3 a la provincia de Buenos Aires que asuma los costos de atenci\u00f3n de personas en situaci\u00f3n de calle que provienen de su territorio, en l\u00ednea con lo establecido por la normativa nacional vigente, que asigna esta responsabilidad a cada jurisdicci\u00f3n.<\/p>\n\n\n\n<p class=\"has-text-align-right\"><em><strong>Prensa GCBA<\/strong>.-<\/em><\/p>\n","protected":false},"excerpt":{"rendered":"<p>Ser\u00e1 al momento de pedir turnos, cupos, vacantes o cualquier otro servicio en las dependencias de la administraci\u00f3n p\u00fablica porte\u00f1a. Lo decidi\u00f3 el Jefe de Gobierno, Jorge Macri, a trav\u00e9s del decreto N\u00b0142-26 que ampl\u00eda la \u201cPrioridad Porte\u00f1a\u201d. <\/p>\n","protected":false},"author":3,"featured_media":90452,"comment_status":"closed","ping_status":"closed","sticky":false,"template":"","format":"standard","meta":{"jnews-multi-image_gallery":[],"jnews_single_post":{"format":"standard"},"jnews_primary_category":[],"jnews_social_meta":[],"jnews_review":[],"enable_review":"","type":"","name":"","summary":"","brand":"","sku":"","good":[],"bad":[],"score_override":"","override_value":"","rating":[],"price":[],"jnews_override_counter":[],"jnews_post_split":[],"footnotes":""},"categories":[58,59],"tags":[13865,44,1795,1327,45,41474],"class_list":["post-90451","post","type-post","status-publish","format-standard","has-post-thumbnail","hentry","category-argentina","category-politica","tag-administracion-publica","tag-argentina","tag-gobierno-de-la-ciudad","tag-jorge-macri","tag-noticias","tag-prioridad-portena"],"amp_enabled":true,"_links":{"self":[{"href":"https:\/\/esreviral.com\/index.php?rest_route=\/wp\/v2\/posts\/90451"}],"collection":[{"href":"https:\/\/esreviral.com\/index.php?rest_route=\/wp\/v2\/posts"}],"about":[{"href":"https:\/\/esreviral.com\/index.php?rest_route=\/wp\/v2\/types\/post"}],"author":[{"embeddable":true,"href":"https:\/\/esreviral.com\/index.php?rest_route=\/wp\/v2\/users\/3"}],"replies":[{"embeddable":true,"href":"https:\/\/esreviral.com\/index.php?rest_route=%2Fwp%2Fv2%2Fcomments&post=90451"}],"version-history":[{"count":1,"href":"https:\/\/esreviral.com\/index.php?rest_route=\/wp\/v2\/posts\/90451\/revisions"}],"predecessor-version":[{"id":90453,"href":"https:\/\/esreviral.com\/index.php?rest_route=\/wp\/v2\/posts\/90451\/revisions\/90453"}],"wp:featuredmedia":[{"embeddable":true,"href":"https:\/\/esreviral.com\/index.php?rest_route=\/wp\/v2\/media\/90452"}],"wp:attachment":[{"href":"https:\/\/esreviral.com\/index.php?rest_route=%2Fwp%2Fv2%2Fmedia&parent=90451"}],"wp:term":[{"taxonomy":"category","embeddable":true,"href":"https:\/\/esreviral.com\/index.php?rest_route=%2Fwp%2Fv2%2Fcategories&post=90451"},{"taxonomy":"post_tag","embeddable":true,"href":"https:\/\/esreviral.com\/index.php?rest_route=%2Fwp%2Fv2%2Ftags&post=90451"}],"curies":[{"name":"wp","href":"https:\/\/api.w.org\/{rel}","templated":true}]}}