{"id":90422,"date":"2026-04-10T16:24:40","date_gmt":"2026-04-10T21:24:40","guid":{"rendered":"https:\/\/esreviral.com\/?p=90422"},"modified":"2026-04-10T16:24:41","modified_gmt":"2026-04-10T21:24:41","slug":"elimina-las-celulas-muertas-de-la-piel-con-esta-mascarilla-de-cafe-asi-debes-aplicarla","status":"publish","type":"post","link":"https:\/\/esreviral.com\/?p=90422","title":{"rendered":"Elimina las c\u00e9lulas muertas de la piel con esta mascarilla de caf\u00e9: as\u00ed debes aplicarla"},"content":{"rendered":"\n<p>La deshidrataci\u00f3n, el d\u00e9ficit de vitaminas y la exposici\u00f3n constante al sol son tres de las principales causas por las que la piel pierde humedad. A esto se suma el envejecimiento, ya que con el paso del tiempo las capas de la piel se vuelven m\u00e1s delgadas y producen menos aceites naturales de los necesarios, seg\u00fan la Cl\u00ednica Mayo.<\/p>\n\n\n\n<p>En este contexto, el caf\u00e9 se presenta como un aliado para el cuidado de la piel. Contiene propiedades antioxidantes, antiinflamatorias y compuestos que favorecen la hidrataci\u00f3n y ayudan a mejorar su apariencia, de acuerdo con informaci\u00f3n de Madriderma.<\/p>\n\n\n\n<p class=\"has-text-align-center\"><strong><a href=\"https:\/\/chat.whatsapp.com\/KWkTmakY3I05kNdd2oZl6d\"><em>\u00daNETE A NUESTRO GRUPO DE WHATSAPP PARA ESTAR INFORMADO<\/em><\/a><\/strong><\/p>\n\n\n\n<p><strong><mark style=\"background-color:rgba(0, 0, 0, 0)\" class=\"has-inline-color has-vivid-red-color\">C\u00f3mo preparar una mascarilla de caf\u00e9<\/mark><\/strong><\/p>\n\n\n\n<p><strong>Ingredientes:<\/strong><\/p>\n\n\n\n<ul class=\"wp-block-list\">\n<li>50 gramos de caf\u00e9<\/li>\n\n\n\n<li>2 cucharadas de aceite de coco<\/li>\n\n\n\n<li>1 cucharada de aceite de oliva<\/li>\n\n\n\n<li>1 cucharada de miel<\/li>\n<\/ul>\n\n\n\n<p><\/p>\n\n\n\n<p><strong>Preparaci\u00f3n:<\/strong><\/p>\n\n\n\n<ol class=\"wp-block-list\">\n<li>Coloca el caf\u00e9 y la miel en un recipiente y mezcla hasta integrar bien.<\/li>\n\n\n\n<li>A\u00f1ade el aceite de coco y el aceite de oliva, y mezcla durante dos minutos hasta obtener una textura homog\u00e9nea.<\/li>\n\n\n\n<li>Guarda la mezcla en un recipiente de vidrio y cons\u00e9rvala en un lugar fresco.<\/li>\n<\/ol>\n\n\n\n<p><\/p>\n\n\n\n<p><strong><mark style=\"background-color:rgba(0, 0, 0, 0)\" class=\"has-inline-color has-vivid-red-color\">Modo de uso:<\/mark><\/strong><br>Se recomienda aplicar la mascarilla una vez al d\u00eda sobre la zona deseada y dejar actuar durante 15 minutos. Luego, retirar el exceso con un disco de algod\u00f3n h\u00famedo.<\/p>\n\n\n\n<p class=\"has-text-align-center\"><em><strong><em><strong><em><strong><em><strong><a href=\"https:\/\/t.me\/esreviral\">\u00daNETE A NUESTRO CANAL DE TELEGRAM PARA ESTAR INFORMADO<\/a><\/strong><\/em><\/strong><\/em><\/strong><\/em><\/strong><\/em><\/p>\n\n\n\n<p>Para obtener mejores resultados, se sugiere utilizarla durante 15 d\u00edas consecutivos o hasta notar mejoras visibles, dependiendo del estado de la piel.<\/p>\n\n\n\n<p>En definitiva, el caf\u00e9 puede ser un complemento natural dentro de una rutina de cuidado personal, gracias a sus propiedades beneficiosas para la piel.<\/p>\n\n\n\n<p class=\"has-text-align-right\"><strong><em>Con Informaci\u00f3n de 2001online.com.-<\/em><\/strong><\/p>\n","protected":false},"excerpt":{"rendered":"<p>El caf\u00e9 contiene propiedades vitam\u00ednicas, antioxidantes y antinflamatorias que contribuyen a hidratar la piel<\/p>\n","protected":false},"author":3,"featured_media":90423,"comment_status":"closed","ping_status":"closed","sticky":false,"template":"","format":"standard","meta":{"jnews-multi-image_gallery":[],"jnews_single_post":{"format":"standard"},"jnews_primary_category":[],"jnews_social_meta":[],"jnews_review":[],"enable_review":"","type":"","name":"","summary":"","brand":"","sku":"","good":[],"bad":[],"score_override":"","override_value":"","rating":[],"price":[],"jnews_override_counter":[],"jnews_post_split":[],"footnotes":""},"categories":[43,84],"tags":[41317,41465,45,2959],"class_list":["post-90422","post","type-post","status-publish","format-standard","has-post-thumbnail","hentry","category-actualidad","category-salud","tag-celulas-muertas","tag-mascarilla-de-cafe","tag-noticias","tag-piel"],"amp_enabled":true,"_links":{"self":[{"href":"https:\/\/esreviral.com\/index.php?rest_route=\/wp\/v2\/posts\/90422"}],"collection":[{"href":"https:\/\/esreviral.com\/index.php?rest_route=\/wp\/v2\/posts"}],"about":[{"href":"https:\/\/esreviral.com\/index.php?rest_route=\/wp\/v2\/types\/post"}],"author":[{"embeddable":true,"href":"https:\/\/esreviral.com\/index.php?rest_route=\/wp\/v2\/users\/3"}],"replies":[{"embeddable":true,"href":"https:\/\/esreviral.com\/index.php?rest_route=%2Fwp%2Fv2%2Fcomments&post=90422"}],"version-history":[{"count":1,"href":"https:\/\/esreviral.com\/index.php?rest_route=\/wp\/v2\/posts\/90422\/revisions"}],"predecessor-version":[{"id":90424,"href":"https:\/\/esreviral.com\/index.php?rest_route=\/wp\/v2\/posts\/90422\/revisions\/90424"}],"wp:featuredmedia":[{"embeddable":true,"href":"https:\/\/esreviral.com\/index.php?rest_route=\/wp\/v2\/media\/90423"}],"wp:attachment":[{"href":"https:\/\/esreviral.com\/index.php?rest_route=%2Fwp%2Fv2%2Fmedia&parent=90422"}],"wp:term":[{"taxonomy":"category","embeddable":true,"href":"https:\/\/esreviral.com\/index.php?rest_route=%2Fwp%2Fv2%2Fcategories&post=90422"},{"taxonomy":"post_tag","embeddable":true,"href":"https:\/\/esreviral.com\/index.php?rest_route=%2Fwp%2Fv2%2Ftags&post=90422"}],"curies":[{"name":"wp","href":"https:\/\/api.w.org\/{rel}","templated":true}]}}