{"id":90416,"date":"2026-04-10T16:29:02","date_gmt":"2026-04-10T21:29:02","guid":{"rendered":"https:\/\/esreviral.com\/?p=90416"},"modified":"2026-04-10T16:29:04","modified_gmt":"2026-04-10T21:29:04","slug":"agenda-del-fin-de-semana-wepa-fest-celebra-siete-anos-y-llegan-ferias-cine-circo-y-festivales","status":"publish","type":"post","link":"https:\/\/esreviral.com\/?p=90416","title":{"rendered":"Agenda del fin de semana: Wepa Fest celebra siete a\u00f1os y llegan ferias, cine, circo y festivales"},"content":{"rendered":"\n<p><strong><a href=\"https:\/\/esreviral.com\/?p=90398\" data-type=\"link\" data-id=\"https:\/\/esreviral.com\/?p=90398\">Sorteos, buena rumba y sorpresas para celebrar el 7mo aniversario de Wepa Fest<\/a><\/strong><\/p>\n\n\n\n<p>Wepa Fest lleg\u00f3 a su s\u00e9ptimo aniversario y es una de las principales fiestas de los venezolanos en Argentina, es por eso que para la celebraci\u00f3n su creador, Junior Garc\u00eda ha preparado una <strong>gran fiesta que se realizar\u00e1 este s\u00e1bado 11 de abril en Gorriti 5568 en La Vegas Club. <\/strong><\/p>\n\n\n\n<p>Garc\u00eda explic\u00f3 que habr\u00e1 una serie de sorteos y regalos de distintos emprendimientos, <strong>adem\u00e1s muy buena m\u00fasica, bebidas y gran diversi\u00f3n para botar la casa por la ventana en estos primeros siete a\u00f1os de la Mam\u00e1 de las Rumbas, Wepa Fest. <\/strong><\/p>\n\n\n\n<p>Las reservas est\u00e1n abiertas, y se pueden hacer al tel\u00e9fono: +54 9 11 2391-9180<\/p>\n\n\n\n<p><strong>&nbsp;Un circo inolvidable llega a San Crist\u00f3bal<\/strong><\/p>\n\n\n\n<p>Este s\u00e1bado desde las 17.30 en Av. Juan de Garay y Combate de los Pozos se desarrollar\u00e1 un gran encuentro circense: habr\u00e1 artistas itinerantes, una gran fiesta a cargo de DJ Villa Diamante y una pista de baile para todas las edades. Y para cerrar la noche, a las 20.30 se presentar\u00e1 ASTRA, una experiencia multisensorial que combina acrobacia, m\u00fasica y energ\u00eda en una monumental danza a\u00e9rea, a 50 metros del suelo.<\/p>\n\n\n\n<p><strong>&nbsp;Desembarcan los sabores de Am\u00e9rica<\/strong><\/p>\n\n\n\n<p>M\u00e1s de 35 colectividades americanas se reunir\u00e1n este domingo en Av. de Mayo y Bol\u00edvar para celebrar la diversidad cultural de la Ciudad. Ser\u00e1 una jornada con gastronom\u00eda t\u00edpica, danzas, m\u00fasica, artesan\u00edas y tradiciones de los distintos pa\u00edses que integran la regi\u00f3n, de Per\u00fa a Brasil y de Colombia a Paraguay. Se har\u00e1 este domingo, de 12 a 19.<\/p>\n\n\n\n<p class=\"has-text-align-center\"><strong><a href=\"https:\/\/chat.whatsapp.com\/KWkTmakY3I05kNdd2oZl6d\"><em>\u00daNETE A NUESTRO GRUPO DE WHATSAPP PARA ESTAR INFORMADO<\/em><\/a><\/strong><\/p>\n\n\n<div class=\"wp-block-image\">\n<figure class=\"aligncenter size-full\"><img fetchpriority=\"high\" decoding=\"async\" width=\"957\" height=\"610\" src=\"https:\/\/esreviral.com\/wp-content\/uploads\/2026\/04\/unnamed-18.webp\" alt=\"\" class=\"wp-image-90418\" srcset=\"https:\/\/esreviral.com\/wp-content\/uploads\/2026\/04\/unnamed-18.webp 957w, https:\/\/esreviral.com\/wp-content\/uploads\/2026\/04\/unnamed-18-300x191.webp 300w, https:\/\/esreviral.com\/wp-content\/uploads\/2026\/04\/unnamed-18-768x490.webp 768w\" sizes=\"(max-width: 957px) 100vw, 957px\" \/><\/figure><\/div>\n\n\n<p><\/p>\n\n\n\n<p><strong>BA Flota en el Parque de la Ciudad<\/strong><\/p>\n\n\n\n<p>El domingo desde las 15 en el Parque de la Ciudad (Av. Roca 4099) se desarrollar\u00e1 el festival de globos aerost\u00e1ticos m\u00e1s importante de Sudam\u00e9rica. Ser\u00e1 una tarde m\u00e1gica para disfrutar en familia al aire libre y mirando al cielo: los globos har\u00e1n vuelos cautivos (anclados al piso) y demostraciones de destrezas. Habr\u00e1 adem\u00e1s bandas en vivo y DJs, y artistas circenses recorrer\u00e1n el predio haciendo shows de habilidades y acrobacias. El cierre estar\u00e1 a cargo del Night Glow, un show de fuegos y luces sincronizadas desde los globos aerost\u00e1ticos.<\/p>\n\n\n\n<p><strong>Espa\u00f1a se sube a los teatros porte\u00f1os<\/strong><\/p>\n\n\n\n<p>El Teatro San Mart\u00edn (Av. Corrientes 1530) recibir\u00e1 este fin de semana las funciones de Numancia, la pieza de Miguel de Cervantes inspirada en hechos hist\u00f3ricos sucedidos en una peque\u00f1a ciudad celt\u00edbera, en el marco del intercambio teatral de la Ciudad con Madrid. Toda la informaci\u00f3n y las entradas est\u00e1n disponibles en&nbsp;<a href=\"https:\/\/lt.mydplr.com\/4610ac4b57157e4159a464bd48b59144-3523ed1b7c765c2ed4553be6ca72846c\" target=\"_blank\" rel=\"noreferrer noopener\"><u>complejoteatral.gob.ar<\/u><\/a>.<\/p>\n\n\n\n<p><strong>&nbsp;Vuelve la Bioferia a Palermo<\/strong><\/p>\n\n\n\n<p>Llega Bioferia, el festival de sustentabilidad m\u00e1s grande de Latinoam\u00e9rica, con tres jornadas con charlas y m\u00fasica en vivo, gastronom\u00eda saludable, un mercado con emprendedores de impacto positivo y diferentes propuestas para conectar con un estilo de vida m\u00e1s sostenible. Se har\u00e1 el viernes, s\u00e1bado y domingo, de 11 a 18, en el Hip\u00f3dromo de Palermo (Av. Del Libertador y Av. Dorrego).<\/p>\n\n\n\n<p><strong>&nbsp;BAFICI: arranca el mejor cine independiente<\/strong><\/p>\n\n\n\n<p>El festival de cine independiente m\u00e1s importante de Latinoam\u00e9rica llega para su 27\u00aa edici\u00f3n con m\u00e1s de 300 pel\u00edculas que se proyectar\u00e1n en nueve sedes porte\u00f1as distribuidas entre el 15 y el 26 de abril. Las entradas para todas las funciones ya est\u00e1n disponibles a trav\u00e9s de&nbsp;<a href=\"https:\/\/lt.mydplr.com\/c44ec6e1b0ff9d3bf0346196e8fb303a-3523ed1b7c765c2ed4553be6ca72846c\" target=\"_blank\" rel=\"noreferrer noopener\"><u>bafici.org<\/u><\/a>&nbsp;o en la boleter\u00eda del Teatro San Mart\u00edn (Av. Corrientes 1530).<\/p>\n\n\n\n<figure class=\"wp-block-image size-large\"><img decoding=\"async\" width=\"1024\" height=\"684\" src=\"https:\/\/esreviral.com\/wp-content\/uploads\/2026\/04\/unnamed-19-1024x684.webp\" alt=\"\" class=\"wp-image-90419\" srcset=\"https:\/\/esreviral.com\/wp-content\/uploads\/2026\/04\/unnamed-19-1024x684.webp 1024w, https:\/\/esreviral.com\/wp-content\/uploads\/2026\/04\/unnamed-19-300x200.webp 300w, https:\/\/esreviral.com\/wp-content\/uploads\/2026\/04\/unnamed-19-768x513.webp 768w, https:\/\/esreviral.com\/wp-content\/uploads\/2026\/04\/unnamed-19-1536x1025.webp 1536w, https:\/\/esreviral.com\/wp-content\/uploads\/2026\/04\/unnamed-19.webp 1600w\" sizes=\"(max-width: 1024px) 100vw, 1024px\" \/><\/figure>\n\n\n\n<p><strong>&nbsp;<\/strong><\/p>\n\n\n\n<p><strong>La Filarm\u00f3nica en la Usina y en el Col\u00f3n<\/strong><\/p>\n\n\n\n<p>Con la direcci\u00f3n del coreano Jongwhi Vakh, la Orquesta Filarm\u00f3nica dar\u00e1 un concierto gratuito en la Usina del Arte (Caffarena 1) el viernes a las 20, con obras de Weber, Mozart y Rossini. Las entradas se podr\u00e1n retirar en la Usina a partir de las 18. Y para celebrar su 80\u00b0 aniversario, la Ciudad lanz\u00f3 \u00abTu barrio al Col\u00f3n: los vecinos podr\u00e1n asistir sin cargo a los ensayos generales en el Teatro Col\u00f3n a partir del 17 de abril. Hay que inscribirse a trav\u00e9s de Boti (+5491150500147, con usuario MiBA). La experiencia dura 75 minutos y podr\u00e1 disfrutarse en ubicaciones privilegiadas como palcos o plateas.<\/p>\n\n\n\n<p><strong>&nbsp;M\u00fasica y ciencia se combinan en el Planetario<\/strong><\/p>\n\n\n\n<p>Bel\u00e9n Pasqualini cuenta la historia de su abuela Christiane, pionera en la investigaci\u00f3n de la leucemia y la primera mujer en integrar la Academia Nacional de Medicina. Su vida, su pasi\u00f3n por la ciencia y su obra se narra a trav\u00e9s de la m\u00fasica en un gran espect\u00e1culo para j\u00f3venes y adultos. Se presenta este viernes y s\u00e1bado a las 20 en el Planetario (Av. Sarmiento s\/n). Las entradas se pueden sacar en la plataforma Entradas BA.<\/p>\n\n\n\n<p><strong>&nbsp;El ballet ib\u00e9rico aterriza en Buenos Aires<\/strong><\/p>\n\n\n\n<p>El Ballet Espa\u00f1ol de la Comunidad de Madrid estrenar\u00e1 en la Sala Mart\u00edn Coronado del Teatro San Mart\u00edn (Av. Corrientes 1530) Viaje al amor brujo, un recorrido que propone un viaje cl\u00e1sico, tradicional y contempor\u00e1neo. Habr\u00e1 cuatro \u00fanicas funciones, entre el jueves y el domingo. Las entradas se pueden sacar en&nbsp;<a href=\"https:\/\/lt.mydplr.com\/4610ac4b57157e4159a464bd48b59144-3523ed1b7c765c2ed4553be6ca72846c\" target=\"_blank\" rel=\"noreferrer noopener\"><u>complejoteatral.gob.ar<\/u><\/a>.<\/p>\n\n\n\n<p class=\"has-text-align-center\"><em><strong><em><strong><em><strong><em><strong><a href=\"https:\/\/t.me\/esreviral\">\u00daNETE A NUESTRO CANAL DE TELEGRAM PARA ESTAR INFORMADO<\/a><\/strong><\/em><\/strong><\/em><\/strong><\/em><\/strong><\/em><\/p>\n\n\n\n<p><strong>Llega \u201cCircuito Outlet\u201d con grandes descuentos<\/strong><\/p>\n\n\n\n<p>Villa Crespo se transformar\u00e1 este s\u00e1bado en un gran centro comercial a cielo abierto con la llegada del Circuito Outlets: desde las 15 y hasta las 20 en el cuadrante de las avenidas Scalabrini Ortiz, C\u00f3rdoba, Juan B. Justo y Corrientes m\u00e1s de 80 locales de indumentaria ofrecer\u00e1n descuentos de hasta el 50%, acompa\u00f1ados por men\u00fas promocionales en gastronom\u00eda, sets de DJ en vivo e intervenciones art\u00edsticas. El objetivo es potenciar la identidad comercial de una zona segura y accesible que combina moda, dise\u00f1o y buena comida.<\/p>\n\n\n\n<p class=\"has-text-align-right\"><em><strong>Prensa GCBA<\/strong>.-<\/em><\/p>\n\n\n\n<p><\/p>\n","protected":false},"excerpt":{"rendered":"<p>Habr\u00e1 una espectacular jornada de circo y danza a\u00e9rea y en el Parque de la Ciudad despegar\u00e1n los globos aerost\u00e1ticos de BA Flota. Adem\u00e1s, la Filarm\u00f3nica se presentar\u00e1 en la Usina del Arte y 35 colectividades desembarcan en el microcentro para celebrar la diversidad.<\/p>\n","protected":false},"author":3,"featured_media":90420,"comment_status":"closed","ping_status":"closed","sticky":false,"template":"","format":"standard","meta":{"jnews-multi-image_gallery":[],"jnews_single_post":{"format":"standard"},"jnews_primary_category":[],"jnews_social_meta":[],"jnews_review":[],"enable_review":"","type":"","name":"","summary":"","brand":"","sku":"","good":[],"bad":[],"score_override":"","override_value":"","rating":[],"price":[],"jnews_override_counter":[],"jnews_post_split":[],"footnotes":""},"categories":[43,58],"tags":[44,2716,45],"class_list":["post-90416","post","type-post","status-publish","format-standard","has-post-thumbnail","hentry","category-actualidad","category-argentina","tag-argentina","tag-fin-de-semana","tag-noticias"],"amp_enabled":true,"_links":{"self":[{"href":"https:\/\/esreviral.com\/index.php?rest_route=\/wp\/v2\/posts\/90416"}],"collection":[{"href":"https:\/\/esreviral.com\/index.php?rest_route=\/wp\/v2\/posts"}],"about":[{"href":"https:\/\/esreviral.com\/index.php?rest_route=\/wp\/v2\/types\/post"}],"author":[{"embeddable":true,"href":"https:\/\/esreviral.com\/index.php?rest_route=\/wp\/v2\/users\/3"}],"replies":[{"embeddable":true,"href":"https:\/\/esreviral.com\/index.php?rest_route=%2Fwp%2Fv2%2Fcomments&post=90416"}],"version-history":[{"count":2,"href":"https:\/\/esreviral.com\/index.php?rest_route=\/wp\/v2\/posts\/90416\/revisions"}],"predecessor-version":[{"id":90454,"href":"https:\/\/esreviral.com\/index.php?rest_route=\/wp\/v2\/posts\/90416\/revisions\/90454"}],"wp:featuredmedia":[{"embeddable":true,"href":"https:\/\/esreviral.com\/index.php?rest_route=\/wp\/v2\/media\/90420"}],"wp:attachment":[{"href":"https:\/\/esreviral.com\/index.php?rest_route=%2Fwp%2Fv2%2Fmedia&parent=90416"}],"wp:term":[{"taxonomy":"category","embeddable":true,"href":"https:\/\/esreviral.com\/index.php?rest_route=%2Fwp%2Fv2%2Fcategories&post=90416"},{"taxonomy":"post_tag","embeddable":true,"href":"https:\/\/esreviral.com\/index.php?rest_route=%2Fwp%2Fv2%2Ftags&post=90416"}],"curies":[{"name":"wp","href":"https:\/\/api.w.org\/{rel}","templated":true}]}}