{"id":90335,"date":"2026-04-10T16:35:12","date_gmt":"2026-04-10T21:35:12","guid":{"rendered":"https:\/\/esreviral.com\/?p=90335"},"modified":"2026-04-10T16:35:13","modified_gmt":"2026-04-10T21:35:13","slug":"aumentan-los-casos-de-intoxicacion-por-monoxido-de-carbono-y-crece-la-alerta-con-la-llegada-del-frio","status":"publish","type":"post","link":"https:\/\/esreviral.com\/?p=90335","title":{"rendered":"Aumentan los casos de intoxicaci\u00f3n por mon\u00f3xido de carbono y crece la alerta con la llegada del fr\u00edo"},"content":{"rendered":"\n<p>La debilidad corporal, las n\u00e1useas y el dolor de cabeza persistente en el hogar son algunos s\u00edntomas cuya causa suele pasar desapercibida. Con la llegada de los primeros d\u00edas fr\u00edos del a\u00f1o, aumenta la alerta por un tipo de intoxicaci\u00f3n que puede derivar en cuadros graves e incluso mortales.<\/p>\n\n\n\n<p>Se trata de la exposici\u00f3n al mon\u00f3xido de carbono, un gas que puede acumularse en los ambientes debido a artefactos en mal estado o a una combusti\u00f3n deficiente. En los \u00faltimos a\u00f1os, y en lo que va de 2026, los casos han aumentado de forma significativa.<\/p>\n\n\n\n<p class=\"has-text-align-center\"><strong><a href=\"https:\/\/chat.whatsapp.com\/KWkTmakY3I05kNdd2oZl6d\"><em>\u00daNETE A NUESTRO GRUPO DE WHATSAPP PARA ESTAR INFORMADO<\/em><\/a><\/strong><\/p>\n\n\n<div class=\"wp-block-image\">\n<figure class=\"aligncenter size-large is-resized\"><img fetchpriority=\"high\" decoding=\"async\" width=\"331\" height=\"1024\" src=\"https:\/\/esreviral.com\/wp-content\/uploads\/2026\/04\/94046-331x1024.webp\" alt=\"\" class=\"wp-image-90339\" style=\"width:401px;height:auto\" srcset=\"https:\/\/esreviral.com\/wp-content\/uploads\/2026\/04\/94046-331x1024.webp 331w, https:\/\/esreviral.com\/wp-content\/uploads\/2026\/04\/94046-97x300.webp 97w, https:\/\/esreviral.com\/wp-content\/uploads\/2026\/04\/94046-768x2376.webp 768w, https:\/\/esreviral.com\/wp-content\/uploads\/2026\/04\/94046-496x1536.webp 496w, https:\/\/esreviral.com\/wp-content\/uploads\/2026\/04\/94046-662x2048.webp 662w, https:\/\/esreviral.com\/wp-content\/uploads\/2026\/04\/94046-scaled.webp 827w\" sizes=\"(max-width: 331px) 100vw, 331px\" \/><\/figure><\/div>\n\n\n<p><\/p>\n\n\n\n<p>El mon\u00f3xido de carbono es un gas inodoro, incoloro, ins\u00edpido y no irritante, generado por una combusti\u00f3n incompleta. \u201c<strong><em>Su car\u00e1cter imperceptible lo convierte en un agente que suele pasar inadvertido<\/em><\/strong>\u201d, advierte el Bolet\u00edn Epidemiol\u00f3gico Nacional (BEN), que registra una tendencia creciente en la cantidad de casos.<\/p>\n\n\n\n<p>Entre 2024 y 2025, los casos en el pa\u00eds pasaron de 1.918 a 1.989, mientras que en 2022 se hab\u00edan registrado 1.281, lo que representa un aumento del 55 % en tres a\u00f1os. El a\u00f1o con mayor cantidad de muertes fue 2023, con 55 fallecimientos.<\/p>\n\n\n\n<p>El incremento es a\u00fan m\u00e1s marcado en algunas jurisdicciones. En la provincia de Buenos Aires, los casos pasaron de 232 en 2022 a 536 en 2025, lo que implica un aumento del 131 %. En la Ciudad de Buenos Aires, el salto fue de 49 a 173 casos en el mismo per\u00edodo, con una suba del 253 %.<\/p>\n\n\n\n<p>Durante las primeras diez semanas de 2026, la tendencia continu\u00f3 al alza, incluso antes del descenso m\u00e1s intenso de las temperaturas. A nivel nacional, se registraban 19 casos a esta altura del a\u00f1o en 2022, mientras que en 2026 ya suman 130.<\/p>\n\n\n\n<p>El informe tambi\u00e9n se\u00f1ala diferencias regionales. A diferencia de la zona central, en la regi\u00f3n patag\u00f3nica se notificaron cuatro veces menos casos en 2026 en comparaci\u00f3n con el mismo per\u00edodo de 2025, con cifras por debajo del promedio de los \u00faltimos a\u00f1os.<\/p>\n\n\n\n<p>En cuanto a la distribuci\u00f3n por edad, el 79 % de los casos corresponde a personas de hasta 39 a\u00f1os de edad, con mayor incidencia en ni\u00f1os y adolescentes.<\/p>\n\n\n\n<p><strong>Los s\u00edntomas pueden incluir debilidad, cansancio, mareos, desmayos, dolor de cabeza, irritabilidad, somnolencia, confusi\u00f3n y, en casos graves, convulsiones, coma o da\u00f1o neurol\u00f3gico<\/strong>. Tambi\u00e9n pueden presentarse manifestaciones gastrointestinales, cardiovasculares y respiratorias, como n\u00e1useas, v\u00f3mitos, palpitaciones o dificultad para respirar.<\/p>\n\n\n\n<p>El Ministerio de Salud vincula el aumento de casos con las bajas temperaturas registradas en 2025, que incrementaron el uso de sistemas de calefacci\u00f3n y, con ello, el riesgo de exposici\u00f3n.<\/p>\n\n\n\n<p class=\"has-text-align-center\"><em><strong><em><strong><em><strong><em><strong><a href=\"https:\/\/t.me\/esreviral\">\u00daNETE A NUESTRO CANAL DE TELEGRAM PARA ESTAR INFORMADO<\/a><\/strong><\/em><\/strong><\/em><\/strong><\/em><\/strong><\/em><\/p>\n\n\n\n<p>Por ello, los especialistas insisten en la importancia de revisar las instalaciones de gas, garantizar el correcto funcionamiento de los artefactos y mantener los ambientes bien ventilados. Adem\u00e1s, recomiendan realizar controles anuales con t\u00e9cnicos certificados, evitar el uso de hornos o cocinas para calefaccionar y utilizar detectores de mon\u00f3xido de carbono.<\/p>\n\n\n\n<p class=\"has-text-align-right\"><strong><em>Con Informaci\u00f3n de Clarin.-<\/em><\/strong><\/p>\n","protected":false},"excerpt":{"rendered":"<p>Fugas de gas por artefactos en mal estado causan dolor de cabeza, debilidad y n\u00e1useas. Consejos para prevenir.<\/p>\n","protected":false},"author":3,"featured_media":90336,"comment_status":"closed","ping_status":"closed","sticky":false,"template":"","format":"standard","meta":{"jnews-multi-image_gallery":[],"jnews_single_post":{"format":"standard"},"jnews_primary_category":[],"jnews_social_meta":[],"jnews_review":[],"enable_review":"","type":"","name":"","summary":"","brand":"","sku":"","good":[],"bad":[],"score_override":"","override_value":"","rating":[],"price":[],"jnews_override_counter":[],"jnews_post_split":[],"footnotes":""},"categories":[43,58],"tags":[44,41423,9558,45],"class_list":["post-90335","post","type-post","status-publish","format-standard","has-post-thumbnail","hentry","category-actualidad","category-argentina","tag-argentina","tag-fugas-de-gas","tag-monoxido-de-carbono-2","tag-noticias"],"amp_enabled":true,"_links":{"self":[{"href":"https:\/\/esreviral.com\/index.php?rest_route=\/wp\/v2\/posts\/90335"}],"collection":[{"href":"https:\/\/esreviral.com\/index.php?rest_route=\/wp\/v2\/posts"}],"about":[{"href":"https:\/\/esreviral.com\/index.php?rest_route=\/wp\/v2\/types\/post"}],"author":[{"embeddable":true,"href":"https:\/\/esreviral.com\/index.php?rest_route=\/wp\/v2\/users\/3"}],"replies":[{"embeddable":true,"href":"https:\/\/esreviral.com\/index.php?rest_route=%2Fwp%2Fv2%2Fcomments&post=90335"}],"version-history":[{"count":2,"href":"https:\/\/esreviral.com\/index.php?rest_route=\/wp\/v2\/posts\/90335\/revisions"}],"predecessor-version":[{"id":90340,"href":"https:\/\/esreviral.com\/index.php?rest_route=\/wp\/v2\/posts\/90335\/revisions\/90340"}],"wp:featuredmedia":[{"embeddable":true,"href":"https:\/\/esreviral.com\/index.php?rest_route=\/wp\/v2\/media\/90336"}],"wp:attachment":[{"href":"https:\/\/esreviral.com\/index.php?rest_route=%2Fwp%2Fv2%2Fmedia&parent=90335"}],"wp:term":[{"taxonomy":"category","embeddable":true,"href":"https:\/\/esreviral.com\/index.php?rest_route=%2Fwp%2Fv2%2Fcategories&post=90335"},{"taxonomy":"post_tag","embeddable":true,"href":"https:\/\/esreviral.com\/index.php?rest_route=%2Fwp%2Fv2%2Ftags&post=90335"}],"curies":[{"name":"wp","href":"https:\/\/api.w.org\/{rel}","templated":true}]}}