{"id":90319,"date":"2026-04-08T11:58:44","date_gmt":"2026-04-08T16:58:44","guid":{"rendered":"https:\/\/esreviral.com\/?p=90319"},"modified":"2026-04-08T12:00:51","modified_gmt":"2026-04-08T17:00:51","slug":"las-escuelas-de-una-provincia-argentina-sancionaran-a-los-padres-por-casos-de-bullying","status":"publish","type":"post","link":"https:\/\/esreviral.com\/?p=90319","title":{"rendered":"Las escuelas de una provincia argentina sancionar\u00e1n a los padres por casos de bullying"},"content":{"rendered":"\n<p>La C\u00e1mara de Diputados de Salta aprob\u00f3 una reforma al C\u00f3digo Contravencional que incorpora la figura del acoso escolar (bullying) y establece sanciones para los padres o tutores de estudiantes que incurran en estas conductas. La iniciativa es similar a otra que ya cuenta con media sanci\u00f3n en Mendoza.<\/p>\n\n\n\n<p>La normativa busca que los adultos responsables asuman un rol activo en la prevenci\u00f3n de la violencia escolar y respondan por las conductas de sus hijos. Seg\u00fan public\u00f3 el portal El Tribuno, la modificaci\u00f3n prev\u00e9 sanciones de hasta 30 d\u00edas de arresto o multas para los tutores que no atiendan las notificaciones por casos de acoso escolar y no logren modificar la conducta del menor.<\/p>\n\n\n\n<p class=\"has-text-align-center\"><strong><a href=\"https:\/\/chat.whatsapp.com\/KWkTmakY3I05kNdd2oZl6d\"><em>\u00daNETE A NUESTRO GRUPO DE WHATSAPP PARA ESTAR INFORMADO<\/em><\/a><\/strong><\/p>\n\n\n\n<p>Antes de cualquier medida de detenci\u00f3n, los responsables deber\u00e1n comparecer ante un juez contravencional, quien podr\u00e1 sustituir la pena de arresto por multas, trabajos comunitarios o tratamientos psicol\u00f3gicos.<\/p>\n\n\n\n<p>El objetivo de la reforma es reforzar la responsabilidad de los adultos a cargo de menores, en l\u00ednea con los principios de la Convenci\u00f3n sobre los Derechos del Ni\u00f1o.<\/p>\n\n\n\n<p>El proyecto fue impulsado por la senadora Bettina Navarro y sum\u00f3 aportes de distintas iniciativas antes de su aprobaci\u00f3n en Diputados. Ahora resta su promulgaci\u00f3n por parte del gobernador Gustavo S\u00e1enz.<\/p>\n\n\n\n<p>La diputada Socorro Villamayor se\u00f1al\u00f3 que \u201clos padres son reticentes a asistir a los establecimientos educativos cuando son citados o notificados\u201d.<\/p>\n\n\n\n<h3 class=\"wp-block-heading\"><strong><mark style=\"background-color:rgba(0, 0, 0, 0)\" class=\"has-inline-color has-vivid-red-color\">Situaci\u00f3n en Mendoza<\/mark><\/strong><\/h3>\n\n\n\n<p>En paralelo, Mendoza ya cuenta con media sanci\u00f3n de una reforma similar a su C\u00f3digo Contravencional, impulsada ante el aumento de denuncias por intimidaciones f\u00edsicas, psicol\u00f3gicas y verbales entre estudiantes.<\/p>\n\n\n\n<p>La propuesta establece sanciones para los padres que no acompa\u00f1en a sus hijos en la correcci\u00f3n de conductas violentas, con trabajos comunitarios de hasta 50 d\u00edas y multas de hasta $2.000.000.<\/p>\n\n\n\n<p>Tambi\u00e9n contempla instancias de mediaci\u00f3n y talleres de parentalidad como herramientas para prevenir la reincidencia.<\/p>\n\n\n\n<p class=\"has-text-align-center\"><em><strong><em><strong><em><strong><em><strong><a href=\"https:\/\/t.me\/esreviral\">\u00daNETE A NUESTRO CANAL DE TELEGRAM PARA ESTAR INFORMADO<\/a><\/strong><\/em><\/strong><\/em><\/strong><\/em><\/strong><\/em><\/p>\n\n\n\n<p>En caso de reiteraci\u00f3n de conductas de acoso escolar, el juez podr\u00e1 duplicar las sanciones y exigir la asistencia obligatoria a talleres o terapias familiares. Adem\u00e1s, el texto prev\u00e9 criterios de gravedad y circuitos de derivaci\u00f3n a equipos t\u00e9cnicos, organismos de protecci\u00f3n de derechos y la Justicia, seg\u00fan corresponda.<\/p>\n\n\n\n<p class=\"has-text-align-right\"><strong><em>Con Informaci\u00f3n de LN.-<\/em><\/strong><\/p>\n","protected":false},"excerpt":{"rendered":"<p>La legislatura aprob\u00f3 la normativa que tambi\u00e9n ya tiene media sanci\u00f3n en la provincia de Mendoza<\/p>\n","protected":false},"author":3,"featured_media":83669,"comment_status":"closed","ping_status":"closed","sticky":false,"template":"","format":"standard","meta":{"jnews-multi-image_gallery":[],"jnews_single_post":{"format":"standard"},"jnews_primary_category":[],"jnews_social_meta":[],"jnews_review":[],"enable_review":"","type":"","name":"","summary":"","brand":"","sku":"","good":[],"bad":[],"score_override":"","override_value":"","rating":[],"price":[],"jnews_override_counter":[],"jnews_post_split":[],"footnotes":""},"categories":[58,61],"tags":[44,5473,45,142],"class_list":["post-90319","post","type-post","status-publish","format-standard","has-post-thumbnail","hentry","category-argentina","category-economia","tag-argentina","tag-bullying","tag-noticias","tag-salta"],"amp_enabled":true,"_links":{"self":[{"href":"https:\/\/esreviral.com\/index.php?rest_route=\/wp\/v2\/posts\/90319"}],"collection":[{"href":"https:\/\/esreviral.com\/index.php?rest_route=\/wp\/v2\/posts"}],"about":[{"href":"https:\/\/esreviral.com\/index.php?rest_route=\/wp\/v2\/types\/post"}],"author":[{"embeddable":true,"href":"https:\/\/esreviral.com\/index.php?rest_route=\/wp\/v2\/users\/3"}],"replies":[{"embeddable":true,"href":"https:\/\/esreviral.com\/index.php?rest_route=%2Fwp%2Fv2%2Fcomments&post=90319"}],"version-history":[{"count":1,"href":"https:\/\/esreviral.com\/index.php?rest_route=\/wp\/v2\/posts\/90319\/revisions"}],"predecessor-version":[{"id":90320,"href":"https:\/\/esreviral.com\/index.php?rest_route=\/wp\/v2\/posts\/90319\/revisions\/90320"}],"wp:featuredmedia":[{"embeddable":true,"href":"https:\/\/esreviral.com\/index.php?rest_route=\/wp\/v2\/media\/83669"}],"wp:attachment":[{"href":"https:\/\/esreviral.com\/index.php?rest_route=%2Fwp%2Fv2%2Fmedia&parent=90319"}],"wp:term":[{"taxonomy":"category","embeddable":true,"href":"https:\/\/esreviral.com\/index.php?rest_route=%2Fwp%2Fv2%2Fcategories&post=90319"},{"taxonomy":"post_tag","embeddable":true,"href":"https:\/\/esreviral.com\/index.php?rest_route=%2Fwp%2Fv2%2Ftags&post=90319"}],"curies":[{"name":"wp","href":"https:\/\/api.w.org\/{rel}","templated":true}]}}