{"id":90316,"date":"2026-04-08T10:50:59","date_gmt":"2026-04-08T15:50:59","guid":{"rendered":"https:\/\/esreviral.com\/?p=90316"},"modified":"2026-04-08T10:51:00","modified_gmt":"2026-04-08T15:51:00","slug":"enfotos-una-vigilia-honro-a-las-victimas-del-jet-set-a-un-ano-de-la-tragedia-en-republica-dominicana","status":"publish","type":"post","link":"https:\/\/esreviral.com\/?p=90316","title":{"rendered":"#EnFotos: una vigilia honr\u00f3 a las v\u00edctimas del Jet Set a un a\u00f1o de la tragedia en Rep\u00fablica Dominicana"},"content":{"rendered":"\n<p>Centenares de familiares y allegados de las 236 v\u00edctimas mortales del colapso del techo de la discoteca Jet Set, en Santo Domingo, conmemoraron la tragedia con una vigilia realizada entre la noche del martes y la madrugada de este mi\u00e9rcoles 8 de abril, coincidiendo con la misma fecha y hora en que ocurri\u00f3 el hecho hace un a\u00f1o.<\/p>\n\n\n\n<p class=\"has-text-align-center\"><strong><a href=\"https:\/\/chat.whatsapp.com\/KWkTmakY3I05kNdd2oZl6d\"><em>\u00daNETE A NUESTRO GRUPO DE WHATSAPP PARA ESTAR INFORMADO<\/em><\/a><\/strong><\/p>\n\n\n\n<figure class=\"wp-block-image size-large\"><img decoding=\"async\" src=\"https:\/\/eldiario.com\/wp-content\/uploads\/2026\/04\/584c7bdb378f00d56684984614b1c06a41021446-1200x795.jpg.webp\" alt=\"\"\/><\/figure>\n\n\n\n<p><\/p>\n\n\n\n<p>Velas, flores y distintos objetos en memoria de las v\u00edctimas fueron colocados frente a las instalaciones del local nocturno, escenario de la tragedia, que se convirti\u00f3 en el punto de encuentro para el homenaje.<\/p>\n\n\n\n<p><strong><em>\u201cEste momento ha sido muy dif\u00edcil, el trauma sigue igual\u201d,<\/em><\/strong> expres\u00f3 Enrique Baes, uno de los sobrevivientes que asisti\u00f3 a la vigilia.<\/p>\n\n\n\n<p>Baes record\u00f3 que aquella noche se encontraba en el lugar junto a un amigo, quien tambi\u00e9n logr\u00f3 sobrevivir. \u201c<strong><em>Cuando el techo se desplom\u00f3, corr\u00ed hacia la salida de emergencia, pero en el camino qued\u00e9 atrapado entre los escombros. Mi amigo tambi\u00e9n estaba atrapado. Nos ayudamos mutuamente hasta poder salir\u201d,<\/em> r<\/strong>elat\u00f3.<\/p>\n\n\n\n<p>A un a\u00f1o del suceso, asegura que las secuelas siguen presentes. \u201c<strong><em>Mi vida no volvi\u00f3 a ser la misma despu\u00e9s de ese momento\u201d, <\/em><\/strong>afirm\u00f3.<\/p>\n\n\n\n<figure class=\"wp-block-image size-large\"><img decoding=\"async\" src=\"https:\/\/eldiario.com\/wp-content\/uploads\/2026\/04\/447333848288e76059ca3c869cf9aec00f1d1318-1200x800.jpg.webp\" alt=\"\"\/><\/figure>\n\n\n\n<p><\/p>\n\n\n\n<p>Durante la jornada, tambi\u00e9n se elevaron reclamos de justicia. Los asistentes pidieron que se determinen responsabilidades en el caso, en el que el Ministerio P\u00fablico acusa por homicidio involuntario a los propietarios del establecimiento.<\/p>\n\n\n\n<p>La vigilia incluy\u00f3 presentaciones musicales y lecturas religiosas, y cont\u00f3 con la participaci\u00f3n de ciudadanos que, aunque no fueron afectados directamente, acudieron para acompa\u00f1ar a las familias y expresar su solidaridad.<\/p>\n\n\n\n<p>\u201cEs una tragedia muy grande para el pa\u00eds. Estamos aqu\u00ed para exigir justicia y que se apliquen las sanciones correspondientes\u201d, se\u00f1al\u00f3 Nidia Mej\u00eda, una de las asistentes.<\/p>\n\n\n\n<p class=\"has-text-align-center\"><em><strong><em><strong><em><strong><em><strong><a href=\"https:\/\/t.me\/esreviral\">\u00daNETE A NUESTRO CANAL DE TELEGRAM PARA ESTAR INFORMADO<\/a><\/strong><\/em><\/strong><\/em><\/strong><\/em><\/strong><\/em><\/p>\n\n\n\n<p>Los participantes coincidieron en que el acto busca mantener viva la memoria de las v\u00edctimas y reforzar el llamado a que el caso no quede impune.<\/p>\n\n\n<div class=\"wp-block-image\">\n<figure class=\"aligncenter size-large\"><img decoding=\"async\" src=\"https:\/\/eldiario.com\/wp-content\/uploads\/2026\/04\/a9c9b52063684f1cc44b0f053d1962400f67017f-768x512.jpg.webp\" alt=\"\"\/><\/figure><\/div>\n\n\n<p><\/p>\n\n\n\n<p class=\"has-text-align-right\"><strong><em>Con Informaci\u00f3n de ElDiario.-<\/em><\/strong><\/p>\n","protected":false},"excerpt":{"rendered":"<p>Velas, flores y detalles en memoria de quienes perdieron la vida fueron depositados frente a las puertas del local nocturno donde ocurri\u00f3 el accidente, el lugar escogido para esta conmemoraci\u00f3n<\/p>\n","protected":false},"author":3,"featured_media":90317,"comment_status":"closed","ping_status":"closed","sticky":false,"template":"","format":"standard","meta":{"jnews-multi-image_gallery":[],"jnews_single_post":{"format":"standard"},"jnews_primary_category":[],"jnews_social_meta":[],"jnews_review":[],"enable_review":"","type":"","name":"","summary":"","brand":"","sku":"","good":[],"bad":[],"score_override":"","override_value":"","rating":[],"price":[],"jnews_override_counter":[],"jnews_post_split":[],"footnotes":""},"categories":[88,64],"tags":[28213,45,453,423,17197],"class_list":["post-90316","post","type-post","status-publish","format-standard","has-post-thumbnail","hentry","category-internacionales","category-sucesos","tag-jet-set","tag-noticias","tag-republica-dominicana","tag-tragedia","tag-vigilia"],"amp_enabled":true,"_links":{"self":[{"href":"https:\/\/esreviral.com\/index.php?rest_route=\/wp\/v2\/posts\/90316"}],"collection":[{"href":"https:\/\/esreviral.com\/index.php?rest_route=\/wp\/v2\/posts"}],"about":[{"href":"https:\/\/esreviral.com\/index.php?rest_route=\/wp\/v2\/types\/post"}],"author":[{"embeddable":true,"href":"https:\/\/esreviral.com\/index.php?rest_route=\/wp\/v2\/users\/3"}],"replies":[{"embeddable":true,"href":"https:\/\/esreviral.com\/index.php?rest_route=%2Fwp%2Fv2%2Fcomments&post=90316"}],"version-history":[{"count":1,"href":"https:\/\/esreviral.com\/index.php?rest_route=\/wp\/v2\/posts\/90316\/revisions"}],"predecessor-version":[{"id":90318,"href":"https:\/\/esreviral.com\/index.php?rest_route=\/wp\/v2\/posts\/90316\/revisions\/90318"}],"wp:featuredmedia":[{"embeddable":true,"href":"https:\/\/esreviral.com\/index.php?rest_route=\/wp\/v2\/media\/90317"}],"wp:attachment":[{"href":"https:\/\/esreviral.com\/index.php?rest_route=%2Fwp%2Fv2%2Fmedia&parent=90316"}],"wp:term":[{"taxonomy":"category","embeddable":true,"href":"https:\/\/esreviral.com\/index.php?rest_route=%2Fwp%2Fv2%2Fcategories&post=90316"},{"taxonomy":"post_tag","embeddable":true,"href":"https:\/\/esreviral.com\/index.php?rest_route=%2Fwp%2Fv2%2Ftags&post=90316"}],"curies":[{"name":"wp","href":"https:\/\/api.w.org\/{rel}","templated":true}]}}