{"id":90312,"date":"2026-04-08T10:22:07","date_gmt":"2026-04-08T15:22:07","guid":{"rendered":"https:\/\/esreviral.com\/?p=90312"},"modified":"2026-04-08T10:35:47","modified_gmt":"2026-04-08T15:35:47","slug":"alumno-que-mato-a-companero-en-argentina-integraba-red-digital-que-promueve-masacres","status":"publish","type":"post","link":"https:\/\/esreviral.com\/?p=90312","title":{"rendered":"Alumno que mat\u00f3 a compa\u00f1ero en Argentina integraba red digital que promueve masacres"},"content":{"rendered":"\n<p>El Gobierno argentino confirm\u00f3 que el<strong><a href=\"https:\/\/esreviral.com\/?p=89831\" data-type=\"link\" data-id=\"https:\/\/esreviral.com\/?p=89831\"> estudiante que mat\u00f3 a un compa\u00f1ero en un colegio de Santa Fe<\/a><\/strong> formaba parte de una comunidad digital internacional que promueve la violencia y los ataques escolares.<\/p>\n\n\n\n<p>Durante una conferencia de prensa, el gobernador <strong>Maximiliano Pullaro<\/strong>, la ministra de Seguridad Nacional <strong>Alejandra Monteoliva<\/strong> y autoridades de la Polic\u00eda Federal ofrecieron detalles del caso, que fue calificado como \u201cin\u00e9dito\u201d en el pa\u00eds.<\/p>\n\n\n\n<p class=\"has-text-align-center\"><strong><a href=\"https:\/\/chat.whatsapp.com\/KWkTmakY3I05kNdd2oZl6d\"><em>\u00daNETE A NUESTRO GRUPO DE WHATSAPP PARA ESTAR INFORMADO<\/em><\/a><\/strong><\/p>\n\n\n\n<p>Monteoliva explic\u00f3 que, tras la investigaci\u00f3n, se descart\u00f3 que se tratara de un hecho aislado o vinculado al acoso escolar. En cambio, se determin\u00f3 que <strong>el joven integraba una subcultura digital global compuesta en su mayor\u00eda por ni\u00f1os y adolescentes, centrada en la fascinaci\u00f3n por cr\u00edmenes violentos y tiroteos masivos.<\/strong><\/p>\n\n\n\n<p>La ministra indic\u00f3 que estas comunidades virtuales analizan y glorifican asesinatos, y pueden incentivar conductas violentas. <strong>Adem\u00e1s, se\u00f1al\u00f3 que en los \u00faltimos dos a\u00f1os se han identificado al menos 15 casos similares en el pa\u00eds, en conjunto con agencias internacionales.<\/strong><\/p>\n\n\n\n<p>Por su parte, Pullaro asegur\u00f3 que la investigaci\u00f3n permiti\u00f3 establecer que el ataque no respondi\u00f3 a un episodio aislado ni a problemas personales, sino a la influencia de esta red internacional, conocida como TCC (True Crime Community), que promueve la admiraci\u00f3n por hechos violentos.<\/p>\n\n\n\n<p>El mandatario advirti\u00f3 que se trata de un fen\u00f3meno global que trasciende fronteras y que encuentra en internet un espacio de socializaci\u00f3n, lo que representa un nuevo desaf\u00edo para las autoridades, las familias y las instituciones educativas.<\/p>\n\n\n\n<p>El jefe de la Unidad de Investigaci\u00f3n Antiterrorista, Guillermo D\u00edaz, explic\u00f3 que el caso se origin\u00f3 en entornos digitales y luego se traslad\u00f3 al \u00e1mbito real. A partir del an\u00e1lisis de redes sociales y dispositivos electr\u00f3nicos, se logr\u00f3 identificar la vinculaci\u00f3n del atacante con otros menores que participan en estos grupos.<\/p>\n\n\n\n<p>Como parte de la investigaci\u00f3n, se realizaron allanamientos y se incautaron dispositivos tecnol\u00f3gicos, adem\u00e1s de material relacionado con estas comunidades. Tambi\u00e9n fue identificado y detenido otro menor presuntamente vinculado.<\/p>\n\n\n\n<p>D\u00edaz advirti\u00f3 que este tipo de subculturas atraviesa distintas etapas: desde el an\u00e1lisis y difusi\u00f3n de cr\u00edmenes, hasta la imitaci\u00f3n y planificaci\u00f3n de ataques. En algunos casos, incluso se relaciona con movimientos como los denominados \u201cincel\u201d, que promueven discursos de odio y violencia.<\/p>\n\n\n\n<p class=\"has-text-align-center\"><em><strong><em><strong><em><strong><em><strong><a href=\"https:\/\/t.me\/esreviral\">\u00daNETE A NUESTRO CANAL DE TELEGRAM PARA ESTAR INFORMADO<\/a><\/strong><\/em><\/strong><\/em><\/strong><\/em><\/strong><\/em><\/p>\n\n\n\n<p>La causa contin\u00faa en investigaci\u00f3n mientras las autoridades avanzan en el an\u00e1lisis de los dispositivos incautados para esclarecer completamente lo ocurrido.<\/p>\n\n\n\n<p class=\"has-text-align-right\"><strong><em>Con Informaci\u00f3n de TN.-<\/em><\/strong><\/p>\n","protected":false},"excerpt":{"rendered":"<p>El gobernador de la provincia, la ministra de Seguridad Nacional y autoridades de la PFA dieron detalles del hecho.<\/p>\n","protected":false},"author":3,"featured_media":90313,"comment_status":"closed","ping_status":"closed","sticky":false,"template":"","format":"standard","meta":{"jnews-multi-image_gallery":[],"jnews_single_post":{"format":"standard"},"jnews_primary_category":[],"jnews_social_meta":[],"jnews_review":[],"enable_review":"","type":"","name":"","summary":"","brand":"","sku":"","good":[],"bad":[],"score_override":"","override_value":"","rating":[],"price":[],"jnews_override_counter":[],"jnews_post_split":[],"footnotes":""},"categories":[58,64],"tags":[44,41415,2517,45,41413,3076,954],"class_list":["post-90312","post","type-post","status-publish","format-standard","has-post-thumbnail","hentry","category-argentina","category-sucesos","tag-argentina","tag-ataques-escolares","tag-crimen-2","tag-noticias","tag-organizacion","tag-santa-fe","tag-tiroteo"],"amp_enabled":true,"_links":{"self":[{"href":"https:\/\/esreviral.com\/index.php?rest_route=\/wp\/v2\/posts\/90312"}],"collection":[{"href":"https:\/\/esreviral.com\/index.php?rest_route=\/wp\/v2\/posts"}],"about":[{"href":"https:\/\/esreviral.com\/index.php?rest_route=\/wp\/v2\/types\/post"}],"author":[{"embeddable":true,"href":"https:\/\/esreviral.com\/index.php?rest_route=\/wp\/v2\/users\/3"}],"replies":[{"embeddable":true,"href":"https:\/\/esreviral.com\/index.php?rest_route=%2Fwp%2Fv2%2Fcomments&post=90312"}],"version-history":[{"count":2,"href":"https:\/\/esreviral.com\/index.php?rest_route=\/wp\/v2\/posts\/90312\/revisions"}],"predecessor-version":[{"id":90315,"href":"https:\/\/esreviral.com\/index.php?rest_route=\/wp\/v2\/posts\/90312\/revisions\/90315"}],"wp:featuredmedia":[{"embeddable":true,"href":"https:\/\/esreviral.com\/index.php?rest_route=\/wp\/v2\/media\/90313"}],"wp:attachment":[{"href":"https:\/\/esreviral.com\/index.php?rest_route=%2Fwp%2Fv2%2Fmedia&parent=90312"}],"wp:term":[{"taxonomy":"category","embeddable":true,"href":"https:\/\/esreviral.com\/index.php?rest_route=%2Fwp%2Fv2%2Fcategories&post=90312"},{"taxonomy":"post_tag","embeddable":true,"href":"https:\/\/esreviral.com\/index.php?rest_route=%2Fwp%2Fv2%2Ftags&post=90312"}],"curies":[{"name":"wp","href":"https:\/\/api.w.org\/{rel}","templated":true}]}}