{"id":90302,"date":"2026-04-08T08:46:42","date_gmt":"2026-04-08T13:46:42","guid":{"rendered":"https:\/\/esreviral.com\/?p=90302"},"modified":"2026-04-08T10:13:00","modified_gmt":"2026-04-08T15:13:00","slug":"me-sorprendio-savarino-aclaro-la-polemica-con-rondon","status":"publish","type":"post","link":"https:\/\/esreviral.com\/?p=90302","title":{"rendered":"Sin piedad: Mira el video en que Savarino respondi\u00f3 a Salom\u00f3n Rond\u00f3n"},"content":{"rendered":"\n<p>El futbolista venezolano <strong>Jefferson Savarino<\/strong> regres\u00f3 a Venezuela y se pronunci\u00f3 sobre la pol\u00e9mica que protagoniz\u00f3 recientemente con el capit\u00e1n de la Vinotinto, <strong>Salom\u00f3n Rond\u00f3n<\/strong>, tras un cruce en redes sociales.<\/p>\n\n\n\n<p class=\"has-text-align-center\"><strong><a href=\"https:\/\/chat.whatsapp.com\/KWkTmakY3I05kNdd2oZl6d\"><em>\u00daNETE A NUESTRO GRUPO DE WHATSAPP PARA ESTAR INFORMADO<\/em><\/a><\/strong><\/p>\n\n\n\n<blockquote class=\"twitter-tweet\"><p lang=\"es\" dir=\"ltr\">\ud83c\uddfb\ud83c\uddea El futbolista venezolano Jefferson Savarino se refiri\u00f3 a la reciente pol\u00e9mica con el capit\u00e1n de la Vinotinto, Salom\u00f3n Rond\u00f3n, y sus cr\u00edticas con respecto a su ausencia en la pasada convocatoria de la selecci\u00f3n venezolana en marzo. <a href=\"https:\/\/t.co\/Hhnr3gvTTu\">pic.twitter.com\/Hhnr3gvTTu<\/a><\/p>&mdash; ES RE VIRAL (@esreviral) <a href=\"https:\/\/twitter.com\/esreviral\/status\/2041896792531333297?ref_src=twsrc%5Etfw\">April 8, 2026<\/a><\/blockquote> <script async src=\"https:\/\/platform.twitter.com\/widgets.js\" charset=\"utf-8\"><\/script>\n\n\n\n<p><\/p>\n\n\n\n<p>Luego del empate sin goles en su m\u00e1s reciente compromiso, Savarino asegur\u00f3 que las declaraciones de Rond\u00f3n lo tomaron por sorpresa, especialmente por tratarse de un compa\u00f1ero de selecci\u00f3n. El jugador reiter\u00f3 su respeto hacia el delantero y subray\u00f3 que su compromiso con la Vinotinto sigue siendo una prioridad en su carrera.<\/p>\n\n\n\n<p><strong><em>\u201cFue algo que me sorprendi\u00f3, m\u00e1s viniendo de un compa\u00f1ero de selecci\u00f3n. Siempre he respetado a \u2018Salo\u2019 y \u00e9l lo sabe. El compromiso con mi selecci\u00f3n es primordial en mi carrera<\/em><\/strong>\u201d, expres\u00f3.<\/p>\n\n\n\n<p>Asimismo, explic\u00f3 que durante la \u00faltima fecha FIFA present\u00f3 molestias f\u00edsicas, situaci\u00f3n que \u2014seg\u00fan indic\u00f3\u2014 fue informada previamente al cuerpo t\u00e9cnico del combinado nacional.<\/p>\n\n\n\n<p>La controversia se origin\u00f3 a inicios de abril, cuando Rond\u00f3n public\u00f3 un mensaje en redes sociales cuestionando la ausencia de Savarino en la convocatoria, luego de que el mediocampista alegara no estar en condiciones f\u00edsicas, pero posteriormente disputara minutos como titular con su club en Brasil.<\/p>\n\n\n\n<p class=\"has-text-align-center\"><em><strong><em><strong><em><strong><em><strong><a href=\"https:\/\/t.me\/esreviral\">\u00daNETE A NUESTRO CANAL DE TELEGRAM PARA ESTAR INFORMADO<\/a><\/strong><\/em><\/strong><\/em><\/strong><\/em><\/strong><\/em><\/p>\n\n\n\n<p class=\"has-text-align-center\"><strong><em><mark style=\"background-color:rgba(0, 0, 0, 0)\" class=\"has-inline-color has-vivid-red-color\"><a href=\"https:\/\/esreviral.com\/?p=90098\" data-type=\"link\" data-id=\"https:\/\/esreviral.com\/?p=90098\">Lea Tambi\u00e9n: Pol\u00e9mica en la Vinotinto: la esposa de Jefferson Savarino responde a Salom\u00f3n Rond\u00f3n<\/a><\/mark><\/em><\/strong><\/p>\n\n\n\n<p>El episodio gener\u00f3 debate entre aficionados y medios sobre el compromiso de los jugadores con la selecci\u00f3n, y dej\u00f3 en evidencia posibles tensiones internas dentro del grupo.<\/p>\n\n\n\n<p class=\"has-text-align-right\"><strong><em>Con Informaci\u00f3n de diarioversionfinal.com.-<\/em><\/strong><\/p>\n","protected":false},"excerpt":{"rendered":"<p>El jugador reiter\u00f3 su respeto hacia el delantero y subray\u00f3 que su compromiso con la Vinotinto sigue siendo una prioridad en su carrera. Explic\u00f3 que durante la \u00faltima fecha Fifa present\u00f3 molestias f\u00edsicas. La controversia se origin\u00f3 a inicios de abril, cuando Rond\u00f3n public\u00f3 un mensaje en redes sociales cuestionando la ausencia de Savarino en la convocatoria<\/p>\n","protected":false},"author":3,"featured_media":90303,"comment_status":"closed","ping_status":"closed","sticky":false,"template":"","format":"standard","meta":{"jnews-multi-image_gallery":[],"jnews_single_post":{"format":"standard"},"jnews_primary_category":[],"jnews_social_meta":[],"jnews_review":[],"enable_review":"","type":"","name":"","summary":"","brand":"","sku":"","good":[],"bad":[],"score_override":"","override_value":"","rating":[],"price":[],"jnews_override_counter":[],"jnews_post_split":[],"footnotes":""},"categories":[48],"tags":[16627,45,9838,6743,21125,56],"class_list":["post-90302","post","type-post","status-publish","format-standard","has-post-thumbnail","hentry","category-deportes","tag-futbolista-venezolano","tag-noticias","tag-rondon","tag-salomon-rondon","tag-savarino","tag-venezuela"],"amp_enabled":true,"_links":{"self":[{"href":"https:\/\/esreviral.com\/index.php?rest_route=\/wp\/v2\/posts\/90302"}],"collection":[{"href":"https:\/\/esreviral.com\/index.php?rest_route=\/wp\/v2\/posts"}],"about":[{"href":"https:\/\/esreviral.com\/index.php?rest_route=\/wp\/v2\/types\/post"}],"author":[{"embeddable":true,"href":"https:\/\/esreviral.com\/index.php?rest_route=\/wp\/v2\/users\/3"}],"replies":[{"embeddable":true,"href":"https:\/\/esreviral.com\/index.php?rest_route=%2Fwp%2Fv2%2Fcomments&post=90302"}],"version-history":[{"count":2,"href":"https:\/\/esreviral.com\/index.php?rest_route=\/wp\/v2\/posts\/90302\/revisions"}],"predecessor-version":[{"id":90311,"href":"https:\/\/esreviral.com\/index.php?rest_route=\/wp\/v2\/posts\/90302\/revisions\/90311"}],"wp:featuredmedia":[{"embeddable":true,"href":"https:\/\/esreviral.com\/index.php?rest_route=\/wp\/v2\/media\/90303"}],"wp:attachment":[{"href":"https:\/\/esreviral.com\/index.php?rest_route=%2Fwp%2Fv2%2Fmedia&parent=90302"}],"wp:term":[{"taxonomy":"category","embeddable":true,"href":"https:\/\/esreviral.com\/index.php?rest_route=%2Fwp%2Fv2%2Fcategories&post=90302"},{"taxonomy":"post_tag","embeddable":true,"href":"https:\/\/esreviral.com\/index.php?rest_route=%2Fwp%2Fv2%2Ftags&post=90302"}],"curies":[{"name":"wp","href":"https:\/\/api.w.org\/{rel}","templated":true}]}}