{"id":90201,"date":"2026-04-06T14:24:22","date_gmt":"2026-04-06T19:24:22","guid":{"rendered":"https:\/\/esreviral.com\/?p=90201"},"modified":"2026-04-06T15:50:07","modified_gmt":"2026-04-06T20:50:07","slug":"tren-roca-un-hombre-armado-tomo-de-rehen-a-una-pasajera","status":"publish","type":"post","link":"https:\/\/esreviral.com\/?p=90201","title":{"rendered":"Tren Roca: un hombre armado tom\u00f3 de reh\u00e9n a una pasajera"},"content":{"rendered":"\n<p>Un hombre armado fue detenido luego de mantener como reh\u00e9n durante aproximadamente una hora a una pasajera en una formaci\u00f3n del Tren Roca, en la estaci\u00f3n Temperley.<\/p>\n\n\n\n<p>El hecho comenz\u00f3 alrededor de las 15:11, cuando el agresor intentaba escapar de la Polic\u00eda Federal y se desplazaba por el and\u00e9n 2. Al verse acorralado, abord\u00f3 el \u00faltimo vag\u00f3n del tren 3210, donde amenaz\u00f3 a una mujer y exhibi\u00f3 un arma de fuego, lo que oblig\u00f3 a evacuar de inmediato la formaci\u00f3n.<\/p>\n\n\n\n<p class=\"has-text-align-center\"><strong><a href=\"https:\/\/chat.whatsapp.com\/KWkTmakY3I05kNdd2oZl6d\"><em>\u00daNETE A NUESTRO GRUPO DE WHATSAPP PARA ESTAR INFORMADO<\/em><\/a><\/strong><\/p>\n\n\n\n<blockquote class=\"twitter-tweet\"><p lang=\"es\" dir=\"ltr\">Tensi\u00f3n en el Tren Roca: un hombre armado tom\u00f3 de reh\u00e9n a una pasajera <a href=\"https:\/\/t.co\/Zq7UMmnPsc\">pic.twitter.com\/Zq7UMmnPsc<\/a><\/p>&mdash; ES RE VIRAL (@esreviral) <a href=\"https:\/\/twitter.com\/esreviral\/status\/2041234875525607873?ref_src=twsrc%5Etfw\">April 6, 2026<\/a><\/blockquote> <script async src=\"https:\/\/platform.twitter.com\/widgets.js\" charset=\"utf-8\"><\/script>\n\n\n\n<p><\/p>\n\n\n\n<p>Ante la situaci\u00f3n, se despleg\u00f3 un amplio operativo coordinado entre efectivos de la Polic\u00eda Federal Argentina, la Polic\u00eda de la provincia de Buenos Aires y personal de Trenes Argentinos, con el objetivo de liberar a la pasajera.<\/p>\n\n\n\n<p>Luego de que la mujer fuera puesta a salvo, el atacante asegur\u00f3 que ten\u00eda una granada y amenaz\u00f3 con detonarla, permaneciendo atrincherado durante varios minutos mientras negociaba con los agentes.<\/p>\n\n\n\n<p>Finalmente, cerca de las 16:20, el hombre entreg\u00f3 el arma y la granada, y fue detenido. Fue identificado como Jorge Daniel Nicolini, de 50 a\u00f1os.<\/p>\n\n\n\n<p>Fuentes de la Polic\u00eda Federal indicaron que \u201cla situaci\u00f3n fue controlada y el agresor reducido\u201d, y precisaron que no presentaba lesiones visibles.<\/p>\n\n\n\n<p>De acuerdo con la informaci\u00f3n oficial, se le incaut\u00f3 un rev\u00f3lver calibre .22 y una granada de mano. En el lugar intervinieron peritos de la Polic\u00eda Federal y especialistas en explosivos de Lan\u00fas.<\/p>\n\n\n\n<p class=\"has-text-align-center\"><em><strong><em><strong><em><strong><em><strong><a href=\"https:\/\/t.me\/esreviral\">\u00daNETE A NUESTRO CANAL DE TELEGRAM PARA ESTAR INFORMADO<\/a><\/strong><\/em><\/strong><\/em><\/strong><\/em><\/strong><\/em><\/p>\n\n\n\n<p>Tras la inspecci\u00f3n, se determin\u00f3 que se trataba de una granada FMK2 desactivada, sin tren de fuego.<\/p>\n\n\n\n<p>Como consecuencia del operativo, los servicios de los ramales Alejandro Korn y Bosques v\u00eda Temperley estuvieron interrumpidos durante aproximadamente una hora, aunque posteriormente se restablecieron y operan con normalidad.<\/p>\n\n\n\n<p class=\"has-text-align-right\"><strong><em>Con Informaci\u00f3n de TN.-<\/em><\/strong><\/p>\n","protected":false},"excerpt":{"rendered":"<p>Ocurri\u00f3 pasadas las 15 en la estaci\u00f3n Temperley. La formaci\u00f3n fue evacuada y la polic\u00eda trabaja en el lugar.<\/p>\n","protected":false},"author":3,"featured_media":76758,"comment_status":"closed","ping_status":"closed","sticky":false,"template":"","format":"standard","meta":{"jnews-multi-image_gallery":[],"jnews_single_post":{"format":"standard"},"jnews_primary_category":[],"jnews_social_meta":[],"jnews_review":[],"enable_review":"","type":"","name":"","summary":"","brand":"","sku":"","good":[],"bad":[],"score_override":"","override_value":"","rating":[],"price":[],"jnews_override_counter":[],"jnews_post_split":[],"footnotes":""},"categories":[58],"tags":[44,41342,7428,3820],"class_list":["post-90201","post","type-post","status-publish","format-standard","has-post-thumbnail","hentry","category-argentina","tag-argentina","tag-pasajera","tag-policia-federal-argentina-2","tag-tren-roca"],"_links":{"self":[{"href":"https:\/\/esreviral.com\/index.php?rest_route=\/wp\/v2\/posts\/90201","targetHints":{"allow":["GET"]}}],"collection":[{"href":"https:\/\/esreviral.com\/index.php?rest_route=\/wp\/v2\/posts"}],"about":[{"href":"https:\/\/esreviral.com\/index.php?rest_route=\/wp\/v2\/types\/post"}],"author":[{"embeddable":true,"href":"https:\/\/esreviral.com\/index.php?rest_route=\/wp\/v2\/users\/3"}],"replies":[{"embeddable":true,"href":"https:\/\/esreviral.com\/index.php?rest_route=%2Fwp%2Fv2%2Fcomments&post=90201"}],"version-history":[{"count":4,"href":"https:\/\/esreviral.com\/index.php?rest_route=\/wp\/v2\/posts\/90201\/revisions"}],"predecessor-version":[{"id":90206,"href":"https:\/\/esreviral.com\/index.php?rest_route=\/wp\/v2\/posts\/90201\/revisions\/90206"}],"wp:featuredmedia":[{"embeddable":true,"href":"https:\/\/esreviral.com\/index.php?rest_route=\/wp\/v2\/media\/76758"}],"wp:attachment":[{"href":"https:\/\/esreviral.com\/index.php?rest_route=%2Fwp%2Fv2%2Fmedia&parent=90201"}],"wp:term":[{"taxonomy":"category","embeddable":true,"href":"https:\/\/esreviral.com\/index.php?rest_route=%2Fwp%2Fv2%2Fcategories&post=90201"},{"taxonomy":"post_tag","embeddable":true,"href":"https:\/\/esreviral.com\/index.php?rest_route=%2Fwp%2Fv2%2Ftags&post=90201"}],"curies":[{"name":"wp","href":"https:\/\/api.w.org\/{rel}","templated":true}]}}