{"id":90127,"date":"2026-04-04T13:56:26","date_gmt":"2026-04-04T18:56:26","guid":{"rendered":"https:\/\/esreviral.com\/?p=90127"},"modified":"2026-04-04T14:15:32","modified_gmt":"2026-04-04T19:15:32","slug":"homenaje-al-cuatro-venezolano-en-buenos-aires-musica-identidad-y-encuentro-en-el-dia-del-cuatro","status":"publish","type":"post","link":"https:\/\/esreviral.com\/?p=90127","title":{"rendered":"Homenaje al cuatro venezolano en Buenos Aires: m\u00fasica, identidad y encuentro en el D\u00eda del Cuatro"},"content":{"rendered":"\n<p><strong><em>KQA.-<\/em><\/strong> En el marco de la celebraci\u00f3n del D\u00eda del Cuatro venezolano, este 4 de abril se realizar\u00e1 en Buenos Aires un homenaje especial al instrumento que representa la identidad musical de Venezuela, con la participaci\u00f3n de artistas migrantes que mantienen viva esta tradici\u00f3n fuera de su pa\u00eds.<\/p>\n\n\n\n<p class=\"has-text-align-center\"><strong><a href=\"https:\/\/chat.whatsapp.com\/KWkTmakY3I05kNdd2oZl6d\"><em>\u00daNETE A NUESTRO GRUPO DE WHATSAPP PARA ESTAR INFORMADO<\/em><\/a><\/strong><\/p>\n\n\n\n<p>Uno de los protagonistas del evento es el <strong>m\u00fasico venezolano Rafael G Matos A<\/strong>, de 37 a\u00f1os de edad, residenciado en el barrio de Caballito, quien emigr\u00f3 hace nueve a\u00f1os desde Caracas, ciudad donde vivi\u00f3 gran parte de su vida tras pasar su infancia en Cagua, estado Aragua, Venezuela.<\/p>\n\n\n\n<p>Su v\u00ednculo con el cuatro comenz\u00f3 desde temprana edad, influenciado por la m\u00fasica tradicional venezolana que escuchaba en su hogar. \u201c<strong><em>Todos los mediod\u00edas sonaba un programa de radio llamado \u2018Venezolanos en la cima\u2019. A los 11 a\u00f1os ped\u00ed un cuatro prestado y empec\u00e9 a tomar clases hasta que me regalaron uno\u201d,<\/em><\/strong> record\u00f3.<\/p>\n\n\n\n<p>Actualmente, el instrumento representa mucho m\u00e1s que m\u00fasica. <strong><em>\u201cEs mi conexi\u00f3n m\u00e1s directa con Venezuela, con mis recuerdos y con lo que puedo expresar a la distancia. Es ra\u00edces, encuentro y tambi\u00e9n universalidad\u201d, e<\/em><\/strong>xplic\u00f3.<\/p>\n\n\n\n<p>En Argentina, su camino con el cuatro tuvo una pausa inicial. Migr\u00f3 sin el instrumento, pero a\u00f1os despu\u00e9s un amigo se lo llev\u00f3 desde Venezuela. Ese momento marc\u00f3 un punto de inflexi\u00f3n. \u201c<strong><em>Ah\u00ed ocurri\u00f3 una especie de magia: comenc\u00e9 a conectar con otros cuatristas y surgieron proyectos\u201d, cont\u00f3.<\/em><\/strong><\/p>\n\n\n\n<p>Uno de ellos es <strong>4Kap\u00fcy<\/strong>, una productora audiovisual integrada por artistas latinoamericanos radicados en Buenos Aires, provenientes de pa\u00edses como Venezuela, Colombia, Bolivia y M\u00e9xico. Este colectivo est\u00e1 detr\u00e1s del proyecto \u201c4 de Calle\u201d, as\u00ed como de la organizaci\u00f3n del evento de este 4 de abril.<\/p>\n\n\n\n<p>La celebraci\u00f3n se realizar\u00e1 con el apoyo de la Fundaci\u00f3n para la Integraci\u00f3n Cultural (FICU) y<strong> comenzar\u00e1 a las 15:00 horas. Ser\u00e1 un evento abierto al p\u00fablico y tambi\u00e9n contar\u00e1 con transmisi\u00f3n en vivo a trav\u00e9s de redes sociales.<\/strong><\/p>\n\n\n\n<p>El homenaje reunir\u00e1 a diversos m\u00fasicos, entre ellos <strong><em>Ana Mirabal, Andrea Garc\u00eda, David Bedoya, Emmanuel Herrera y Lia Valeri,<\/em><\/strong> quienes interpretar\u00e1n un repertorio que busca resaltar la versatilidad del cuatro, un instrumento que puede ser ritmo, armon\u00eda, fiesta y poes\u00eda.<\/p>\n\n\n\n<p><strong>Adem\u00e1s, el evento servir\u00e1 como antesala del estreno del segundo cap\u00edtulo de \u201c4 de Calle\u201d, en el que participa el reconocido cuatrista Jorge Glem, ganador del Latin Grammy, quien explora nuevas formas de interpretar el instrumento y su fusi\u00f3n con g\u00e9neros como el bolero y la salsa.<\/strong><\/p>\n\n\n\n<p class=\"has-text-align-center\"><em><strong><em><strong><em><strong><em><strong><a href=\"https:\/\/t.me\/esreviral\">\u00daNETE A NUESTRO CANAL DE TELEGRAM PARA ESTAR INFORMADO<\/a><\/strong><\/em><\/strong><\/em><\/strong><\/em><\/strong><\/em><\/p>\n\n\n\n<p>Para los organizadores, el objetivo principal es generar conexi\u00f3n con el p\u00fablico y acercar el instrumento a nuevas generaciones. \u201c<strong><em>Queremos que m\u00e1s personas se animen a conocerlo y formar parte de esta comunidad de cuatristas que hacemos vida fuera de nuestro pa\u00eds\u201d<\/em><\/strong>, se\u00f1alaron.<\/p>\n\n\n\n<p>Finalmente, el mensaje a los venezolanos en el exterior es claro: mantener vivas sus ra\u00edces mientras comparten su cultura con el mundo.<\/p>\n\n\n\n<p><\/p>\n","protected":false},"excerpt":{"rendered":"<p>El m\u00fasico venezolano Rafael G Matos A, radicado en Buenos Aires, participar\u00e1 en un homenaje por el D\u00eda del Cuatro que reunir\u00e1 a artistas migrantes para celebrar este instrumento como s\u00edmbolo de identidad, cultura y conexi\u00f3n con Venezuela.<\/p>\n","protected":false},"author":3,"featured_media":90131,"comment_status":"closed","ping_status":"closed","sticky":false,"template":"","format":"standard","meta":{"jnews-multi-image_gallery":[],"jnews_single_post":{"format":"standard"},"jnews_primary_category":[],"jnews_social_meta":[],"jnews_review":[],"enable_review":"","type":"","name":"","summary":"","brand":"","sku":"","good":[],"bad":[],"score_override":"","override_value":"","rating":[],"price":[],"jnews_override_counter":[],"jnews_post_split":[],"footnotes":""},"categories":[1142,5892],"tags":[5186,8486,45,67],"class_list":["post-90127","post","type-post","status-publish","format-standard","has-post-thumbnail","hentry","category-musica","category-venezolanos-en-argentina","tag-cuatro-venezolano","tag-dia-del-cuatro","tag-noticias","tag-venezolanos-en-argentina"],"amp_enabled":true,"_links":{"self":[{"href":"https:\/\/esreviral.com\/index.php?rest_route=\/wp\/v2\/posts\/90127"}],"collection":[{"href":"https:\/\/esreviral.com\/index.php?rest_route=\/wp\/v2\/posts"}],"about":[{"href":"https:\/\/esreviral.com\/index.php?rest_route=\/wp\/v2\/types\/post"}],"author":[{"embeddable":true,"href":"https:\/\/esreviral.com\/index.php?rest_route=\/wp\/v2\/users\/3"}],"replies":[{"embeddable":true,"href":"https:\/\/esreviral.com\/index.php?rest_route=%2Fwp%2Fv2%2Fcomments&post=90127"}],"version-history":[{"count":1,"href":"https:\/\/esreviral.com\/index.php?rest_route=\/wp\/v2\/posts\/90127\/revisions"}],"predecessor-version":[{"id":90129,"href":"https:\/\/esreviral.com\/index.php?rest_route=\/wp\/v2\/posts\/90127\/revisions\/90129"}],"wp:featuredmedia":[{"embeddable":true,"href":"https:\/\/esreviral.com\/index.php?rest_route=\/wp\/v2\/media\/90131"}],"wp:attachment":[{"href":"https:\/\/esreviral.com\/index.php?rest_route=%2Fwp%2Fv2%2Fmedia&parent=90127"}],"wp:term":[{"taxonomy":"category","embeddable":true,"href":"https:\/\/esreviral.com\/index.php?rest_route=%2Fwp%2Fv2%2Fcategories&post=90127"},{"taxonomy":"post_tag","embeddable":true,"href":"https:\/\/esreviral.com\/index.php?rest_route=%2Fwp%2Fv2%2Ftags&post=90127"}],"curies":[{"name":"wp","href":"https:\/\/api.w.org\/{rel}","templated":true}]}}